{"id":51442,"date":"2025-04-25T09:45:07","date_gmt":"2025-04-25T09:45:07","guid":{"rendered":"https:\/\/www.europesays.com\/fr\/51442\/"},"modified":"2025-04-25T09:45:07","modified_gmt":"2025-04-25T09:45:07","slug":"montpellier-tours-les-deux-cadors-du-championnat-de-france-se-retrouvent-pour-une-demi-finale-qui-sannonce-exceptionnelle-midi-libre","status":"publish","type":"post","link":"https:\/\/www.europesays.com\/fr\/51442\/","title":{"rendered":"Montpellier-Tours : les deux cadors du championnat de France se retrouvent pour une demi-finale qui s\u2019annonce exceptionnelle &#8211; Midi Libre"},"content":{"rendered":"<ol>\n<li><a href=\"https:\/\/news.google.com\/rss\/articles\/CBMi_wFBVV95cUxQR1Nnc3k5a3piMVpQYnZXUEROWllmUzBfVkk3VG9yWlF6RnpCanJiQXU4M3JPcDBXZlJjdExKekp5VGtLX0gxQTJ5TFctRVExNzZxS0xvOGlGbG1HMEpTUHIwQ09NemtSTW9XU1pzYlhWWThJcUZkc1FKLXRtOXgzTzFNdVRCUnZEdmtMbVQ4eXBKT0lGcjVTNHl5ckxGamFJWlJqVHZITHVGbEVVeXpkWWlWLUx6Mjh3ZUhSeGcxSW9MVVc5Q2lnZ2hRR1Yza0RsVzhuTkh1a0FhRFg0U3FKWWIzejlyLXJKQ3RwOEEwRjktbnhfSTF2VEVxRXFHUVE?oc=5\" target=\"_blank\" rel=\"nofollow noopener\">Montpellier-Tours : les deux cadors du championnat de France se retrouvent pour une demi-finale qui s\u2019annonce exceptionnelle<\/a>&nbsp;&nbsp;Midi Libre<\/li>\n<li><a href=\"https:\/\/news.google.com\/rss\/articles\/CBMi2wFBVV95cUxPQzhFNFRUbEZrSFZiSlN3UmVaRUZfVzRIUzZiQjRjSk1ZVFdha3dWdXZYN19IN2YzWkdsUGhJVlNSOFVkMVdqNFFhWWYtTV8yMFdRQjVYZTBwVXpud1g1cUlTcHpyOWREZmlPWkxLY0VINXVYaGNJYk1aMGNNWnRxenVBeHN2UTI5YUJsUWRobEFxWFROYzBtNDZnd3NOTVQ2THlHekVaQ3kycWxVWHZJRF9qZzNCQno3NVltb2NteXYzRzVpVTVwbEdEUGhaVWZpZWEza2R2MmE0VEE?oc=5\" target=\"_blank\" rel=\"nofollow noopener\">MSL : Palacios et Montpellier, un destin li\u00e9 et une m\u00eame ambition face \u00e0 Tours en demi-finale<\/a>&nbsp;&nbsp;lanouvellerepublique.fr<\/li>\n<li><a href=\"https:\/\/news.google.com\/rss\/articles\/CBMi4gFBVV95cUxOVjlhQjBPZ0VUTFo3M0lKRW1hVXQ4NDRGNi1DbDNWeUdXSTlQQ1IxUEFUTEVfcjF6X21mcEVZLTZjbHFpMzJoLXdsQmF2b0lqaC1sckltcEVVUF9CLW9SQzc3dWV5QXVVNDIzZkt5Q3g3UU5yZUxhaFYyWkRaLWFxd3JuVENEUW96UGs5Z2Y0S0RKRlJZeXBUN1JMaTdZX3hKWkZMQWdHWUZYMVRRdWJKY09McTdrbnhtY1JiV1d0TVNVSEJSbjRKZUJweko5SXNaTXFYaXU0ekoycGRYaTBWTE53?oc=5\" target=\"_blank\" rel=\"nofollow noopener\">Volleyball : Classement du Championnat de France 2024\/2025 &#8211; Marmara Spike League<\/a>&nbsp;&nbsp;Ski-nordique<\/li>\n<li><a href=\"https:\/\/news.google.com\/rss\/articles\/CBMi7wFBVV95cUxNNnA2Vk9CS0Y3WnRfVHVQNHl4dXNpWUtYRzJ4R0Z5X2cwWVBKd1c1dlNwSGhObXBidWhReHpLaWJ4RjdGR3VPYlBuRFg3U2xfZllTU2Frd2I1cDNYN3pNaEpoa1ZnRWpjd0tpYlczdkliNGVyNEV3M3JaNXg3UW5uYzl6djB0ZnE3enQ3UUNwNlhiY1NWckJTcWlNdzdUNjl1UVRWOG5xVlh0bWdDN0RTTEFqNzhDOGJmelhrRk5qMzNxWF9rVDlaeE44RFhOR2J0VmJOZkJnOFBKYVB0WXFVdUJhZjJSZ3l2ZVVVT2l0SQ?oc=5\" target=\"_blank\" rel=\"nofollow noopener\">Marmara SpikeLigue : Pr\u00e9sentation, programme, comment regarder en direct les demi-finales du Championnat de France de volleyball<\/a>&nbsp;&nbsp;Olympics.com<\/li>\n<li><a href=\"https:\/\/news.google.com\/rss\/articles\/CBMib0FVX3lxTFB4UFBlWk4zQzFmQUxYOXFuUW8yLXhkRm9Za1dHd2Fzdl9uQXpzbHZHbFlTTXlSU3pFSGw2WVFGblFVdXBmV0t5MGdNY2wzWGpValVmVXcxQnBjWG55TnhxN1ZENEd1eGVWNnRRcUdQUQ?oc=5\" target=\"_blank\" rel=\"nofollow noopener\">Jeux Concours &#8211; MHSC VB \/ Tours (demi-finale 1 des playoffs)<\/a>&nbsp;&nbsp;RTS La radio du Sud<\/li>\n<\/ol>\n","protected":false},"excerpt":{"rendered":"Montpellier-Tours : les deux cadors du championnat de France se retrouvent pour une demi-finale qui s\u2019annonce exceptionnelle&nbsp;&nbsp;Midi Libre&hellip;\n","protected":false},"author":2,"featured_media":1445,"comment_status":"","ping_status":"","sticky":false,"template":"","format":"standard","meta":{"footnotes":""},"categories":[1417],"tags":[1011,27,60,1470,1469],"class_list":{"0":"post-51442","1":"post","2":"type-post","3":"status-publish","4":"format-standard","5":"has-post-thumbnail","7":"category-volley","8":"tag-fr","9":"tag-france","10":"tag-sports","11":"tag-volley","12":"tag-volleyball"},"share_on_mastodon":{"url":"https:\/\/pubeurope.com\/@fr\/114397965435103531","error":""},"_links":{"self":[{"href":"https:\/\/www.europesays.com\/fr\/wp-json\/wp\/v2\/posts\/51442","targetHints":{"allow":["GET"]}}],"collection":[{"href":"https:\/\/www.europesays.com\/fr\/wp-json\/wp\/v2\/posts"}],"about":[{"href":"https:\/\/www.europesays.com\/fr\/wp-json\/wp\/v2\/types\/post"}],"author":[{"embeddable":true,"href":"https:\/\/www.europesays.com\/fr\/wp-json\/wp\/v2\/users\/2"}],"replies":[{"embeddable":true,"href":"https:\/\/www.europesays.com\/fr\/wp-json\/wp\/v2\/comments?post=51442"}],"version-history":[{"count":0,"href":"https:\/\/www.europesays.com\/fr\/wp-json\/wp\/v2\/posts\/51442\/revisions"}],"wp:featuredmedia":[{"embeddable":true,"href":"https:\/\/www.europesays.com\/fr\/wp-json\/wp\/v2\/media\/1445"}],"wp:attachment":[{"href":"https:\/\/www.europesays.com\/fr\/wp-json\/wp\/v2\/media?parent=51442"}],"wp:term":[{"taxonomy":"category","embeddable":true,"href":"https:\/\/www.europesays.com\/fr\/wp-json\/wp\/v2\/categories?post=51442"},{"taxonomy":"post_tag","embeddable":true,"href":"https:\/\/www.europesays.com\/fr\/wp-json\/wp\/v2\/tags?post=51442"}],"curies":[{"name":"wp","href":"https:\/\/api.w.org\/{rel}","templated":true}]}}