{"id":514425,"date":"2025-11-05T21:37:13","date_gmt":"2025-11-05T21:37:13","guid":{"rendered":"https:\/\/www.europesays.com\/fr\/514425\/"},"modified":"2025-11-05T21:37:13","modified_gmt":"2025-11-05T21:37:13","slug":"la-nature-au-coeur-des-rendez-vous-de-la-mediatheque-de-cesson-sevigne","status":"publish","type":"post","link":"https:\/\/www.europesays.com\/fr\/514425\/","title":{"rendered":"La nature au c\u0153ur des rendez-vous de la m\u00e9diath\u00e8que de Cesson-S\u00e9vign\u00e9"},"content":{"rendered":"<p><a href=\"https:\/\/rennes.maville.com\/actu\/actudet_-a-cesson-sevigne-une-conference-sur-l-importance-des-arbres-de-petite-taille-_7-7051104_actu.Htm\" target=\"_blank\" rel=\"noopener\">L\u2019ing\u00e9nieur \u00e9cologue Denis P\u00e9pin<\/a> ouvrira le cycle avec une conf\u00e9rence sur la culture des petits arbres fruitiers, le vendredi 7\u00a0novembre 2025, \u00e0 18\u00a0h\u00a030 \u00e0 l\u2019auditorium de <a href=\"https:\/\/rennes.maville.com\/bretagne\/ille-et-vilaine\/cesson-sevigne\/\" target=\"_blank\" rel=\"noopener\">Cesson-S\u00e9vign\u00e9<\/a> (<a href=\"https:\/\/www.ouest-france.fr\/bretagne\/ille-et-vilaine\/\" target=\"_blank\" rel=\"noopener\">Ille-et-Vilaine<\/a>). Il y pr\u00e9sentera une pratique adapt\u00e9e aux petits jardins et aux enjeux de transition climatique ou de r\u00e9duction de l\u2019artificialisation des sols.<\/p>\n<p><strong>Lire aussi\u00a0<\/strong>:<a href=\"https:\/\/brive.maville.com\/actu\/actudet_-qu-est-ce-que-le-nematode-du-pin-qui-menace-la-foret-de-pins-des-landes-_54135-7050809_actu.Htm\" target=\"_blank\" rel=\"noopener\"> Qu\u2019est-ce que le n\u00e9matode du pin, qui menace la for\u00eat de pins des Landes\u00a0?<\/a><\/p>\n<p>Le samedi 8\u00a0novembre, la m\u00e9diath\u00e8que organise une grainoth\u00e8que, une bourse d\u2019\u00e9change de graines. Men\u00e9e avec le concours des associations l\u2019association Cesson Vivre En Harmonie (ACEVEH) et Les jardins partag\u00e9s. Cette initiative permet aux usagers de d\u00e9poser et \u00e9changer des graines, notamment des graines bio.<\/p>\n<p>\u00a0Il sera suivi d\u2019un caf\u00e9 graines, un moment convivial o\u00f9 les participants pourront b\u00e9n\u00e9ficier de l\u2019expertise de l\u2019ACEVEH et \u00e9changer sur l\u2019importance des graines non hybrid\u00e9es pour garantir une production future\u00a0, indique Aur\u00e9lie Corbel, la responsable de la m\u00e9diath\u00e8que.<\/p>\n<p>Sensibiliser \u00e0 la biodiversit\u00e9<\/p>\n<p>Jusqu\u2019au 20\u00a0d\u00e9cembre, le public pourra aussi d\u00e9couvrir l\u2019univers de Claire Malary, une illustratrice install\u00e9e pr\u00e8s de Rennes. L\u2019autrice y pr\u00e9sentera, des planches originales de son ouvrage Circuit court, une bande dessin\u00e9e documentaire consacr\u00e9e \u00e0 la naissance de la premi\u00e8re association pour le maintien de l\u2019agriculture paysanne en France. \u00a0Ses albums entretiennent toujours un lien fort avec l\u2019\u00e9cologie et le vivant\u00a0, souligne Aur\u00e9lie Corbel.<\/p>\n<p>Le 22\u00a0novembre, l\u2019artiste viendra \u00e0 la rencontre des habitants avec en matin\u00e9e un \u00e9change convivial sur son parcours et son processus cr\u00e9atif et l\u2019apr\u00e8s-midi, un atelier d\u2019illustration \u00e0 l\u2019aquarelle.<\/p>\n<p><strong>Lire aussi\u00a0:<\/strong> <a href=\"https:\/\/guingamp.maville.com\/actu\/actudet_--seul-on-n-y-arrivera-pas-cette-reserve-du-centre-bretagne-souffre-du-changement-climatique-_5-7049801_actu.Htm\" target=\"_blank\" rel=\"noopener\">\u00ab\u00a0Seul, on n\u2019y arrivera pas\u00a0\u00bb\u00a0: cette r\u00e9serve du Centre-Bretagne souffre du changement climatique<\/a><\/p>\n<p>La m\u00e9diath\u00e8que accueille aussi en r\u00e9sidence d\u2019\u00e9criture, Marie-Laure Cloarec de la compagnie A vue de nez, qui travaille sur le lien entre l\u2019humain et la nature. Son projet, intitul\u00e9 Courir avec mes s\u0153urs racines, s\u2019inscrit dans une r\u00e9flexion autour de la nature et du vivant. Un atelier d\u2019\u00e9criture sera organis\u00e9 le 25\u00a0novembre, offrant aux participants l\u2019opportunit\u00e9 d\u2019explorer cette th\u00e9matique \u00e0 travers l\u2019\u00e9criture.<\/p>\n<p>Le 14\u00a0novembre, un atelier de cyanotypie fera d\u00e9couvrir au public, une technique ancienne, qui utilise l\u2019empreinte de v\u00e9g\u00e9taux sur des supports photosensibles. Elle permet de r\u00e9aliser des photographies \u00e0 partir d\u2019\u00e9l\u00e9ments naturels. \u00a0Cet atelier sera anim\u00e9 par un membre de l\u2019\u00e9quipe de la m\u00e9diath\u00e8que et sera l\u2019occasion d\u2019explorer l\u2019art de la photographie v\u00e9g\u00e9tale\u00a0, explique la m\u00e9diath\u00e9caire.<\/p>\n<p>Horaires d\u00e9taill\u00e9s et modalit\u00e9s sur <a href=\"https:\/\/www.mediatheque-cesson-sevigne.fr\/\" target=\"_blank\" rel=\"noopener\">www.mediatheque-cesson-sevigne.fr<\/a><\/p>\n<p>\u00a0<\/p>\n","protected":false},"excerpt":{"rendered":"L\u2019ing\u00e9nieur \u00e9cologue Denis P\u00e9pin ouvrira le cycle avec une conf\u00e9rence sur la culture des petits arbres fruitiers, le&hellip;\n","protected":false},"author":2,"featured_media":514426,"comment_status":"","ping_status":"","sticky":false,"template":"","format":"standard","meta":{"footnotes":""},"categories":[2821],"tags":[1111,11,829,4099,1777,674,1011,27,16582,2742,12,3086,12407,584,25,11489],"class_list":{"0":"post-514425","1":"post","2":"type-post","3":"status-publish","4":"format-standard","5":"has-post-thumbnail","7":"category-rennes","8":"tag-actu","9":"tag-actualites","10":"tag-bretagne","11":"tag-cesson-sevigne","12":"tag-eu","13":"tag-europe","14":"tag-fr","15":"tag-france","16":"tag-mediatheque","17":"tag-nature","18":"tag-news","19":"tag-redon","20":"tag-rendez-vous","21":"tag-rennes","22":"tag-republique-francaise","23":"tag-ur"},"share_on_mastodon":{"url":"https:\/\/pubeurope.com\/@fr\/115499253636168583","error":""},"_links":{"self":[{"href":"https:\/\/www.europesays.com\/fr\/wp-json\/wp\/v2\/posts\/514425","targetHints":{"allow":["GET"]}}],"collection":[{"href":"https:\/\/www.europesays.com\/fr\/wp-json\/wp\/v2\/posts"}],"about":[{"href":"https:\/\/www.europesays.com\/fr\/wp-json\/wp\/v2\/types\/post"}],"author":[{"embeddable":true,"href":"https:\/\/www.europesays.com\/fr\/wp-json\/wp\/v2\/users\/2"}],"replies":[{"embeddable":true,"href":"https:\/\/www.europesays.com\/fr\/wp-json\/wp\/v2\/comments?post=514425"}],"version-history":[{"count":0,"href":"https:\/\/www.europesays.com\/fr\/wp-json\/wp\/v2\/posts\/514425\/revisions"}],"wp:featuredmedia":[{"embeddable":true,"href":"https:\/\/www.europesays.com\/fr\/wp-json\/wp\/v2\/media\/514426"}],"wp:attachment":[{"href":"https:\/\/www.europesays.com\/fr\/wp-json\/wp\/v2\/media?parent=514425"}],"wp:term":[{"taxonomy":"category","embeddable":true,"href":"https:\/\/www.europesays.com\/fr\/wp-json\/wp\/v2\/categories?post=514425"},{"taxonomy":"post_tag","embeddable":true,"href":"https:\/\/www.europesays.com\/fr\/wp-json\/wp\/v2\/tags?post=514425"}],"curies":[{"name":"wp","href":"https:\/\/api.w.org\/{rel}","templated":true}]}}