{"id":514429,"date":"2025-11-05T21:39:50","date_gmt":"2025-11-05T21:39:50","guid":{"rendered":"https:\/\/www.europesays.com\/fr\/514429\/"},"modified":"2025-11-05T21:39:50","modified_gmt":"2025-11-05T21:39:50","slug":"a-la-krutenau-le-cafe-club-la-kulture-fait-son-grand-retour","status":"publish","type":"post","link":"https:\/\/www.europesays.com\/fr\/514429\/","title":{"rendered":"\u00e0 la Krutenau, le caf\u00e9-club \u00ab La Kulture \u00bb fait son grand retour !"},"content":{"rendered":"<p><strong>\u00c7a y est les ami(e)s, l\u2019embl\u00e9matique caf\u00e9-bar-club La Kulture est de retour, et il revient avec les muscles pour vous jouer de tr\u00e8s, tr\u00e8s bons tours ! On est tr\u00e8s heureux de vous pr\u00e9senter la version 2.0 de ce totem des nuits strasbourgeoises qui d\u00e9barque \u00e0 nouveau dans nos vies, avec un nouveau pedigree, et un programme bien rempli.<\/strong><\/p>\n<p>\u00c0 l\u2019\u00e9t\u00e9 2024, les Strasbourgeois(es) apprenaient la fermeture de La Kulture, <strong>un lieu de musique et de f\u00eate<\/strong>, brut et sans complexe,<strong> qui ber\u00e7ait jadis nos nuits.<\/strong><\/p>\n<p>Aujourd\u2019hui, apr\u00e8s de longs mois de travaux, <strong>La Kulture revient avec panache dans sa version 2.0<\/strong>, boost\u00e9e de caf\u00e9ine et de grosse sono, <strong>pour proposer de belles nouveaut\u00e9s musicales et culturelles<\/strong>, sans d\u00e9naturer son esprit originel.<\/p>\n<p>                <img width=\"375\" height=\"500\" src=\"https:\/\/www.europesays.com\/fr\/wp-content\/uploads\/2025\/11\/la-kulture-img-5011-375x500.jpeg\" class=\"attachment-gallery size-gallery\" alt=\"La Kulture IMG_5011\" data-full-url=\"https:\/\/pokaa.fr\/wp-content\/uploads\/2025\/10\/31\/la-kulture-img-5011.jpeg\" decoding=\"async\" loading=\"lazy\"  \/>            <\/p>\n<p>                <img width=\"375\" height=\"500\" src=\"https:\/\/www.europesays.com\/fr\/wp-content\/uploads\/2025\/11\/la-kulture-img-4961-3-375x500.jpeg\" class=\"attachment-gallery size-gallery\" alt=\"La Kulture IMG_4961 3\" data-full-url=\"https:\/\/pokaa.fr\/wp-content\/uploads\/2025\/10\/31\/la-kulture-img-4961-3.jpeg\" decoding=\"async\" loading=\"lazy\"  \/>            <\/p>\n<p>                <img width=\"375\" height=\"500\" src=\"https:\/\/www.europesays.com\/fr\/wp-content\/uploads\/2025\/11\/la-kulture-img-4941-375x500.jpeg\" class=\"attachment-gallery size-gallery\" alt=\"La Kulture IMG_4941\" data-full-url=\"https:\/\/pokaa.fr\/wp-content\/uploads\/2025\/10\/31\/la-kulture-img-4941.jpeg\" decoding=\"async\" loading=\"lazy\"  \/>            <\/p>\n<p>                <img width=\"375\" height=\"500\" src=\"https:\/\/www.europesays.com\/fr\/wp-content\/uploads\/2025\/11\/la-kulture-img-4965-375x500.jpeg\" class=\"attachment-gallery size-gallery\" alt=\"La Kulture IMG_4965\" data-full-url=\"https:\/\/pokaa.fr\/wp-content\/uploads\/2025\/10\/31\/la-kulture-img-4965.jpeg\" decoding=\"async\" loading=\"lazy\"  \/>            <\/p>\n<p>                <img width=\"667\" height=\"500\" src=\"https:\/\/www.europesays.com\/fr\/wp-content\/uploads\/2025\/11\/photos-kulture-samy-jour-clubimg-0082-667x500.jpeg\" class=\"attachment-gallery size-gallery\" alt=\"photos Kulture Samy jour clubIMG_0082\" data-full-url=\"https:\/\/pokaa.fr\/wp-content\/uploads\/2025\/11\/05\/photos-kulture-samy-jour-clubimg-0082.jpeg\" decoding=\"async\" loading=\"lazy\"  \/>            <\/p>\n<p>                    1. \u00e0 4. \u00a9 Bastien Pietronave \/ Pokaa ; 5. \u00a9 Samy Compion \/ Pokaa<\/p>\n<p>Avis \u00e0 <strong>celles et ceux qui ont laiss\u00e9 leur signature dans la cage d\u2019escalier,<\/strong>\u00a0\u00e0 vous qui avez dans\u00e9 dans le caveau moite les soirs d\u2019\u00e9t\u00e9 : <strong>il se pourrait bien que ce nouveau lieu de vie<\/strong>, de f\u00eate et de rencontres, <strong>vous laisse sur les l\u00e8vres, un go\u00fbt de reviens-y.<\/strong><\/p>\n<p>                <img width=\"667\" height=\"500\" src=\"https:\/\/www.europesays.com\/fr\/wp-content\/uploads\/2025\/11\/photos-kulture-samy-jour-clubimg-0057-667x500.jpeg\" class=\"attachment-gallery size-gallery\" alt=\"photos Kulture Samy jour clubIMG_0057\" data-full-url=\"https:\/\/pokaa.fr\/wp-content\/uploads\/2025\/11\/05\/photos-kulture-samy-jour-clubimg-0057.jpeg\" decoding=\"async\" loading=\"lazy\"  \/>            <\/p>\n<p>                <img width=\"375\" height=\"500\" src=\"https:\/\/www.europesays.com\/fr\/wp-content\/uploads\/2025\/11\/la-kulture-img-4987-375x500.jpeg\" class=\"attachment-gallery size-gallery\" alt=\"La Kulture IMG_4987\" data-full-url=\"https:\/\/pokaa.fr\/wp-content\/uploads\/2025\/10\/31\/la-kulture-img-4987.jpeg\" decoding=\"async\" loading=\"lazy\"  \/>            <\/p>\n<p>                <img width=\"375\" height=\"500\" src=\"https:\/\/www.europesays.com\/fr\/wp-content\/uploads\/2025\/11\/la-kulture-img-4990-375x500.jpeg\" class=\"attachment-gallery size-gallery\" alt=\"La Kulture IMG_4990\" data-full-url=\"https:\/\/pokaa.fr\/wp-content\/uploads\/2025\/10\/31\/la-kulture-img-4990.jpeg\" decoding=\"async\" loading=\"lazy\"  \/>            <\/p>\n<p>                <img width=\"375\" height=\"500\" src=\"https:\/\/www.europesays.com\/fr\/wp-content\/uploads\/2025\/11\/la-kulture-img-4955-2-375x500.jpeg\" class=\"attachment-gallery size-gallery\" alt=\"La Kulture IMG_4955 2\" data-full-url=\"https:\/\/pokaa.fr\/wp-content\/uploads\/2025\/10\/31\/la-kulture-img-4955-2.jpeg\" decoding=\"async\" loading=\"lazy\"  \/>            <\/p>\n<p>                <img width=\"375\" height=\"500\" src=\"https:\/\/www.europesays.com\/fr\/wp-content\/uploads\/2025\/11\/la-kulture-img-4945-375x500.jpeg\" class=\"attachment-gallery size-gallery\" alt=\"La Kulture IMG_4945\" data-full-url=\"https:\/\/pokaa.fr\/wp-content\/uploads\/2025\/10\/31\/la-kulture-img-4945.jpeg\" decoding=\"async\" loading=\"lazy\"  \/>            <\/p>\n<p>                    1. \u00a9 Samy Compion \/ Pokaa ; 2. \u00e0 5. \u00a9 Bastien Pietronave \/ Pokaa<\/p>\n<p>Un lieu de vie le jour, un lieu de culture et de f\u00eate la nuit<\/p>\n<p>La Kulture revient enfin, <strong>toute belle et toute neuve<\/strong> ! Le \u00ab\u00a0conteneur\u00a0\u00bb est toujours l\u00e0, le petit sas \u00e0 l\u2019entr\u00e9e aussi,<strong> mais le fumoir a disparu et le sol ne colle plus.<\/strong><\/p>\n<p>En fait,<strong> tous les \u00ab d\u00e9fauts \u00bb de La Kulture version b\u00eata ont \u00e9t\u00e9 r\u00e9gl\u00e9s<\/strong> pour laisser place \u00e0 un lieu lumineux, rempli de bonnes ondes, <strong>qui accueille d\u00e9sormais les Strasbourgeois(es) 7 jours sur 7, de 8h du matin et jusqu\u2019\u00e0 1h30.<\/strong><\/p>\n<p>Cette ouverture en continu, du lever du jour jusqu\u2019\u00e0 tard dans la nuit,<strong> permet \u00e0 ce spot central d\u2019afficher plusieurs visages en fonction des heures qui passent.<\/strong><\/p>\n<p>                <img width=\"375\" height=\"500\" src=\"https:\/\/www.europesays.com\/fr\/wp-content\/uploads\/2025\/11\/la-kulture-img-4963-375x500.jpeg\" class=\"attachment-gallery size-gallery\" alt=\"La Kulture IMG_4963\" data-full-url=\"https:\/\/pokaa.fr\/wp-content\/uploads\/2025\/10\/31\/la-kulture-img-4963.jpeg\" decoding=\"async\" loading=\"lazy\"  \/>            <\/p>\n<p>                <img width=\"375\" height=\"500\" src=\"https:\/\/www.europesays.com\/fr\/wp-content\/uploads\/2025\/11\/la-kulture-img-4926-2-375x500.jpeg\" class=\"attachment-gallery size-gallery\" alt=\"La Kulture IMG_4926 2\" data-full-url=\"https:\/\/pokaa.fr\/wp-content\/uploads\/2025\/10\/31\/la-kulture-img-4926-2.jpeg\" decoding=\"async\" loading=\"lazy\"  \/>            <\/p>\n<p>                <img width=\"375\" height=\"500\" src=\"https:\/\/www.europesays.com\/fr\/wp-content\/uploads\/2025\/11\/la-kulture-img-5027-2-375x500.jpeg\" class=\"attachment-gallery size-gallery\" alt=\"La Kulture IMG_5027 2\" data-full-url=\"https:\/\/pokaa.fr\/wp-content\/uploads\/2025\/10\/31\/la-kulture-img-5027-2.jpeg\" decoding=\"async\" loading=\"lazy\"  \/>            <\/p>\n<p>                <img width=\"667\" height=\"500\" src=\"https:\/\/www.europesays.com\/fr\/wp-content\/uploads\/2025\/11\/photos-kulture-samy-jour-clubimg-0072-667x500.jpeg\" class=\"attachment-gallery size-gallery\" alt=\"photos Kulture Samy jour clubIMG_0072\" data-full-url=\"https:\/\/pokaa.fr\/wp-content\/uploads\/2025\/11\/05\/photos-kulture-samy-jour-clubimg-0072.jpeg\" decoding=\"async\" loading=\"lazy\"  \/>            <\/p>\n<p>                <img width=\"667\" height=\"500\" src=\"https:\/\/www.europesays.com\/fr\/wp-content\/uploads\/2025\/11\/photos-kulture-samy-jour-clubimg-0054-667x500.jpeg\" class=\"attachment-gallery size-gallery\" alt=\"photos Kulture Samy jour clubIMG_0054\" data-full-url=\"https:\/\/pokaa.fr\/wp-content\/uploads\/2025\/11\/05\/photos-kulture-samy-jour-clubimg-0054.jpeg\" decoding=\"async\" loading=\"lazy\"  \/>            <\/p>\n<p>                    1. \u00e0 3. \u00a9 Bastien Pietronave \/ Pokaa ; 4. 5. \u00a9 Samy Compion \/ Pokaa<\/p>\n<p>Le matin, <strong>on se d\u00e9colle les yeux \u00e0 l\u2019aide des meilleur(e)s baristas de la cit\u00e9.<\/strong><\/p>\n<p>Ils et elles nous font couler <strong>une s\u00e9lection de boissons lact\u00e9es et de caf\u00e9s de sp\u00e9cialit\u00e9 (sign\u00e9s Mokxa) <\/strong>dans le gosier. Par-ci, par-l\u00e0, <strong>des viennoiseries<\/strong> (et bient\u00f4t des p\u00e2tisseries) viennent \u00e9galement s\u2019ajouter au programme des r\u00e9jouissances.<\/p>\n<p>Pour le lunch,<strong> on peut pour l\u2019instant grignoter quelques petites douceurs sal\u00e9es<\/strong>, mais une offre compl\u00e8te,<strong> entre autres \u00e0 base de pizzas<\/strong> (fa\u00e7on D\u00e9troit), devrait voir le jour dans un peu plus d\u2019un mois.<\/p>\n<p>                <img width=\"375\" height=\"500\" src=\"https:\/\/www.europesays.com\/fr\/wp-content\/uploads\/2025\/11\/la-kulture-img-5039-2-375x500.jpeg\" class=\"attachment-gallery size-gallery\" alt=\"La Kulture IMG_5039 2\" data-full-url=\"https:\/\/pokaa.fr\/wp-content\/uploads\/2025\/10\/31\/la-kulture-img-5039-2.jpeg\" decoding=\"async\" loading=\"lazy\"  \/>            <\/p>\n<p>                <img width=\"375\" height=\"500\" src=\"https:\/\/www.europesays.com\/fr\/wp-content\/uploads\/2025\/11\/la-kulture-img-5030-375x500.jpeg\" class=\"attachment-gallery size-gallery\" alt=\"La Kulture IMG_5030\" data-full-url=\"https:\/\/pokaa.fr\/wp-content\/uploads\/2025\/10\/31\/la-kulture-img-5030.jpeg\" decoding=\"async\" loading=\"lazy\"  \/>            <\/p>\n<p>                <img width=\"375\" height=\"500\" src=\"https:\/\/www.europesays.com\/fr\/wp-content\/uploads\/2025\/11\/la-kulture-img-4982-2-375x500.jpeg\" class=\"attachment-gallery size-gallery\" alt=\"La Kulture IMG_4982 2\" data-full-url=\"https:\/\/pokaa.fr\/wp-content\/uploads\/2025\/10\/31\/la-kulture-img-4982-2.jpeg\" decoding=\"async\" loading=\"lazy\"  \/>            <\/p>\n<p>                <img width=\"375\" height=\"500\" src=\"https:\/\/www.europesays.com\/fr\/wp-content\/uploads\/2025\/11\/la-kulture-img-5070-2-375x500.jpeg\" class=\"attachment-gallery size-gallery\" alt=\"La Kulture IMG_5070 2\" data-full-url=\"https:\/\/pokaa.fr\/wp-content\/uploads\/2025\/10\/31\/la-kulture-img-5070-2.jpeg\" decoding=\"async\" loading=\"lazy\"  \/>            <\/p>\n<p>                <img width=\"375\" height=\"500\" src=\"https:\/\/www.europesays.com\/fr\/wp-content\/uploads\/2025\/11\/la-kulture-img-5024-2-375x500.jpeg\" class=\"attachment-gallery size-gallery\" alt=\"La Kulture IMG_5024 2\" data-full-url=\"https:\/\/pokaa.fr\/wp-content\/uploads\/2025\/10\/31\/la-kulture-img-5024-2.jpeg\" decoding=\"async\" loading=\"lazy\"  \/>            <\/p>\n<p>                    \u00a9 Bastien Pietronave \/ Pokaa<\/p>\n<p>L\u2019apr\u00e8s-midi, en plus du caf\u00e9,<strong> on peut venir prendre un ap\u00e9ro timide ou s\u2019envoyer des grandes pintes,<\/strong>\u00a0c\u2019est vous qui voyez. Mais \u00e0 partir de 18h,<strong> les lumi\u00e8res se tamisent, et on passe en mode bar<\/strong>, puis en mode nuit.<\/p>\n<p><strong>L\u2019happy hour court alors de 17h \u00e0 22h<\/strong> (avec pintes \u00e0 5\u20ac et vins \u00e0 3\u20ac), et les shakers commencent \u00e0 balancer <strong>des cocktails de qualit\u00e9 imagin\u00e9s par Sully<\/strong>, le cr\u00e9ateur du bar Le Douanier.<\/p>\n<p>Et pendant que la sc\u00e8ne du bar se joue, int\u00e9riur nuit, <strong>il se passe quelque chose au sous-sol<\/strong>, dans le mythique caveau <strong>o\u00f9 beaucoup <\/strong><strong>ont laiss\u00e9 des points de vie.<\/strong><\/p>\n<p>                <img width=\"375\" height=\"500\" src=\"https:\/\/www.europesays.com\/fr\/wp-content\/uploads\/2025\/11\/la-kulture-img-4949-2-375x500.jpeg\" class=\"attachment-gallery size-gallery\" alt=\"La Kulture IMG_4949 2\" data-full-url=\"https:\/\/pokaa.fr\/wp-content\/uploads\/2025\/10\/31\/la-kulture-img-4949-2.jpeg\" decoding=\"async\" loading=\"lazy\"  \/>            <\/p>\n<p>                <img width=\"375\" height=\"500\" src=\"https:\/\/www.europesays.com\/fr\/wp-content\/uploads\/2025\/11\/la-kulture-img-4995-375x500.jpeg\" class=\"attachment-gallery size-gallery\" alt=\"La Kulture IMG_4995\" data-full-url=\"https:\/\/pokaa.fr\/wp-content\/uploads\/2025\/10\/31\/la-kulture-img-4995.jpeg\" decoding=\"async\" loading=\"lazy\"  \/>            <\/p>\n<p>                <img width=\"375\" height=\"500\" src=\"https:\/\/www.europesays.com\/fr\/wp-content\/uploads\/2025\/11\/la-kulture-img-4934-375x500.jpeg\" class=\"attachment-gallery size-gallery\" alt=\"La Kulture IMG_4934\" data-full-url=\"https:\/\/pokaa.fr\/wp-content\/uploads\/2025\/10\/31\/la-kulture-img-4934.jpeg\" decoding=\"async\" loading=\"lazy\"  \/>            <\/p>\n<p>                <img width=\"375\" height=\"500\" src=\"https:\/\/www.europesays.com\/fr\/wp-content\/uploads\/2025\/11\/photos-kulture-samy-jour-clubimg-0106-375x500.jpeg\" class=\"attachment-gallery size-gallery\" alt=\"photos Kulture Samy jour clubIMG_0106\" data-full-url=\"https:\/\/pokaa.fr\/wp-content\/uploads\/2025\/11\/05\/photos-kulture-samy-jour-clubimg-0106.jpeg\" decoding=\"async\" loading=\"lazy\"  \/>            <\/p>\n<p>                <img width=\"667\" height=\"500\" src=\"https:\/\/www.europesays.com\/fr\/wp-content\/uploads\/2025\/11\/photos-kulture-samy-jour-clubimg-0077-667x500.jpeg\" class=\"attachment-gallery size-gallery\" alt=\"photos Kulture Samy jour clubIMG_0077\" data-full-url=\"https:\/\/pokaa.fr\/wp-content\/uploads\/2025\/11\/05\/photos-kulture-samy-jour-clubimg-0077.jpeg\" decoding=\"async\" loading=\"lazy\"  \/>            <\/p>\n<p>                <img width=\"667\" height=\"500\" src=\"https:\/\/www.europesays.com\/fr\/wp-content\/uploads\/2025\/11\/photos-kulture-samy-jour-clubimg-0069-667x500.jpeg\" class=\"attachment-gallery size-gallery\" alt=\"photos Kulture Samy jour clubIMG_0069\" data-full-url=\"https:\/\/pokaa.fr\/wp-content\/uploads\/2025\/11\/05\/photos-kulture-samy-jour-clubimg-0069.jpeg\" decoding=\"async\" loading=\"lazy\"  \/>            <\/p>\n<p>                    1. \u00e0 3. \u00a9 Bastien Pietronave \/ Pokaa ; 4. \u00e0 6. \u00a9 Samy Compion \/ Pokaa<\/p>\n<p>Un offre culturelle musicale et artistique riche, du lundi au dimanche compris !<\/p>\n<p>Pas besoin de vous faire un dessin,<strong> La Kulture est plus que jamais un lieu vivant<\/strong>, un espace o\u00f9 les Strasbourgeois(es) se croisent <strong>du matin au soir autour d\u2019une bi\u00e8re, d\u2019un caf\u00e9 ou d\u2019une id\u00e9e.<\/strong><\/p>\n<p>Mais La Kulture, et c\u2019est son ADN,<strong> est aussi et surtout un lieu de f\u00eate, d\u2019expressions artistiques, de cr\u00e9ation et d\u2019exp\u00e9rimentations.<\/strong> Et on va le voir, sur ce volet-l\u00e0, l\u2019\u00e9quipe a aussi vu les choses en grand.<\/p>\n<p>\u00c0 terme, <strong>chaque journ\u00e9e ou soir\u00e9e sera ponctu\u00e9e par un \u00e9v\u00e9nement diff\u00e9rent<\/strong>, et le spectre des possibles est tr\u00e8s large,<strong> notamment gr\u00e2ce aux nouveaux \u00e9quipements<\/strong> (dont un sound system maison et des enceintes sign\u00e9es Beyma) qui ont \u00e9t\u00e9 install\u00e9s. <strong>On va pouvoir s\u2019envoyer du d\u00e9cibel les ami(e)s,<\/strong> et tout \u00e7a sans se flinguer les oreilles !<\/p>\n<p>                <img width=\"375\" height=\"500\" src=\"https:\/\/www.europesays.com\/fr\/wp-content\/uploads\/2025\/11\/la-kulture-img-5002-375x500.jpeg\" class=\"attachment-gallery size-gallery\" alt=\"La Kulture IMG_5002\" data-full-url=\"https:\/\/pokaa.fr\/wp-content\/uploads\/2025\/10\/31\/la-kulture-img-5002.jpeg\" decoding=\"async\" loading=\"lazy\"  \/>            <\/p>\n<p>                <img width=\"667\" height=\"500\" src=\"https:\/\/www.europesays.com\/fr\/wp-content\/uploads\/2025\/11\/photos-kulture-samy-jour-clubimg-0093-667x500.jpeg\" class=\"attachment-gallery size-gallery\" alt=\"photos Kulture Samy jour clubIMG_0093\" data-full-url=\"https:\/\/pokaa.fr\/wp-content\/uploads\/2025\/11\/05\/photos-kulture-samy-jour-clubimg-0093.jpeg\" decoding=\"async\" loading=\"lazy\"  \/>            <\/p>\n<p>                <img width=\"667\" height=\"500\" src=\"https:\/\/www.europesays.com\/fr\/wp-content\/uploads\/2025\/11\/photos-kulture-samy-jour-clubimg-0062-667x500.jpeg\" class=\"attachment-gallery size-gallery\" alt=\"photos Kulture Samy jour clubIMG_0062\" data-full-url=\"https:\/\/pokaa.fr\/wp-content\/uploads\/2025\/11\/05\/photos-kulture-samy-jour-clubimg-0062.jpeg\" decoding=\"async\" loading=\"lazy\"  \/>            <\/p>\n<p>                <img width=\"667\" height=\"500\" src=\"https:\/\/www.europesays.com\/fr\/wp-content\/uploads\/2025\/11\/photos-kulture-samy-jour-clubimg-0049-667x500.jpeg\" class=\"attachment-gallery size-gallery\" alt=\"photos Kulture Samy jour clubIMG_0049\" data-full-url=\"https:\/\/pokaa.fr\/wp-content\/uploads\/2025\/11\/05\/photos-kulture-samy-jour-clubimg-0049.jpeg\" decoding=\"async\" loading=\"lazy\"  \/>            <\/p>\n<p>                <img width=\"667\" height=\"500\" src=\"https:\/\/www.europesays.com\/fr\/wp-content\/uploads\/2025\/11\/photos-kulture-samy-jour-clubimg-0045-667x500.jpeg\" class=\"attachment-gallery size-gallery\" alt=\"photos Kulture Samy jour clubIMG_0045\" data-full-url=\"https:\/\/pokaa.fr\/wp-content\/uploads\/2025\/11\/05\/photos-kulture-samy-jour-clubimg-0045.jpeg\" decoding=\"async\" loading=\"lazy\"  \/>            <\/p>\n<p>                    \u00a9 Samy Compion \/ Pokaa<\/p>\n<p>Concerts divers et vari\u00e9s, <strong>DJ sets et lives \u00e9lectroniques<\/strong>, soir\u00e9es autour du hip-hop, de la danse tango ou de la bachata, <strong>vide-greniers, friperies, sessions d\u00e9di\u00e9es au tatouage ou expos :<\/strong> il va y avoir de la vie entre ces murs, et c\u2019est tout simplement r\u00e9jouissant.<\/p>\n<p>D\u2019ailleurs, si vous \u00eates artiste, musicien(ne), exposant(e), cr\u00e9ateur\/trice, <strong>n\u2019h\u00e9sitez pas \u00e0 contacter La Kulture (<a href=\"https:\/\/www.google.com\/url?sa=t&amp;source=web&amp;rct=j&amp;opi=89978449&amp;url=https:\/\/www.instagram.com\/lakulture.v2\/&amp;ved=2ahUKEwi51_mH0s6QAxXjdqQEHSjXOHAQFnoECHMQAQ&amp;usg=AOvVaw092aRKsLPsUIgLc_RNS4cJ\" target=\"_blank\" rel=\"noopener\">via Instagram<\/a>)<\/strong> pour partager vos talents aux Strasbourgeois(es) lors de l\u2019une ou l\u2019autre soir\u00e9e.<\/p>\n<p>                <img width=\"375\" height=\"500\" src=\"https:\/\/www.europesays.com\/fr\/wp-content\/uploads\/2025\/11\/la-kulture-img-5008-2-375x500.jpeg\" class=\"attachment-gallery size-gallery\" alt=\"La Kulture IMG_5008 2\" data-full-url=\"https:\/\/pokaa.fr\/wp-content\/uploads\/2025\/10\/31\/la-kulture-img-5008-2.jpeg\" decoding=\"async\" loading=\"lazy\"  \/>            <\/p>\n<p>                <img width=\"375\" height=\"500\" src=\"https:\/\/www.europesays.com\/fr\/wp-content\/uploads\/2025\/11\/la-kulture-img-4982-2-375x500.jpeg\" class=\"attachment-gallery size-gallery\" alt=\"La Kulture IMG_4982 2\" data-full-url=\"https:\/\/pokaa.fr\/wp-content\/uploads\/2025\/10\/31\/la-kulture-img-4982-2.jpeg\" decoding=\"async\" loading=\"lazy\"  \/>            <\/p>\n<p>                <img width=\"375\" height=\"500\" src=\"https:\/\/www.europesays.com\/fr\/wp-content\/uploads\/2025\/11\/la-kulture-img-4939-2-375x500.jpeg\" class=\"attachment-gallery size-gallery\" alt=\"La Kulture IMG_4939 2\" data-full-url=\"https:\/\/pokaa.fr\/wp-content\/uploads\/2025\/10\/31\/la-kulture-img-4939-2.jpeg\" decoding=\"async\" loading=\"lazy\"  \/>            <\/p>\n<p>                <img width=\"375\" height=\"500\" src=\"https:\/\/www.europesays.com\/fr\/wp-content\/uploads\/2025\/11\/la-kulture-img-4932-2-375x500.jpeg\" class=\"attachment-gallery size-gallery\" alt=\"La Kulture IMG_4932 2\" data-full-url=\"https:\/\/pokaa.fr\/wp-content\/uploads\/2025\/10\/31\/la-kulture-img-4932-2.jpeg\" decoding=\"async\" loading=\"lazy\"  \/>            <\/p>\n<p>                <img width=\"667\" height=\"500\" src=\"https:\/\/www.europesays.com\/fr\/wp-content\/uploads\/2025\/11\/la-kulture-img-4930-2-667x500.jpeg\" class=\"attachment-gallery size-gallery\" alt=\"La Kulture IMG_4930 2\" data-full-url=\"https:\/\/pokaa.fr\/wp-content\/uploads\/2025\/10\/31\/la-kulture-img-4930-2.jpeg\" decoding=\"async\" loading=\"lazy\"  \/>            <\/p>\n<p>                    \u00a9 Bastien Pietronave \/ Pokaa<\/p>\n<p><strong>Plus urbaine, plus cr\u00e9ative<\/strong>, mais aussi ouverte \u00e0 un public plus large qu\u2019auparavant, <strong>La Kulture 2.0 revient avec une vraie proposition<\/strong>, une structure solide, des id\u00e9es, mais aussi <strong>des moyens pour nous rassembler dans un lieu <\/strong>qui, a priori, nous veut du bien.<\/p>\n<p>Bien s\u00fbr, le spot est encore naissant. Tout n\u2019est pas encore fait, <strong>et le lieu continuera d\u2019\u00e9voluer et d\u2019affiner son offre au fil des mois pour devenir<\/strong>, ou redevenir,<strong> l\u2019un des lieux incontournables<\/strong> de la vie culturelle et nocturne strasbourgeoise.<\/p>\n<p>            La Kulture <\/p>\n<p>            Quoi ?<br \/>\n            Caf\u00e9 de sp\u00e9cialit\u00e9 \/ bar \/ club \/ food lab         <\/p>\n<p>            o\u00f9 ?<br \/>\n            9 rue des Bateliers, \u00e0 Strasbourg        <\/p>\n<p>                Plus d&rsquo;infos ?<\/p>\n<p><strong><a href=\"https:\/\/www.google.com\/url?sa=t&amp;source=web&amp;rct=j&amp;opi=89978449&amp;url=https:\/\/www.la-kulture.com\/&amp;ved=2ahUKEwi51_mH0s6QAxXjdqQEHSjXOHAQFnoECEMQAQ&amp;usg=AOvVaw2rJTGXc-TKhiGThXBTK6Ly\" target=\"_blank\" rel=\"noopener\">Le site web<\/a><\/strong><\/p>\n<p><strong><a href=\"https:\/\/www.google.com\/url?sa=t&amp;source=web&amp;rct=j&amp;opi=89978449&amp;url=https:\/\/www.instagram.com\/lakulture.v2\/&amp;ved=2ahUKEwi51_mH0s6QAxXjdqQEHSjXOHAQFnoECHMQAQ&amp;usg=AOvVaw092aRKsLPsUIgLc_RNS4cJ\" target=\"_blank\" rel=\"noopener\">La page Instagram<\/a><\/strong><\/p>\n<p>                <img width=\"375\" height=\"500\" src=\"https:\/\/www.europesays.com\/fr\/wp-content\/uploads\/2025\/11\/photos-kulture-samy-jour-clubimg-9993-375x500.jpeg\" class=\"attachment-gallery size-gallery\" alt=\"photos Kulture Samy jour clubIMG_9993\" data-full-url=\"https:\/\/pokaa.fr\/wp-content\/uploads\/2025\/11\/05\/photos-kulture-samy-jour-clubimg-9993.jpeg\" decoding=\"async\" loading=\"lazy\"  \/>            <\/p>\n<p>                <img width=\"375\" height=\"500\" src=\"https:\/\/www.europesays.com\/fr\/wp-content\/uploads\/2025\/11\/photos-kulture-samy-jour-clubimg-9753-2-375x500.jpeg\" class=\"attachment-gallery size-gallery\" alt=\"photos Kulture Samy jour clubIMG_9753 2\" data-full-url=\"https:\/\/pokaa.fr\/wp-content\/uploads\/2025\/11\/05\/photos-kulture-samy-jour-clubimg-9753-2.jpeg\" decoding=\"async\" loading=\"lazy\"  \/>            <\/p>\n<p>                <img width=\"375\" height=\"500\" src=\"https:\/\/www.europesays.com\/fr\/wp-content\/uploads\/2025\/11\/photos-kulture-samy-jour-clubimg-0097-375x500.jpeg\" class=\"attachment-gallery size-gallery\" alt=\"photos Kulture Samy jour clubIMG_0097\" data-full-url=\"https:\/\/pokaa.fr\/wp-content\/uploads\/2025\/11\/05\/photos-kulture-samy-jour-clubimg-0097.jpeg\" decoding=\"async\" loading=\"lazy\"  \/>            <\/p>\n<p>                <img width=\"667\" height=\"500\" src=\"https:\/\/www.europesays.com\/fr\/wp-content\/uploads\/2025\/11\/photos-kulture-samy-jour-clubimg-0046-667x500.jpeg\" class=\"attachment-gallery size-gallery\" alt=\"photos Kulture Samy jour clubIMG_0046\" data-full-url=\"https:\/\/pokaa.fr\/wp-content\/uploads\/2025\/11\/05\/photos-kulture-samy-jour-clubimg-0046.jpeg\" decoding=\"async\" loading=\"lazy\"  \/>            <\/p>\n<p>                <img width=\"375\" height=\"500\" src=\"https:\/\/www.europesays.com\/fr\/wp-content\/uploads\/2025\/11\/photos-kulture-samy-jour-clubimg-0007-375x500.jpeg\" class=\"attachment-gallery size-gallery\" alt=\"photos Kulture Samy jour clubIMG_0007\" data-full-url=\"https:\/\/pokaa.fr\/wp-content\/uploads\/2025\/11\/05\/photos-kulture-samy-jour-clubimg-0007.jpeg\" decoding=\"async\" loading=\"lazy\"  \/>            <\/p>\n<p>                <img width=\"375\" height=\"500\" src=\"https:\/\/www.europesays.com\/fr\/wp-content\/uploads\/2025\/11\/photos-kulture-samy-jour-clubimg-0002-375x500.jpeg\" class=\"attachment-gallery size-gallery\" alt=\"photos Kulture Samy jour clubIMG_0002\" data-full-url=\"https:\/\/pokaa.fr\/wp-content\/uploads\/2025\/11\/05\/photos-kulture-samy-jour-clubimg-0002.jpeg\" decoding=\"async\" loading=\"lazy\"  \/>            <\/p>\n<p>                    \u00a9 Samy Compion \/ Pokaa<\/p>\n<p><script async src=\"\/\/www.instagram.com\/embed.js\"><\/script><\/p>\n","protected":false},"excerpt":{"rendered":"\u00c7a y est les ami(e)s, l\u2019embl\u00e9matique caf\u00e9-bar-club La Kulture est de retour, et il revient avec les muscles&hellip;\n","protected":false},"author":2,"featured_media":514430,"comment_status":"","ping_status":"","sticky":false,"template":"","format":"standard","meta":{"footnotes":""},"categories":[2820],"tags":[1111,11,22736,4586,5244,1777,674,1011,27,775,63494,12,25,640],"class_list":{"0":"post-514429","1":"post","2":"type-post","3":"status-publish","4":"format-standard","5":"has-post-thumbnail","7":"category-strasbourg","8":"tag-actu","9":"tag-actualites","10":"tag-boite","11":"tag-cafe","12":"tag-club","13":"tag-eu","14":"tag-europe","15":"tag-fr","16":"tag-france","17":"tag-grand-est","18":"tag-la-kulture","19":"tag-news","20":"tag-republique-francaise","21":"tag-strasbourg"},"share_on_mastodon":{"url":"https:\/\/pubeurope.com\/@fr\/115499267504669477","error":""},"_links":{"self":[{"href":"https:\/\/www.europesays.com\/fr\/wp-json\/wp\/v2\/posts\/514429","targetHints":{"allow":["GET"]}}],"collection":[{"href":"https:\/\/www.europesays.com\/fr\/wp-json\/wp\/v2\/posts"}],"about":[{"href":"https:\/\/www.europesays.com\/fr\/wp-json\/wp\/v2\/types\/post"}],"author":[{"embeddable":true,"href":"https:\/\/www.europesays.com\/fr\/wp-json\/wp\/v2\/users\/2"}],"replies":[{"embeddable":true,"href":"https:\/\/www.europesays.com\/fr\/wp-json\/wp\/v2\/comments?post=514429"}],"version-history":[{"count":0,"href":"https:\/\/www.europesays.com\/fr\/wp-json\/wp\/v2\/posts\/514429\/revisions"}],"wp:featuredmedia":[{"embeddable":true,"href":"https:\/\/www.europesays.com\/fr\/wp-json\/wp\/v2\/media\/514430"}],"wp:attachment":[{"href":"https:\/\/www.europesays.com\/fr\/wp-json\/wp\/v2\/media?parent=514429"}],"wp:term":[{"taxonomy":"category","embeddable":true,"href":"https:\/\/www.europesays.com\/fr\/wp-json\/wp\/v2\/categories?post=514429"},{"taxonomy":"post_tag","embeddable":true,"href":"https:\/\/www.europesays.com\/fr\/wp-json\/wp\/v2\/tags?post=514429"}],"curies":[{"name":"wp","href":"https:\/\/api.w.org\/{rel}","templated":true}]}}