{"id":514431,"date":"2025-11-05T21:41:12","date_gmt":"2025-11-05T21:41:12","guid":{"rendered":"https:\/\/www.europesays.com\/fr\/514431\/"},"modified":"2025-11-05T21:41:12","modified_gmt":"2025-11-05T21:41:12","slug":"grande-nouvelle-pour-strasbourg","status":"publish","type":"post","link":"https:\/\/www.europesays.com\/fr\/514431\/","title":{"rendered":"Grande nouvelle pour Strasbourg"},"content":{"rendered":"<p><strong>Liam Rosenior, le coach du RC<br \/>\nStrasbourg-Alsace, s\u2019est fendu d\u2019une annonce importante ce<br \/>\nmercredi.<\/strong><\/p>\n<p>Strasbourg a rendez-vous avec le club su\u00e9dois du BK H\u00e4cken ce<br \/>\njeudi \u00e0 l\u2019occasion de la troisi\u00e8me journ\u00e9e de la Ligue Conf\u00e9rence.<br \/>\nUne confrontation continentale qui pourrait bien accoucher d\u2019une<br \/>\nexcellente nouvelle pour le Racing.<\/p>\n<p>Ce mercredi face \u00e0 la presse, Liam Rosenior, l\u2019entra\u00eeneur<br \/>\nstrasbourgeois, a confirm\u00e9 que son attaquant Emmanuel Emegha \u00e9tait<br \/>\nenfin remis de sa blessure aux ischio-jambiers contract\u00e9e devant<br \/>\nl\u2019OM le 26 septembre dernier.<\/p>\n<p>\u00ab\u00a0Il est pr\u00eat \u00e0 d\u00e9marrer le match. Je prendrai la<br \/>\nd\u00e9cision jeudi soir pour savoir s\u2019il commencera le match sur le<br \/>\nterrain ou sur le banc\u00a0\u00bb, dixit le technicien anglais,<br \/>\nqui n\u2019a pas exclu d\u2019associer le buteur n\u00e9erlandais \u00e0 son canonnier<br \/>\nde r\u00e9f\u00e9rence du moment, l\u2019Argentin Joaquin Panichelli.<\/p>\n","protected":false},"excerpt":{"rendered":"Liam Rosenior, le coach du RC Strasbourg-Alsace, s\u2019est fendu d\u2019une annonce importante ce mercredi. Strasbourg a rendez-vous avec&hellip;\n","protected":false},"author":2,"featured_media":355136,"comment_status":"","ping_status":"","sticky":false,"template":"","format":"standard","meta":{"footnotes":""},"categories":[2820],"tags":[1111,11,2113,1777,674,1011,27,775,12,25,640],"class_list":{"0":"post-514431","1":"post","2":"type-post","3":"status-publish","4":"format-standard","5":"has-post-thumbnail","7":"category-strasbourg","8":"tag-actu","9":"tag-actualites","10":"tag-breve","11":"tag-eu","12":"tag-europe","13":"tag-fr","14":"tag-france","15":"tag-grand-est","16":"tag-news","17":"tag-republique-francaise","18":"tag-strasbourg"},"share_on_mastodon":{"url":"https:\/\/pubeurope.com\/@fr\/115499269014706997","error":""},"_links":{"self":[{"href":"https:\/\/www.europesays.com\/fr\/wp-json\/wp\/v2\/posts\/514431","targetHints":{"allow":["GET"]}}],"collection":[{"href":"https:\/\/www.europesays.com\/fr\/wp-json\/wp\/v2\/posts"}],"about":[{"href":"https:\/\/www.europesays.com\/fr\/wp-json\/wp\/v2\/types\/post"}],"author":[{"embeddable":true,"href":"https:\/\/www.europesays.com\/fr\/wp-json\/wp\/v2\/users\/2"}],"replies":[{"embeddable":true,"href":"https:\/\/www.europesays.com\/fr\/wp-json\/wp\/v2\/comments?post=514431"}],"version-history":[{"count":0,"href":"https:\/\/www.europesays.com\/fr\/wp-json\/wp\/v2\/posts\/514431\/revisions"}],"wp:featuredmedia":[{"embeddable":true,"href":"https:\/\/www.europesays.com\/fr\/wp-json\/wp\/v2\/media\/355136"}],"wp:attachment":[{"href":"https:\/\/www.europesays.com\/fr\/wp-json\/wp\/v2\/media?parent=514431"}],"wp:term":[{"taxonomy":"category","embeddable":true,"href":"https:\/\/www.europesays.com\/fr\/wp-json\/wp\/v2\/categories?post=514431"},{"taxonomy":"post_tag","embeddable":true,"href":"https:\/\/www.europesays.com\/fr\/wp-json\/wp\/v2\/tags?post=514431"}],"curies":[{"name":"wp","href":"https:\/\/api.w.org\/{rel}","templated":true}]}}