{"id":514436,"date":"2025-11-05T21:44:12","date_gmt":"2025-11-05T21:44:12","guid":{"rendered":"https:\/\/www.europesays.com\/fr\/514436\/"},"modified":"2025-11-05T21:44:12","modified_gmt":"2025-11-05T21:44:12","slug":"sante-mentale-la-maison-des-ados-ouvre-une-nouvelle-permanence-a-bouaye","status":"publish","type":"post","link":"https:\/\/www.europesays.com\/fr\/514436\/","title":{"rendered":"Sant\u00e9 mentale. La Maison des ados ouvre une nouvelle permanence \u00e0 Bouaye"},"content":{"rendered":"<p>Cr\u00e9\u00e9e en 2007 sur l\u2019\u00eele de Nantes, la Maison des ados (MDA) de Loire-Atlantique \u00e9tend son maillage territorial, avec l\u2019ouverture, depuis septembre, de deux permanences d\u00e9centralis\u00e9es dans l\u2019agglom\u00e9ration nantaise, portant leur total \u00e0 vingt-deux dans le d\u00e9partement. Outre Thouar\u00e9-sur-Loire, c\u2019est d\u00e9sormais \u00e0 Bouaye, chaque jeudi, qu\u2019une accompagnante sociale \u2013 doubl\u00e9e d\u2019une psychologue une semaine sur deux \u2013 recevra les jeunes de 11 \u00e0 21\u00a0ans qui en ressentent le besoin, pour poser des questions et parler de leurs probl\u00e8mes, sur rendez-vous, avec ou sans leur entourage (parents, amis\u2026). En un mois, dix-huit ados ont d\u00e9j\u00e0 sollicit\u00e9 le dispositif.<\/p>\n<p>\u00ab\u00a0Depuis le Covid, les chiffres sont alarmants\u00a0\u00bb<\/p>\n<p>Ce nouveau lieu d\u2019\u00e9coute et de soutien, <strong>\u00ab\u00a0gratuit, anonyme et confidentiel\u00a0\u00bb<\/strong>, est install\u00e9 dans les locaux du centre administratif et social situ\u00e9 pr\u00e8s de la mairie. Le maire, Freddy Hervochon, salue la volont\u00e9 de Nantes m\u00e9tropole et de l\u2019\u00c9tat, via l\u2019agence r\u00e9gionale de sant\u00e9 (ARS), de cofinancer un tel <strong>\u00ab\u00a0r\u00e9\u00e9quilibrage\u00a0\u00bb<\/strong>. Ce <strong>\u00ab\u00a0service public de proximit\u00e9\u00a0\u00bb<\/strong>, se f\u00e9licite-t-il, b\u00e9n\u00e9ficiera aux habitants des communes du quart sud-ouest de l\u2019agglom\u00e9ration nantaise, \u00e0 l\u2019heure o\u00f9 <a href=\"https:\/\/nantes.maville.com\/actu\/actudet_-en-memoire-de-leur-fille-assassinee-les-parents-de-lorene-se-battent-pour-les-jeunes-_8-6997979_actu.Htm\" target=\"_self\" rel=\"noopener\">la sant\u00e9 mentale des jeunes <\/a> <strong> <a href=\"https:\/\/nantes.maville.com\/actu\/actudet_-en-memoire-de-leur-fille-assassinee-les-parents-de-lorene-se-battent-pour-les-jeunes-_8-6997979_actu.Htm\" target=\"_self\" rel=\"noopener\">\u00ab\u00a0est une priorit\u00e9\u00a0\u00bb<\/a> <\/strong>.<\/p>\n<p><strong>Lire aussi\u00a0: <\/strong> <a href=\"https:\/\/sante.ouest-france.fr\/sante-mentale\/cest-unique-en-france-une-maison-des-enfants-ou-toquer-pour-parler-sante-mentale-a-nantes-5ffd34f6-a526-11f0-a483-88b21a3890bd\" target=\"_self\" rel=\"noopener\">\u00ab\u00a0C\u2019est unique en France\u00a0\u00bb\u00a0: une maison des enfants o\u00f9 toquer pour parler sant\u00e9 mentale \u00e0 Nantes<\/a><\/p>\n<p>Nicolas Oudaert, conseiller g\u00e9n\u00e9ral et pr\u00e9sident de la MDA, rappelle\u00a0: <strong>\u00ab\u00a0Depuis le Covid, qui a marqu\u00e9 une rupture des liens sociaux, les chiffres sont alarmants\u00a0: 15\u00a0% des coll\u00e9giens et des lyc\u00e9ens confient un mal-\u00eatre important, avec des id\u00e9es suicidaires (1). Il faut \u00eatre \u00e0 la hauteur de ce besoin croissant.\u00a0\u00bb<\/strong> Apr\u00e8s la crise sanitaire, la fr\u00e9quentation de la MDA a bondi <strong>\u00ab\u00a0de 25\u00a0%\u00a0\u00bb<\/strong> et se maintient sur <strong>\u00ab\u00a0un plateau \u00e9lev\u00e9\u00a0\u00bb<\/strong> de 2\u00a0500\u00a0jeunes accompagn\u00e9s par an, dont 1\u00a0000\u00a0pour la seule agglom\u00e9ration nantaise, \u00e2g\u00e9s en moyenne de 14\u00a0ans et demi et b\u00e9n\u00e9ficiant chacun de plus ou moins trois entretiens.<\/p>\n<p>Relations familiales, mal-\u00eatre, scolarit\u00e9 difficile\u2026<\/p>\n<p><strong>\u00ab\u00a0La moiti\u00e9 des ados viennent d\u2019eux-m\u00eames. L\u2019autre est orient\u00e9e par des tiers\u00a0: assistante sociale, infirmi\u00e8re scolaire, animateur jeunesse\u2026<\/strong>, indique Julien Cou\u00e9, directeur de la MDA, qui regroupe cinquante professionnels. <strong>Les trois principaux motifs de venue sont les relations familiales, un mal-\u00eatre au sens large (stress, scarifications\u2026), et une scolarit\u00e9 compliqu\u00e9e (refus anxieux, orientation difficile\u2026).\u00a0\u00bb<\/strong> Julien Cou\u00e9 rappelle le <strong>\u00ab\u00a0contexte global anxiog\u00e8ne\u00a0\u00bb<\/strong>, entre les guerres et la probl\u00e9matique \u00e9cologique, qui p\u00e8se sur des jeunes affect\u00e9s \u00e9galement par l\u2019omnipr\u00e9sence des r\u00e9seaux sociaux.<\/p>\n<p>\u00ab\u00a0On ne vient jamais trop t\u00f4t \u00e0 la MDA\u00a0\u00bb<\/p>\n<p><strong>\u00ab\u00a0On ne vient jamais trop t\u00f4t \u00e0 la MDA<\/strong>, reprend Julien Cou\u00e9. <strong>Si un jeune ou un proche commence \u00e0 avoir des doutes, c\u2019est le bon moment pour venir nous voir. La MDA ne se r\u00e9duit pas \u00e0 la sant\u00e9 mentale mais r\u00e9pond \u00e0 des questionnements g\u00e9n\u00e9raux, par exemple d\u2019un jeune qui ne se sent pas bien dans son corps ou qui vit une rupture amoureuse.\u00a0\u00bb<\/strong><\/p>\n<p><strong>Permanence de la Maison des ados<\/strong>, au centre administratif et social, 1, boulevard du Bois-Jacques, \u00e0 Bouaye. Chaque jeudi, sur rendez-vous (\u00e0 prendre par t\u00e9l\u00e9phone au 02\u00a040\u00a020\u00a089\u00a065). Gratuit. Infos sur <a href=\"https:\/\/mda.loire-atlantique.fr\/44\/accueil\/j_6\" target=\"_blank\" rel=\"noopener\">mda.loire-atlantique.fr<\/a><\/p>\n<p>(1) Selon l\u2019enqu\u00eate EnClass men\u00e9e par le minist\u00e8re de l\u2019\u00c9ducation nationale.<\/p>\n<p>\u00a0<\/p>\n","protected":false},"excerpt":{"rendered":"Cr\u00e9\u00e9e en 2007 sur l\u2019\u00eele de Nantes, la Maison des ados (MDA) de Loire-Atlantique \u00e9tend son maillage territorial,&hellip;\n","protected":false},"author":2,"featured_media":514437,"comment_status":"","ping_status":"","sticky":false,"template":"","format":"standard","meta":{"footnotes":""},"categories":[2818],"tags":[1111,11,16434,63495,1777,674,1011,27,2142,26791,766,12,2043,10102,2636,20993,25,71],"class_list":{"0":"post-514436","1":"post","2":"type-post","3":"status-publish","4":"format-standard","5":"has-post-thumbnail","7":"category-nantes","8":"tag-actu","9":"tag-actualites","10":"tag-ados","11":"tag-bouaye","12":"tag-eu","13":"tag-europe","14":"tag-fr","15":"tag-france","16":"tag-maison","17":"tag-mentale","18":"tag-nantes","19":"tag-news","20":"tag-nouvelle","21":"tag-ouvre","22":"tag-pays-de-la-loire","23":"tag-permanence","24":"tag-republique-francaise","25":"tag-sante"},"share_on_mastodon":{"url":"https:\/\/pubeurope.com\/@fr\/115499280861922078","error":""},"_links":{"self":[{"href":"https:\/\/www.europesays.com\/fr\/wp-json\/wp\/v2\/posts\/514436","targetHints":{"allow":["GET"]}}],"collection":[{"href":"https:\/\/www.europesays.com\/fr\/wp-json\/wp\/v2\/posts"}],"about":[{"href":"https:\/\/www.europesays.com\/fr\/wp-json\/wp\/v2\/types\/post"}],"author":[{"embeddable":true,"href":"https:\/\/www.europesays.com\/fr\/wp-json\/wp\/v2\/users\/2"}],"replies":[{"embeddable":true,"href":"https:\/\/www.europesays.com\/fr\/wp-json\/wp\/v2\/comments?post=514436"}],"version-history":[{"count":0,"href":"https:\/\/www.europesays.com\/fr\/wp-json\/wp\/v2\/posts\/514436\/revisions"}],"wp:featuredmedia":[{"embeddable":true,"href":"https:\/\/www.europesays.com\/fr\/wp-json\/wp\/v2\/media\/514437"}],"wp:attachment":[{"href":"https:\/\/www.europesays.com\/fr\/wp-json\/wp\/v2\/media?parent=514436"}],"wp:term":[{"taxonomy":"category","embeddable":true,"href":"https:\/\/www.europesays.com\/fr\/wp-json\/wp\/v2\/categories?post=514436"},{"taxonomy":"post_tag","embeddable":true,"href":"https:\/\/www.europesays.com\/fr\/wp-json\/wp\/v2\/tags?post=514436"}],"curies":[{"name":"wp","href":"https:\/\/api.w.org\/{rel}","templated":true}]}}