{"id":514442,"date":"2025-11-05T21:47:13","date_gmt":"2025-11-05T21:47:13","guid":{"rendered":"https:\/\/www.europesays.com\/fr\/514442\/"},"modified":"2025-11-05T21:47:13","modified_gmt":"2025-11-05T21:47:13","slug":"hebergement-durgence-la-mairie-de-bordeaux-obtient-la-condamnation-de-letat-pour-carence","status":"publish","type":"post","link":"https:\/\/www.europesays.com\/fr\/514442\/","title":{"rendered":"H\u00e9bergement d&rsquo;urgence : la mairie de Bordeaux obtient la condamnation de l&rsquo;Etat pour carence"},"content":{"rendered":"<p class=\"wp-block-post-excerpt__excerpt\">Le Tribunal administratif de Bordeaux a condamn\u00e9 ce mercredi 5 novembre 2025 l\u2019\u00c9tat pour carence fautive dans le cadre de l\u2019h\u00e9bergement d\u2019urgence. La Ville demandait le remboursement de sommes engag\u00e9es pour l\u2019accueil de sans abri entre 2020 et 2023. <\/p>\n<p class=\"font-sans\">\n\t\t\tCet article est en acc\u00e8s libre. Pour soutenir Rue89Bordeaux,<br \/>\n\t\t\t<a class=\"underline\" href=\"https:\/\/rue89bordeaux.com\/abonnement\/\" target=\"_blank\" rel=\"noopener\">abonnez-vous<\/a>.\n\t\t<\/p>\n<p>La R\u00e9daction<\/p>\n<p>Publi\u00e9 le 5 novembre 2025\u00a0\u00a0\u00b7\u00a0\u00a0<\/p>\n<p>Imprim\u00e9 le 5 novembre 2025 \u00e0 22h00\u00a0\u00a0\u00b7\u00a0\u00a0<\/p>\n<p>\t\t\t\t\t1\u00a0minute\n<\/p>\n<p>125\u202f458 euros. C\u2019est le montant que la mairie de Bordeaux demandait \u00e0 l\u2019Etat pour s\u2019\u00eatre substitu\u00e9 \u00ab\u00a0au dispositif sous-dimensionn\u00e9\u00a0\u00bb par ce dernier, et avoir pris en charge entre 2020 et 2023 l\u2019h\u00e9bergement d\u2019urgences de personnes laiss\u00e9es sans solution. <\/p>\n<p>Suite \u00e0 l\u2019examen de ce recours e 14 octobre dernier,<a href=\"https:\/\/rue89bordeaux.com\/2025\/10\/bordeaux-pourrait-faire-condamner-letat-pour-non-financement-de-lhebergement-durgence\/\" target=\"_blank\" rel=\"noopener\"> le Tribunal administratif de Bordeaux<\/a> a condamn\u00e9 ce mercredi 5 novembre l\u2019Etat \u00e0 verser 8537,82\u20ac au CCAS (centre communal d\u2019action sociale) de la ViIle.<\/p>\n<p>Il suit ainsi l\u2019avis du rapporteur public, qui demandait une condamnation et une indemnisation bien moindre que celle r\u00e9clam\u00e9e par la Ville. Il le justifiait notamment par le fait que les charges li\u00e9es \u00e0 l\u2019ouverture aux sans domicile d\u2019une salle municipale relevaient selon lui de \u00ab\u00a0frais de fonctionnement classiques\u00a0\u00bb et non directement li\u00e9s \u00e0 l\u2019h\u00e9bergement d\u2019urgence. <\/p>\n<p>\t\tDes \u00ab\u00a0territoires en premi\u00e8re ligne\u00a0\u00bb <\/p>\n<p>Dans un communiqu\u00e9, le maire de Bordeaux s\u2019est n\u00e9anmoins dit satisfait :<\/p>\n<blockquote class=\"wp-block-quote is-layout-flow wp-block-quote-is-layout-flow\">\n<p>\u00ab\u00a0Je salue une d\u00e9cision importante pour rappeler urgemment l\u2019\u00c9tat \u00e0 refonder le syst\u00e8me de l\u2019h\u00e9bergement d\u2019urgence, \u00e0 le doter des moyens adapt\u00e9s \u00e0 l\u2019accueil des personnes et notamment des familles avec enfants. Les territoires sont, comme souvent, en premi\u00e8re ligne pour garantir notre coh\u00e9sion sociale\u00a0\u00bb, estime Pierre Hurmic.<\/p>\n<\/blockquote>\n<p>Apr\u00e8s Grenoble en mars dernier, Bordeaux est la deuxi\u00e8me ville \u00e0 obtenir du Tribunal administratif comp\u00e9tent la condamnation de l\u2019\u00c9tat pour \u00ab\u00a0carence av\u00e9r\u00e9e et prolong\u00e9e\u00a0\u00bb, ainsi que le remboursement des frais partiellement engag\u00e9s pour l\u2019h\u00e9bergement d\u2019urgence. Les recours \u00e9galement engag\u00e9s par Lyon, Rennes et Strasbourg sont toujours en cours. La Communaut\u00e9 d\u2019agglom\u00e9ration Pays basque avait pour sa part obtenu gain de cause devant la justice pour d\u00e9faillance de l\u2019\u00c9tat dans l\u2019h\u00e9bergement d\u2019urgence de migrants.<\/p>\n<p>Selon le bilan de la derni\u00e8re <a href=\"https:\/\/rue89bordeaux.com\/2025\/01\/nuit-de-la-solidarite-2025-moins-de-sans-abris-a-bordeaux-mais-la-situation-demeure-preoccupante\/\" target=\"_blank\" rel=\"noreferrer noopener\">Nuit de la Solidarit\u00e9, le 23 janvier 2025<\/a>, on recense \u00e0 Bordeaux 392 personnes sans-abri dans la rue ou en campements, 245 personnes en bidonvilles et 124 en squats.<\/p>\n","protected":false},"excerpt":{"rendered":"Le Tribunal administratif de Bordeaux a condamn\u00e9 ce mercredi 5 novembre 2025 l\u2019\u00c9tat pour carence fautive dans le&hellip;\n","protected":false},"author":2,"featured_media":514443,"comment_status":"","ping_status":"","sticky":false,"template":"","format":"standard","meta":{"footnotes":""},"categories":[2817],"tags":[1111,11,1997,1777,674,1011,27,3909,12,2219,7131,25,7132],"class_list":{"0":"post-514442","1":"post","2":"type-post","3":"status-publish","4":"format-standard","5":"has-post-thumbnail","7":"category-bordeaux","8":"tag-actu","9":"tag-actualites","10":"tag-bordeaux","11":"tag-eu","12":"tag-europe","13":"tag-fr","14":"tag-france","15":"tag-hebergement-durgence","16":"tag-news","17":"tag-nouvelle-aquitaine","18":"tag-prefecture-de-la-gironde","19":"tag-republique-francaise","20":"tag-tribunal-administratif-de-bordeaux"},"share_on_mastodon":{"url":"https:\/\/pubeurope.com\/@fr\/115499292737809441","error":""},"_links":{"self":[{"href":"https:\/\/www.europesays.com\/fr\/wp-json\/wp\/v2\/posts\/514442","targetHints":{"allow":["GET"]}}],"collection":[{"href":"https:\/\/www.europesays.com\/fr\/wp-json\/wp\/v2\/posts"}],"about":[{"href":"https:\/\/www.europesays.com\/fr\/wp-json\/wp\/v2\/types\/post"}],"author":[{"embeddable":true,"href":"https:\/\/www.europesays.com\/fr\/wp-json\/wp\/v2\/users\/2"}],"replies":[{"embeddable":true,"href":"https:\/\/www.europesays.com\/fr\/wp-json\/wp\/v2\/comments?post=514442"}],"version-history":[{"count":0,"href":"https:\/\/www.europesays.com\/fr\/wp-json\/wp\/v2\/posts\/514442\/revisions"}],"wp:featuredmedia":[{"embeddable":true,"href":"https:\/\/www.europesays.com\/fr\/wp-json\/wp\/v2\/media\/514443"}],"wp:attachment":[{"href":"https:\/\/www.europesays.com\/fr\/wp-json\/wp\/v2\/media?parent=514442"}],"wp:term":[{"taxonomy":"category","embeddable":true,"href":"https:\/\/www.europesays.com\/fr\/wp-json\/wp\/v2\/categories?post=514442"},{"taxonomy":"post_tag","embeddable":true,"href":"https:\/\/www.europesays.com\/fr\/wp-json\/wp\/v2\/tags?post=514442"}],"curies":[{"name":"wp","href":"https:\/\/api.w.org\/{rel}","templated":true}]}}