{"id":514455,"date":"2025-11-05T21:54:11","date_gmt":"2025-11-05T21:54:11","guid":{"rendered":"https:\/\/www.europesays.com\/fr\/514455\/"},"modified":"2025-11-05T21:54:11","modified_gmt":"2025-11-05T21:54:11","slug":"les-forains-levent-la-menace-de-blocage-a-lyon","status":"publish","type":"post","link":"https:\/\/www.europesays.com\/fr\/514455\/","title":{"rendered":"les forains l\u00e8vent la menace de blocage \u00e0 Lyon"},"content":{"rendered":"<p itemprop=\"description\"><strong>Apr\u00e8s plusieurs semaines de d\u00e9saccords, les forains et la mairie de Lyon ont trouv\u00e9 un terrain d\u2019entente.<\/strong><\/p>\n<p>La r\u00e9union organis\u00e9e ce mardi 4 novembre a permis de lever les incertitudes autour de la tenue de la Vogue d\u2019hiver \u00e0 Confluence.<\/p>\n<p>Les repr\u00e9sentants des forains affirment avoir re\u00e7u des garanties de la municipalit\u00e9 concernant l\u2019installation du Luna Park sur le site habituel, malgr\u00e9 le projet de r\u00e9am\u00e9nagement en cours dans le quartier. Ils annoncent en cons\u00e9quence l\u2019annulation de l\u2019op\u00e9ration escargot pr\u00e9vue ce jeudi 6 novembre, ainsi que des actions envisag\u00e9es pendant la F\u00eate des Lumi\u00e8res.<\/p>\n<p>Selon les forains, la mairie s\u2019est engag\u00e9e \u00e0 maintenir l\u2019\u00e9v\u00e9nement sur le terrain de Confluence, \u00e0 promouvoir son ouverture pr\u00e9vue le 14 d\u00e9cembre, et \u00e0 retirer certains blocs en b\u00e9ton pour permettre la cr\u00e9ation de places de stationnement \u00e0 proximit\u00e9 du parc d\u2019attractions.<\/p>\n<p>Une issue qui met fin \u00e0 plusieurs jours de tension entre la Ville et les professionnels des f\u00eates foraines, d\u00e9cid\u00e9s \u00e0 d\u00e9fendre leur implantation traditionnelle \u00e0 Lyon.<\/p>\n","protected":false},"excerpt":{"rendered":"Apr\u00e8s plusieurs semaines de d\u00e9saccords, les forains et la mairie de Lyon ont trouv\u00e9 un terrain d\u2019entente. La&hellip;\n","protected":false},"author":2,"featured_media":514456,"comment_status":"","ping_status":"","sticky":false,"template":"","format":"standard","meta":{"footnotes":""},"categories":[1889],"tags":[1111,11,2813,2190,2430,1109,251,1112,2811,1777,674,118,1011,27,1922,1110,1114,2428,2810,12,241,316,25,2812,517,800],"class_list":{"0":"post-514455","1":"post","2":"type-post","3":"status-publish","4":"format-standard","5":"has-post-thumbnail","7":"category-lyon","8":"tag-actu","9":"tag-actualites","10":"tag-article","11":"tag-asvel","12":"tag-auvergne-rhone-alpes","13":"tag-breves","14":"tag-culture","15":"tag-depeches","16":"tag-economique","17":"tag-eu","18":"tag-europe","19":"tag-faits-divers","20":"tag-fr","21":"tag-france","22":"tag-info","23":"tag-informations","24":"tag-infos","25":"tag-lyon","26":"tag-lyonmag","27":"tag-news","28":"tag-ol","29":"tag-politique","30":"tag-republique-francaise","31":"tag-sociale","32":"tag-sport","33":"tag-transports"},"share_on_mastodon":{"url":"https:\/\/pubeurope.com\/@fr\/115499320234627733","error":""},"_links":{"self":[{"href":"https:\/\/www.europesays.com\/fr\/wp-json\/wp\/v2\/posts\/514455","targetHints":{"allow":["GET"]}}],"collection":[{"href":"https:\/\/www.europesays.com\/fr\/wp-json\/wp\/v2\/posts"}],"about":[{"href":"https:\/\/www.europesays.com\/fr\/wp-json\/wp\/v2\/types\/post"}],"author":[{"embeddable":true,"href":"https:\/\/www.europesays.com\/fr\/wp-json\/wp\/v2\/users\/2"}],"replies":[{"embeddable":true,"href":"https:\/\/www.europesays.com\/fr\/wp-json\/wp\/v2\/comments?post=514455"}],"version-history":[{"count":0,"href":"https:\/\/www.europesays.com\/fr\/wp-json\/wp\/v2\/posts\/514455\/revisions"}],"wp:featuredmedia":[{"embeddable":true,"href":"https:\/\/www.europesays.com\/fr\/wp-json\/wp\/v2\/media\/514456"}],"wp:attachment":[{"href":"https:\/\/www.europesays.com\/fr\/wp-json\/wp\/v2\/media?parent=514455"}],"wp:term":[{"taxonomy":"category","embeddable":true,"href":"https:\/\/www.europesays.com\/fr\/wp-json\/wp\/v2\/categories?post=514455"},{"taxonomy":"post_tag","embeddable":true,"href":"https:\/\/www.europesays.com\/fr\/wp-json\/wp\/v2\/tags?post=514455"}],"curies":[{"name":"wp","href":"https:\/\/api.w.org\/{rel}","templated":true}]}}