{"id":514457,"date":"2025-11-05T21:55:13","date_gmt":"2025-11-05T21:55:13","guid":{"rendered":"https:\/\/www.europesays.com\/fr\/514457\/"},"modified":"2025-11-05T21:55:13","modified_gmt":"2025-11-05T21:55:13","slug":"loire-disparu-a-lyon-un-chat-retrouve-a-40-km-je-pense-quil-a-pris-le-train","status":"publish","type":"post","link":"https:\/\/www.europesays.com\/fr\/514457\/","title":{"rendered":"Loire. Disparu \u00e0 Lyon, un chat retrouv\u00e9 \u00e0 40\u00a0km\u00a0: \u00ab\u00a0Je pense qu\u2019il a pris le train\u00a0\u00bb"},"content":{"rendered":"<p>Une histoire incroyable et un d\u00e9nouement heureux.\u00a0Disparu le 28\u00a0d\u00e9cembre\u00a02024 \u00e0 la gare de la Part-Dieu apr\u00e8s s\u2019\u00eatre \u00e9chapp\u00e9 de sa cage, le jeune chat Yoko a finalement \u00e9t\u00e9 retrouv\u00e9\u2026 \u00e0 plus de 40 kilom\u00e8tres de l\u00e0, \u00e0 Rive-de-Gier (Loire). Recueilli par l\u2019association lyonnaise EACPV (Entraide amis des chats et des pigeons des villes), Yoko s\u2019\u00e9tait volatilis\u00e9 alors qu\u2019il devait rejoindre sa nouvelle famille \u00e0 Grenoble. Malgr\u00e9 les recherches, les rondes et les affiches placard\u00e9es autour de la gare, <a href=\"https:\/\/www.leprogres.fr\/faits-divers-justice\/2025\/01\/04\/toujours-sans-nouvelles-du-chat-perdu-a-la-gare-de-la-part-dieu-il-doit-etre-petrifie\" target=\"_blank\" rel=\"noopener\">aucune trace du f\u00e9lin<\/a> n\u2019avait \u00e9t\u00e9 retrouv\u00e9e <a href=\"https:\/\/www.leprogres.fr\/faits-divers-justice\/2025\/02\/01\/le-chat-yoko-disparu-a-la-gare-part-dieu-est-toujours-introuvable\" target=\"_blank\" rel=\"noopener\">depuis pr\u00e8s de dix mois<\/a>.<\/p>\n<p>Mais ce mercredi 5\u00a0novembre, un incroyable coup de fil est venu illuminer la journ\u00e9e de Murielle, membre de l\u2019association\u00a0: \u00ab\u00a0Des personnes qui venaient nourrir des chats sur un site de nourrissage ont remarqu\u00e9 un chat gris tr\u00e8s sociable. Elles ont pu l\u2019attraper et l\u2019ont d\u00e9pos\u00e9 \u00e0 la SPA de Brignais, qui nous a ensuite contact\u00e9s.\u00a0\u00bb<\/p>\n<p>Gr\u00e2ce \u00e0 la puce que lui avait fait poser l\u2019association, Yoko a pu \u00eatre identifi\u00e9. Reste une question\u00a0: comment le jeune chat a-t-il parcouru une telle distance depuis la gare de la Part-Dieu\u00a0?<\/p>\n<p>\u00ab\u00a0Il y a un TER qui part de la gare de la Part-Dieu jusqu\u2019\u00e0 Rive-de-Gier, donc je pense qu\u2019il pris le train. Il a d\u00fb se planquer dans le petit intervalle sous les wagons\u00a0\u00bb, suppose Murielle. Dans les minutes suivant sa disparition, l\u2019hypoth\u00e8se que Yoko ait \u00e9t\u00e9 \u00e9cras\u00e9 sous un train semblait la plus \u00e9vidente. \u00ab\u00a0Yoko est d\u00e9sormais en s\u00e9curit\u00e9 dans son ancienne famille d\u2019accueil. Tr\u00e8s c\u00e2lin, il verra rapidement le v\u00e9t\u00e9rinaire, avant d\u2019\u00eatre remis \u00e0 l\u2019adoption.\u00a0\u00bb<\/p>\n","protected":false},"excerpt":{"rendered":"Une histoire incroyable et un d\u00e9nouement heureux.\u00a0Disparu le 28\u00a0d\u00e9cembre\u00a02024 \u00e0 la gare de la Part-Dieu apr\u00e8s s\u2019\u00eatre \u00e9chapp\u00e9&hellip;\n","protected":false},"author":2,"featured_media":514458,"comment_status":"","ping_status":"","sticky":false,"template":"","format":"standard","meta":{"footnotes":""},"categories":[1889],"tags":[1111,11,2430,271,272,1777,674,274,1011,27,2428,12,25],"class_list":{"0":"post-514457","1":"post","2":"type-post","3":"status-publish","4":"format-standard","5":"has-post-thumbnail","7":"category-lyon","8":"tag-actu","9":"tag-actualites","10":"tag-auvergne-rhone-alpes","11":"tag-crime","12":"tag-delit-et-contravention","13":"tag-eu","14":"tag-europe","15":"tag-faits-divers-justice","16":"tag-fr","17":"tag-france","18":"tag-lyon","19":"tag-news","20":"tag-republique-francaise"},"share_on_mastodon":{"url":"https:\/\/pubeurope.com\/@fr\/115499324029701832","error":""},"_links":{"self":[{"href":"https:\/\/www.europesays.com\/fr\/wp-json\/wp\/v2\/posts\/514457","targetHints":{"allow":["GET"]}}],"collection":[{"href":"https:\/\/www.europesays.com\/fr\/wp-json\/wp\/v2\/posts"}],"about":[{"href":"https:\/\/www.europesays.com\/fr\/wp-json\/wp\/v2\/types\/post"}],"author":[{"embeddable":true,"href":"https:\/\/www.europesays.com\/fr\/wp-json\/wp\/v2\/users\/2"}],"replies":[{"embeddable":true,"href":"https:\/\/www.europesays.com\/fr\/wp-json\/wp\/v2\/comments?post=514457"}],"version-history":[{"count":0,"href":"https:\/\/www.europesays.com\/fr\/wp-json\/wp\/v2\/posts\/514457\/revisions"}],"wp:featuredmedia":[{"embeddable":true,"href":"https:\/\/www.europesays.com\/fr\/wp-json\/wp\/v2\/media\/514458"}],"wp:attachment":[{"href":"https:\/\/www.europesays.com\/fr\/wp-json\/wp\/v2\/media?parent=514457"}],"wp:term":[{"taxonomy":"category","embeddable":true,"href":"https:\/\/www.europesays.com\/fr\/wp-json\/wp\/v2\/categories?post=514457"},{"taxonomy":"post_tag","embeddable":true,"href":"https:\/\/www.europesays.com\/fr\/wp-json\/wp\/v2\/tags?post=514457"}],"curies":[{"name":"wp","href":"https:\/\/api.w.org\/{rel}","templated":true}]}}