{"id":514465,"date":"2025-11-05T22:00:36","date_gmt":"2025-11-05T22:00:36","guid":{"rendered":"https:\/\/www.europesays.com\/fr\/514465\/"},"modified":"2025-11-05T22:00:36","modified_gmt":"2025-11-05T22:00:36","slug":"le-musee-dart-contemporain-du-val-de-marne-macval-prend-le-relais-du-palais-beaubourg","status":"publish","type":"post","link":"https:\/\/www.europesays.com\/fr\/514465\/","title":{"rendered":"Le mus\u00e9e d&rsquo;art contemporain du Val-de-Marne, MacVal, prend le relais du palais Beaubourg"},"content":{"rendered":"<p><a href=\"https:\/\/94.citoyens.com\/2025\/paris-le-palais-beaubourg-ferme-pour-cinq-ans-de-gros-travaux,21-09-2025.html\" title=\"Paris\u00a0: le palais Beaubourg ferm\u00e9 pour cinq ans de gros travaux\" class=\"visuel\" target=\"_blank\" rel=\"noopener\"> <img decoding=\"async\" src=\"https:\/\/www.europesays.com\/fr\/wp-content\/uploads\/2025\/11\/palais-beaubourg-pompidou-paris-afp-hans-lucas-valerie-dubois-380x173.jpg\"  class=\"attachment-home-article wp-post-image lazyload\" alt=\"Paris\u00a0: le palais Beaubourg ferm\u00e9 pour cinq ans de gros travaux\"\/>  \u00a9 AFP Hans Lucas Valerie Dubois\t <\/a> <a href=\"https:\/\/94.citoyens.com\/2025\/paris-le-palais-beaubourg-ferme-pour-cinq-ans-de-gros-travaux,21-09-2025.html\" title=\"Paris\u00a0: le palais Beaubourg ferm\u00e9 pour cinq ans de gros travaux\" target=\"_blank\" rel=\"noopener\"> Paris\u00a0: le palais Beaubourg ferm\u00e9 pour cinq ans de gros travaux\t<\/a><\/p>\n<p>Le Centre Pompidou, b\u00e2timent parisien iconique \u00e0 l\u2019architecture tubulaire multicolore qui abrite le plus important mus\u00e9e d\u2019art moderne au monde avec le MoMA \u00e0 New York, ferme ses portes lundi 22 septembre pour cinq ans de r\u00e9novation.<\/p>\n<p><a href=\"https:\/\/94.citoyens.com\/2025\/journees-du-patrimoine-2025-en-val-de-marne-le-guide-par-ville,17-09-2025.html\" title=\"Journ\u00e9es du patrimoine 2025 en Val-de-Marne\u00a0: le guide par ville\" class=\"visuel\" target=\"_blank\" rel=\"noopener\"> <img decoding=\"async\" src=\"https:\/\/www.europesays.com\/fr\/wp-content\/uploads\/2025\/11\/closerie-falbala-3-380x173.jpg\"  class=\"attachment-home-article wp-post-image lazyload\" alt=\"Journ\u00e9es du patrimoine 2025 en Val-de-Marne\u00a0: le guide par ville\"\/>  \u00a9 CD\t <\/a> <a href=\"https:\/\/94.citoyens.com\/2025\/journees-du-patrimoine-2025-en-val-de-marne-le-guide-par-ville,17-09-2025.html\" title=\"Journ\u00e9es du patrimoine 2025 en Val-de-Marne\u00a0: le guide par ville\" target=\"_blank\" rel=\"noopener\"> Journ\u00e9es du patrimoine 2025 en Val-de-Marne\u00a0: le guide par ville\t<\/a><\/p>\n<p>D\u00e9couverte d\u2019institutions en compagnie de soci\u00e9t\u00e9s historiques locales, plong\u00e9e dans les futures gares du m\u00e9tro p\u00e9riph\u00e9rique, incursion dans les vignobles du d\u00e9partement, exploration d\u2019anciens forts militaires, excursions dans la nature pour identifier faune et flore, visites comment\u00e9es, bals, banquet, d\u00e9fil\u00e9 costum\u00e9, enqu\u00eate grandeur nature sur une girafe disparue, chasse aux tr\u00e9sors, arts de la rue,\u2026<\/p>\n<p><a href=\"https:\/\/94.citoyens.com\/2025\/velo-dans-le-grand-paris-il-y-a-bien-un-monde-dapres-covid,10-10-2025.html\" title=\"V\u00e9lo dans le Grand-Paris\u00a0: il y a bien un \u201cmonde d\u2019apr\u00e8s\u201d Covid\" class=\"visuel\" target=\"_blank\" rel=\"noopener\"> <img decoding=\"async\" src=\"https:\/\/www.europesays.com\/fr\/wp-content\/uploads\/2025\/11\/velo-380x173.jpg\"  class=\"attachment-home-article wp-post-image lazyload\" alt=\"V\u00e9lo dans le Grand-Paris\u00a0: il y a bien un \u201cmonde d\u2019apr\u00e8s\u201d Covid\"\/>  \u00a9 CD\t <\/a> <a href=\"https:\/\/94.citoyens.com\/2025\/velo-dans-le-grand-paris-il-y-a-bien-un-monde-dapres-covid,10-10-2025.html\" title=\"V\u00e9lo dans le Grand-Paris\u00a0: il y a bien un \u201cmonde d\u2019apr\u00e8s\u201d Covid\" target=\"_blank\" rel=\"noopener\"> V\u00e9lo dans le Grand-Paris\u00a0: il y a bien un \u201cmonde d\u2019apr\u00e8s\u201d Covid\t<\/a><\/p>\n<p>Le monde d\u2019apr\u00e8s\u201d, cette expression qui symbolisait l\u2019envie de red\u00e9marrer autrement apr\u00e8s la crise sanitaire, en prenant moins l\u2019avion, la voiture, en se recentrant sur l\u2019humain\u2026 a vite disparu du lexique. A v\u00e9lo, il en reste quelque chose, comme le chiffre une \u00e9tude de l\u2019Apur. Reste \u00e0 consolider.<\/p>\n<p><a href=\"https:\/\/94.citoyens.com\/2025\/journees-du-patrimoine-la-banque-de-france-a-coeur-ouvert-a-vincennes-et-paris,15-09-2025.html\" title=\"Journ\u00e9es du patrimoine\u00a0: la Banque de France \u00e0 coeur ouvert \u00e0 Vincennes et Paris\" class=\"visuel\" target=\"_blank\" rel=\"noopener\"> <img decoding=\"async\" src=\"https:\/\/www.europesays.com\/fr\/wp-content\/uploads\/2025\/11\/banque-de-france-paris-wcc-boubloub-380x173.jpg\"  class=\"attachment-home-article wp-post-image lazyload\" alt=\"Journ\u00e9es du patrimoine\u00a0: la Banque de France \u00e0 coeur ouvert \u00e0 Vincennes et Paris\"\/>  \u00a9 WCC Boubloub\t <\/a> <a href=\"https:\/\/94.citoyens.com\/2025\/journees-du-patrimoine-la-banque-de-france-a-coeur-ouvert-a-vincennes-et-paris,15-09-2025.html\" title=\"Journ\u00e9es du patrimoine\u00a0: la Banque de France \u00e0 coeur ouvert \u00e0 Vincennes et Paris\" target=\"_blank\" rel=\"noopener\"> Journ\u00e9es du patrimoine\u00a0: la Banque de France \u00e0 coeur ouvert \u00e0 Vincennes et Paris\t<\/a><\/p>\n<p>A d\u00e9faut de p\u00e9n\u00e9trer dans la Souterraine, qui abrite encore des milliers de tonnes d\u2019or \u00e0 27 m\u00e8tres sous le si\u00e8ge de la Banque de France \u00e0 Paris, rendez-vous dans les anciennes salles fortes de sa succursale vincennoise lors des Journ\u00e9es du patrimoine 2025. Paris montrera pour sa part un lingot d\u2019or.<\/p>\n","protected":false},"excerpt":{"rendered":"\u00a9 AFP Hans Lucas Valerie Dubois Paris\u00a0: le palais Beaubourg ferm\u00e9 pour cinq ans de gros travaux Le&hellip;\n","protected":false},"author":2,"featured_media":514466,"comment_status":"","ping_status":"","sticky":false,"template":"","format":"standard","meta":{"footnotes":""},"categories":[1888],"tags":[11,1396,12870,3625,9491,30456,14181,1777,674,3293,1011,27,3407,10118,12,63496,33662,626,25,656,4109,2086,1125,12654],"class_list":{"0":"post-514465","1":"post","2":"type-post","3":"status-publish","4":"format-standard","5":"has-post-thumbnail","7":"category-paris","8":"tag-actualites","9":"tag-art-contemporain","10":"tag-art-moderne","11":"tag-banlieue","12":"tag-confinement","13":"tag-conseil-departemental","14":"tag-crise-sanitaire","15":"tag-eu","16":"tag-europe","17":"tag-exposition","18":"tag-fr","19":"tag-france","20":"tag-mac-val","21":"tag-massy","22":"tag-news","23":"tag-nicolas-surlapierre","24":"tag-olivier-capitanio","25":"tag-paris","26":"tag-republique-francaise","27":"tag-securite","28":"tag-tramway","29":"tag-travaux","30":"tag-val-de-marne","31":"tag-vitry-sur-seine"},"share_on_mastodon":{"url":"https:\/\/pubeurope.com\/@fr\/115499344554123424","error":""},"_links":{"self":[{"href":"https:\/\/www.europesays.com\/fr\/wp-json\/wp\/v2\/posts\/514465","targetHints":{"allow":["GET"]}}],"collection":[{"href":"https:\/\/www.europesays.com\/fr\/wp-json\/wp\/v2\/posts"}],"about":[{"href":"https:\/\/www.europesays.com\/fr\/wp-json\/wp\/v2\/types\/post"}],"author":[{"embeddable":true,"href":"https:\/\/www.europesays.com\/fr\/wp-json\/wp\/v2\/users\/2"}],"replies":[{"embeddable":true,"href":"https:\/\/www.europesays.com\/fr\/wp-json\/wp\/v2\/comments?post=514465"}],"version-history":[{"count":0,"href":"https:\/\/www.europesays.com\/fr\/wp-json\/wp\/v2\/posts\/514465\/revisions"}],"wp:featuredmedia":[{"embeddable":true,"href":"https:\/\/www.europesays.com\/fr\/wp-json\/wp\/v2\/media\/514466"}],"wp:attachment":[{"href":"https:\/\/www.europesays.com\/fr\/wp-json\/wp\/v2\/media?parent=514465"}],"wp:term":[{"taxonomy":"category","embeddable":true,"href":"https:\/\/www.europesays.com\/fr\/wp-json\/wp\/v2\/categories?post=514465"},{"taxonomy":"post_tag","embeddable":true,"href":"https:\/\/www.europesays.com\/fr\/wp-json\/wp\/v2\/tags?post=514465"}],"curies":[{"name":"wp","href":"https:\/\/api.w.org\/{rel}","templated":true}]}}