{"id":514467,"date":"2025-11-05T22:01:11","date_gmt":"2025-11-05T22:01:11","guid":{"rendered":"https:\/\/www.europesays.com\/fr\/514467\/"},"modified":"2025-11-05T22:01:11","modified_gmt":"2025-11-05T22:01:11","slug":"pour-cecile-kohler-et-jacques-paris-le-jour-dapres-risque-detre-long","status":"publish","type":"post","link":"https:\/\/www.europesays.com\/fr\/514467\/","title":{"rendered":"Pour C\u00e9cile Kohler et Jacques Paris, le \u00ab\u00a0jour d\u2019apr\u00e8s\u00a0\u00bb risque d\u2019\u00eatre long\u2026"},"content":{"rendered":"<p class=\"paragraph text_align_left lp-f-body-02\">\u00c9puis\u00e9s, amaigris, C\u00e9cile Kohler, 41 ans, et Jacques Paris, 72 ans, condamn\u00e9s en septembre respectivement \u00e0 20 ans et 17 ans d\u2019emprisonnement <a href=\"https:\/\/www.leparisien.fr\/international\/iran\/iran-cecile-kohler-et-jacques-paris-sont-a-bout-de-force-la-france-denonce-leur-condamnation-arbitraire-16-10-2025-BFDEVQVQWVAUXEYPDKOKKYUKA4.php\" target=\"_self\" rel=\"noopener\">\u00ab pour espionnage au profit du renseignement fran\u00e7ais et isra\u00e9lien \u00bb<\/a>, ont pu faire quelques pas dans le superbe jardin de l\u2019ambassade de France \u00e0 T\u00e9h\u00e9ran. L\u2019immense ensemble est install\u00e9 au 9, rue\u2026 Nofel lo Shato, traduction persane de <a href=\"https:\/\/www.leparisien.fr\/yvelines-78\/iran-dans-ce-village-des-yvelines-laffiche-rendant-hommage-a-layatollah-khomeyni-cree-le-malaise-23-01-2023-KZQZ2DRBUJCOLNBHQKFUBZMTCE.php\" target=\"_self\" rel=\"noopener\">Neauphle-le-Ch\u00e2teau<\/a>, ce village des Yvelines o\u00f9 l\u2019ayatollah Khomeini avait pass\u00e9 sa derni\u00e8re ann\u00e9e d\u2019exil avant son retour triomphal en Iran.<\/p>\n","protected":false},"excerpt":{"rendered":"\u00c9puis\u00e9s, amaigris, C\u00e9cile Kohler, 41 ans, et Jacques Paris, 72 ans, condamn\u00e9s en septembre respectivement \u00e0 20 ans&hellip;\n","protected":false},"author":2,"featured_media":514468,"comment_status":"","ping_status":"","sticky":false,"template":"","format":"standard","meta":{"footnotes":""},"categories":[1888],"tags":[11,1777,674,1011,27,14,3019,12,626,316,25],"class_list":{"0":"post-514467","1":"post","2":"type-post","3":"status-publish","4":"format-standard","5":"has-post-thumbnail","7":"category-paris","8":"tag-actualites","9":"tag-eu","10":"tag-europe","11":"tag-fr","12":"tag-france","13":"tag-international","14":"tag-iran","15":"tag-news","16":"tag-paris","17":"tag-politique","18":"tag-republique-francaise"},"share_on_mastodon":{"url":"https:\/\/pubeurope.com\/@fr\/115499347820801497","error":""},"_links":{"self":[{"href":"https:\/\/www.europesays.com\/fr\/wp-json\/wp\/v2\/posts\/514467","targetHints":{"allow":["GET"]}}],"collection":[{"href":"https:\/\/www.europesays.com\/fr\/wp-json\/wp\/v2\/posts"}],"about":[{"href":"https:\/\/www.europesays.com\/fr\/wp-json\/wp\/v2\/types\/post"}],"author":[{"embeddable":true,"href":"https:\/\/www.europesays.com\/fr\/wp-json\/wp\/v2\/users\/2"}],"replies":[{"embeddable":true,"href":"https:\/\/www.europesays.com\/fr\/wp-json\/wp\/v2\/comments?post=514467"}],"version-history":[{"count":0,"href":"https:\/\/www.europesays.com\/fr\/wp-json\/wp\/v2\/posts\/514467\/revisions"}],"wp:featuredmedia":[{"embeddable":true,"href":"https:\/\/www.europesays.com\/fr\/wp-json\/wp\/v2\/media\/514468"}],"wp:attachment":[{"href":"https:\/\/www.europesays.com\/fr\/wp-json\/wp\/v2\/media?parent=514467"}],"wp:term":[{"taxonomy":"category","embeddable":true,"href":"https:\/\/www.europesays.com\/fr\/wp-json\/wp\/v2\/categories?post=514467"},{"taxonomy":"post_tag","embeddable":true,"href":"https:\/\/www.europesays.com\/fr\/wp-json\/wp\/v2\/tags?post=514467"}],"curies":[{"name":"wp","href":"https:\/\/api.w.org\/{rel}","templated":true}]}}