{"id":514473,"date":"2025-11-05T22:04:21","date_gmt":"2025-11-05T22:04:21","guid":{"rendered":"https:\/\/www.europesays.com\/fr\/514473\/"},"modified":"2025-11-05T22:04:21","modified_gmt":"2025-11-05T22:04:21","slug":"les-usa-pourraient-reduire-le-trafic-aerien-de-10-dici-vendredi-en-raison-du-shutdown-sources","status":"publish","type":"post","link":"https:\/\/www.europesays.com\/fr\/514473\/","title":{"rendered":"Les USA pourraient r\u00e9duire le trafic a\u00e9rien de 10% d&rsquo;ici vendredi en raison du \u00ab\u00a0shutdown\u00a0\u00bb-sources"},"content":{"rendered":"<p>WASHINGTON (Reuters) -Le secr\u00e9taire am\u00e9ricain aux Transports, Sean Duffy, devrait d\u00e9cr\u00e9ter une r\u00e9duction de 10% du trafic a\u00e9rien dans les 40 plus grands a\u00e9roports am\u00e9ricains \u00e0 partir de vendredi si aucun accord n&rsquo;est trouv\u00e9 au Congr\u00e8s pour mettre fin au \u00ab\u00a0shutdown\u00a0\u00bb, ont d\u00e9clar\u00e9 des sources au fait de la question.<\/p>\n<p>\n              La fermeture partielle des op\u00e9rations de l&rsquo;administration f\u00e9d\u00e9rale am\u00e9ricaine oblige 13.000 contr\u00f4leurs a\u00e9riens et 50.000 membres de l&rsquo;Administration de la s\u00e9curit\u00e9 des transports \u00e0 travailler sans \u00eatre r\u00e9mun\u00e9r\u00e9s.<\/p>\n<p>\n              Sean Duffy a pr\u00e9venu mardi que si le \u00ab\u00a0shutdown\u00a0\u00bb se poursuivait pour une semaine suppl\u00e9mentaire, cela pourrait mener \u00e0 un \u00ab\u00a0chaos de masse\u00a0\u00bb et l&rsquo;obliger \u00e0 fermer une partie de l&rsquo;espace a\u00e9rien des Etats-Unis au trafic a\u00e9rien.<\/p>\n<p>\n              Les compagnies a\u00e9riennes ont appel\u00e9 \u00e0 de nombreuses reprises \u00e0 une fin du \u00ab\u00a0shutdown\u00a0\u00bb, entr\u00e9 mercredi dans son 36e jour, mettant en garde contre les risques pesant sur la s\u00e9curit\u00e9 a\u00e9rienne.<\/p>\n<p>\n               (David Shepardson; version fran\u00e7aise Camille Raynaud)<\/p>\n<p>\n            par David Shepardson<\/p>\n","protected":false},"excerpt":{"rendered":"WASHINGTON (Reuters) -Le secr\u00e9taire am\u00e9ricain aux Transports, Sean Duffy, devrait d\u00e9cr\u00e9ter une r\u00e9duction de 10% du trafic a\u00e9rien&hellip;\n","protected":false},"author":2,"featured_media":514474,"comment_status":"","ping_status":"","sticky":false,"template":"","format":"standard","meta":{"footnotes":""},"categories":[1589],"tags":[11,340,73,1866,12,1864,1865,1863,308],"class_list":{"0":"post-514473","1":"post","2":"type-post","3":"status-publish","4":"format-standard","5":"has-post-thumbnail","7":"category-etats-unis","8":"tag-actualites","9":"tag-bourse","10":"tag-etats-unis","11":"tag-etats-unis-damerique","12":"tag-news","13":"tag-united-states","14":"tag-united-states-of-america","15":"tag-us","16":"tag-usa"},"share_on_mastodon":{"url":"https:\/\/pubeurope.com\/@fr\/115499359615368878","error":""},"_links":{"self":[{"href":"https:\/\/www.europesays.com\/fr\/wp-json\/wp\/v2\/posts\/514473","targetHints":{"allow":["GET"]}}],"collection":[{"href":"https:\/\/www.europesays.com\/fr\/wp-json\/wp\/v2\/posts"}],"about":[{"href":"https:\/\/www.europesays.com\/fr\/wp-json\/wp\/v2\/types\/post"}],"author":[{"embeddable":true,"href":"https:\/\/www.europesays.com\/fr\/wp-json\/wp\/v2\/users\/2"}],"replies":[{"embeddable":true,"href":"https:\/\/www.europesays.com\/fr\/wp-json\/wp\/v2\/comments?post=514473"}],"version-history":[{"count":0,"href":"https:\/\/www.europesays.com\/fr\/wp-json\/wp\/v2\/posts\/514473\/revisions"}],"wp:featuredmedia":[{"embeddable":true,"href":"https:\/\/www.europesays.com\/fr\/wp-json\/wp\/v2\/media\/514474"}],"wp:attachment":[{"href":"https:\/\/www.europesays.com\/fr\/wp-json\/wp\/v2\/media?parent=514473"}],"wp:term":[{"taxonomy":"category","embeddable":true,"href":"https:\/\/www.europesays.com\/fr\/wp-json\/wp\/v2\/categories?post=514473"},{"taxonomy":"post_tag","embeddable":true,"href":"https:\/\/www.europesays.com\/fr\/wp-json\/wp\/v2\/tags?post=514473"}],"curies":[{"name":"wp","href":"https:\/\/api.w.org\/{rel}","templated":true}]}}