{"id":514499,"date":"2025-11-05T22:26:12","date_gmt":"2025-11-05T22:26:12","guid":{"rendered":"https:\/\/www.europesays.com\/fr\/514499\/"},"modified":"2025-11-05T22:26:12","modified_gmt":"2025-11-05T22:26:12","slug":"la-guerre-continue-entre-fabien-lecoeuvre-et-matthieu-delormeau-dans-tbt9","status":"publish","type":"post","link":"https:\/\/www.europesays.com\/fr\/514499\/","title":{"rendered":"la guerre continue entre Fabien Lecoeuvre et Matthieu Delormeau dans TBT9"},"content":{"rendered":"<p class=\"mb-4 text-lg md:leading-8 break-words\">L&rsquo;\u00e9mission \u00ab\u00a0<a data-i13n=\"cpos:1;pos:1\" href=\"https:\/\/fr.news.yahoo.com\/tout-beau-tout-neuf-honteux--aucun-respect-ca-part-totalement-en-vrille-cest-du-harcelement-un-gros-clash-entre-matthieu-delormeau-et-fabien-lecoeuvre-choque-la-toile-202152062.html\" data-ylk=\"slk:Tout beau tout neuf;cpos:1;pos:1;elm:context_link;itc:0;sec:content-canvas;outcm:mb_qualified_link;_E:mb_qualified_link;ct:story;\" class=\"link  yahoo-link\" target=\"_blank\" rel=\"noopener\">Tout beau tout neuf<\/a>\u00ab\u00a0, diffus\u00e9e chaque soir de la semaine sur W9 et anim\u00e9e par <a data-i13n=\"cpos:2;pos:1\" href=\"https:\/\/fr.news.yahoo.com\/tbt9-apr%C3%A8s-10-ans-tpmp-143700347.html\" data-ylk=\"slk:Cyril Hanouna;cpos:2;pos:1;elm:context_link;itc:0;sec:content-canvas;outcm:mb_qualified_link;_E:mb_qualified_link;ct:story;\" class=\"link  yahoo-link\" target=\"_blank\" rel=\"noopener\">Cyril Hanouna<\/a>, a propos\u00e9 ce mercredi 5 novembre une soir\u00e9e riche en actualit\u00e9s et en rebondissements. Au programme de cette \u00e9mission en direct, les chroniqueurs se sont pench\u00e9s sur plusieurs sujets qui ont fait r\u00e9agir : un rapport parlementaire propose l&rsquo;interdiction de la vente d&rsquo;alcool \u00e0 la buvette de l&rsquo;Assembl\u00e9e nationale, Zohran Mamdani, opposant \u00e0 Donald Trump, devient le plus jeune maire de New York depuis un si\u00e8cle, St\u00e9phane Bern lance sa marque de v\u00eatements en partenariat avec la SPA, ou encore l&rsquo;incident provoqu\u00e9 par un organisateur de Miss Univers qui a humili\u00e9 la repr\u00e9sentante du Mexique, cr\u00e9ant un v\u00e9ritable toll\u00e9. Sur le plateau, les t\u00e9l\u00e9spectateurs retrouvent des visages familiers comme Matthieu Delormeau, Val\u00e9rie B\u00e9na\u00efm, <a data-i13n=\"cpos:3;pos:1\" href=\"https:\/\/fr.news.yahoo.com\/mas-tromp%C3%A9e-humili%C3%A9e-pris-loseille-180200839.html\" data-ylk=\"slk:Polska;cpos:3;pos:1;elm:context_link;itc:0;sec:content-canvas;outcm:mb_qualified_link;_E:mb_qualified_link;ct:story;\" class=\"link  yahoo-link\" target=\"_blank\" rel=\"noopener\">Polska<\/a>, Gilles Verdez ou encore G\u00e9raldine Maillet. R\u00e9cemment, l&rsquo;\u00e9mission a accueilli de nouveaux talents, dont la journaliste Shana Loustau qui apporte un regard neuf sur les sujets trait\u00e9s. Mais c&rsquo;est surtout le retour sur le clash de la veille entre Matthieu Delormeau et Fabien Lecoeuvre qui a marqu\u00e9 les esprits et monopolis\u00e9 l&rsquo;attention des internautes sur X. Cette s\u00e9quence a une fois de plus illustr\u00e9 l&rsquo;atmosph\u00e8re particuli\u00e8re de l&rsquo;\u00e9mission, o\u00f9 le second degr\u00e9 et les \u00e9changes spontan\u00e9s occupent une place centrale.<\/p>\n<p>Un clash violent qui secoue le plateau mardi<\/p>\n<p class=\"mb-4 text-lg md:leading-8 break-words\">Tout a commenc\u00e9 ce mardi 4 novembre lors de l&rsquo;\u00e9mission en direct. Fabien Lecoeuvre, chroniqueur sp\u00e9cialiste de la chanson fran\u00e7aise et habitu\u00e9 des plateaux t\u00e9l\u00e9vis\u00e9s, \u00e9tait en pleine intervention sur les relations familiales du chanteur Renaud. Pendant sa chronique, ses coll\u00e8gues, dont Matthieu Delormeau, ont \u00e9clat\u00e9 de rire \u00e0 plusieurs reprises, perturbant le d\u00e9roulement de son intervention. Agac\u00e9 par ces interruptions r\u00e9p\u00e9t\u00e9es, Fabien Lecoeuvre a fini par l\u00e2cher une remarque acerbe : \u00ab\u00a0D&rsquo;avoir un turbulent \u00e0 c\u00f4t\u00e9, c&rsquo;est compliqu\u00e9 !\u00a0\u00bb. La r\u00e9ponse de Matthieu Delormeau ne s&rsquo;est pas fait attendre et a \u00e9t\u00e9 cinglante : \u00ab\u00a0Je suis d\u00e9sol\u00e9, d&rsquo;avoir un escroc aussi !\u00a0\u00bb. Ce terme, particuli\u00e8rement fort et consid\u00e9r\u00e9 comme une v\u00e9ritable injure, a profond\u00e9ment bless\u00e9 le chroniqueur musical. Sans h\u00e9siter, Fabien Lecoeuvre a imm\u00e9diatement d\u00e9pos\u00e9 ses notes sur le bureau et a quitt\u00e9 le plateau en direct, sous les rires du public et de certains chroniqueurs pr\u00e9sents. La situation a rapidement pris une tournure s\u00e9rieuse et cr\u00e9\u00e9 un malaise palpable sur le plateau. Cyril Hanouna, habitu\u00e9 \u00e0 g\u00e9rer ce type de situations tendues, a tent\u00e9 de d\u00e9samorcer la crise en invitant Matthieu Delormeau \u00e0 pr\u00e9senter ses excuses publiquement. Apr\u00e8s quelques minutes de n\u00e9gociation et d&rsquo;insistance de la part de l&rsquo;animateur, le chroniqueur people a fini par s&rsquo;excuser en relativisant : \u00ab\u00a0Bigi, tout ce qui est excessif est insignifiant, je te pr\u00e9sente mes excuses. Un peu d&rsquo;humour\u00a0\u00bb. Fabien Lecoeuvre est finalement revenu sur le plateau apr\u00e8s plusieurs minutes d&rsquo;absence et a accept\u00e9 les excuses. Une accolade entre les deux hommes a symboliquement scell\u00e9 la r\u00e9conciliation, permettant \u00e0 l&rsquo;\u00e9mission de reprendre son cours normal.<\/p>\n<p>\u00ab\u00a0EX-animateur !\u00a0\u00bb : Fabien Lecoeuvre ne d\u00e9sarme pas<\/p>\n<p class=\"mb-4 text-lg md:leading-8 break-words\">Le lendemain, ce mercredi 5 novembre, l&rsquo;\u00e9quipe de \u00ab\u00a0Tout beau tout neuf\u00a0\u00bb a d\u00e9cid\u00e9 de revenir sur cet incident qui a fait r\u00e9agir les r\u00e9seaux sociaux. Cyril Hanouna a ouvert l&rsquo;\u00e9mission en \u00e9voquant le clash de la veille avec son ironie habituelle. Pour marquer le coup et d\u00e9samorcer la tension avec humour, l&rsquo;animateur a annonc\u00e9 la mise en place de nouvelles \u00ab\u00a0mesures de s\u00e9curit\u00e9\u00a0\u00bb sur le plateau : trois agents de s\u00e9curit\u00e9 ont \u00e9t\u00e9 symboliquement positionn\u00e9s autour des chroniqueurs, et Michel Mary, autre membre de l&rsquo;\u00e9quipe, a \u00e9t\u00e9 plac\u00e9 strat\u00e9giquement entre Matthieu Delormeau et Fabien Lecoeuvre pour \u00e9viter tout nouvel incident. Shana Loustau, la nouvelle chroniqueuse de l&rsquo;\u00e9mission, a pris la parole avec beaucoup de s\u00e9rieux pour revenir sur les \u00e9v\u00e9nements de la veille et analyser la situation. L&rsquo;\u00e9quipe a ensuite revisionn\u00e9 ensemble la s\u00e9quence du clash. C&rsquo;est \u00e0 ce moment-l\u00e0 que Fabien Lecoeuvre a d\u00e9cid\u00e9 de s&rsquo;exprimer plus longuement sur les raisons de son agacement. Le chroniqueur a d\u00e9taill\u00e9 les comportements de Matthieu Delormeau qui le d\u00e9rangent au quotidien sur le plateau : \u00ab\u00a0Il mange des chips, il boit des boissons gaz\u00e9ifi\u00e9es, il rote derri\u00e8re, il suce des pastilles, c&rsquo;est hallucinant. Il fait des blagues \u00e0 Val\u00e9rie B\u00e9na\u00efm. Quand on est \u00e0 c\u00f4t\u00e9 et qu&rsquo;on bosse, c&rsquo;est compliqu\u00e9\u00a0\u00bb. Cette explication a permis de comprendre que le clash de la veille n&rsquo;\u00e9tait pas un incident isol\u00e9 mais l&rsquo;aboutissement d&rsquo;une frustration accumul\u00e9e. Matthieu Delormeau, fid\u00e8le \u00e0 son personnage provocateur, n&rsquo;a pas manqu\u00e9 de r\u00e9pondre avec une pointe d&rsquo;ironie : \u00ab\u00a0Il ne fallait pas bosser \u00e0 c\u00f4t\u00e9 d&rsquo;un animateur mon chou !\u00a0\u00bb. Cette r\u00e9plique a imm\u00e9diatement d\u00e9clench\u00e9 une nouvelle r\u00e9partie de Fabien Lecoeuvre, particuli\u00e8rement cinglante : \u00ab\u00a0EX-animateur !\u00a0\u00bb<\/p>\n<p class=\"mb-4 text-lg md:leading-8 break-words\">Cette nouvelle joute verbale entre les deux chroniqueurs a fait le bonheur des internautes sur X. Contrairement au clash de la veille qui avait choqu\u00e9 une partie du public, cette s\u00e9quence du mercredi a \u00e9t\u00e9 per\u00e7ue comme une mise en sc\u00e8ne assum\u00e9e et divertissante. Les t\u00e9l\u00e9spectateurs ont largement r\u00e9agi sur X, en partageant leurs impressions et leur amusement face \u00e0 cette situation.<\/p>\n","protected":false},"excerpt":{"rendered":"L&rsquo;\u00e9mission \u00ab\u00a0Tout beau tout neuf\u00ab\u00a0, diffus\u00e9e chaque soir de la semaine sur W9 et anim\u00e9e par Cyril Hanouna,&hellip;\n","protected":false},"author":2,"featured_media":514500,"comment_status":"","ping_status":"","sticky":false,"template":"","format":"standard","meta":{"footnotes":""},"categories":[1356],"tags":[1083,58,59,3719,1011,27,7830,252,1364],"class_list":{"0":"post-514499","1":"post","2":"type-post","3":"status-publish","4":"format-standard","5":"has-post-thumbnail","7":"category-television","8":"tag-cyril-hanouna","9":"tag-divertissement","10":"tag-entertainment","11":"tag-fabien-lecoeuvre","12":"tag-fr","13":"tag-france","14":"tag-matthieu-delormeau","15":"tag-television","16":"tag-tv"},"share_on_mastodon":{"url":"","error":""},"_links":{"self":[{"href":"https:\/\/www.europesays.com\/fr\/wp-json\/wp\/v2\/posts\/514499","targetHints":{"allow":["GET"]}}],"collection":[{"href":"https:\/\/www.europesays.com\/fr\/wp-json\/wp\/v2\/posts"}],"about":[{"href":"https:\/\/www.europesays.com\/fr\/wp-json\/wp\/v2\/types\/post"}],"author":[{"embeddable":true,"href":"https:\/\/www.europesays.com\/fr\/wp-json\/wp\/v2\/users\/2"}],"replies":[{"embeddable":true,"href":"https:\/\/www.europesays.com\/fr\/wp-json\/wp\/v2\/comments?post=514499"}],"version-history":[{"count":0,"href":"https:\/\/www.europesays.com\/fr\/wp-json\/wp\/v2\/posts\/514499\/revisions"}],"wp:featuredmedia":[{"embeddable":true,"href":"https:\/\/www.europesays.com\/fr\/wp-json\/wp\/v2\/media\/514500"}],"wp:attachment":[{"href":"https:\/\/www.europesays.com\/fr\/wp-json\/wp\/v2\/media?parent=514499"}],"wp:term":[{"taxonomy":"category","embeddable":true,"href":"https:\/\/www.europesays.com\/fr\/wp-json\/wp\/v2\/categories?post=514499"},{"taxonomy":"post_tag","embeddable":true,"href":"https:\/\/www.europesays.com\/fr\/wp-json\/wp\/v2\/tags?post=514499"}],"curies":[{"name":"wp","href":"https:\/\/api.w.org\/{rel}","templated":true}]}}