{"id":514544,"date":"2025-11-05T22:51:25","date_gmt":"2025-11-05T22:51:25","guid":{"rendered":"https:\/\/www.europesays.com\/fr\/514544\/"},"modified":"2025-11-05T22:51:25","modified_gmt":"2025-11-05T22:51:25","slug":"le-salon-resonances-et-185-artisanes-exposent-a-strasbourg","status":"publish","type":"post","link":"https:\/\/www.europesays.com\/fr\/514544\/","title":{"rendered":"le salon R\u00e9sonances et 185 artisan(e)s exposent \u00e0 Strasbourg"},"content":{"rendered":"<p>    <img loading=\"lazy\" width=\"1800\" height=\"900\" src=\"https:\/\/www.europesays.com\/fr\/wp-content\/uploads\/2025\/11\/jeanne-callthepolice.jpg\" class=\"attachment-full size-full\" alt=\"\" id=\"imageLove\" decoding=\"async\"  \/><\/p>\n<p id=\"breadcrumbs\"><a href=\"https:\/\/pokaa.fr\/\" target=\"_blank\" rel=\"noopener\">Accueil<\/a> \/ <a href=\"https:\/\/pokaa.fr\/categories\/ses-sorties\/\" target=\"_blank\" rel=\"noopener\">Sorties<\/a> \/ De l\u2019art sur 6100 m2 : le salon R\u00e9sonances et 185 artisan(e)s exposent \u00e0 Strasbourg<\/p>\n<p>                    Sorties<\/p>\n<p><b>Du 7 au 11 novembre, audace et cr\u00e9ativit\u00e9 seront au rendez-vous \u00e0 Strasbourg. \u00ab R\u00e9sonances \u00bb revient y faire du bruit, avec la 13e \u00e9dition de ce salon des m\u00e9tiers d\u2019art qui r\u00e9unira cette ann\u00e9e 185 exposant(e)s aux savoir-faire aussi divers qu\u2019extraordinaires !<\/b><\/p>\n<p>Rendez-vous phare de l\u2019automne, de la cr\u00e9ation contemporaine et des m\u00e9tiers d\u2019art en France, R\u00e9sonances est de retour <b>au Parc des Expositions de Strasbourg du 7 au 11 novembre<\/b>.<\/p>\n<p><b>Pendant 5 jours, 185 artisan(e)s venu(e)s de 9 pays d\u2019Europe seront sur place, pour exposer leurs savoir-faire. <\/b>Une 13e \u00e9dition que l\u2019on nous annonce \u00ab\u00a0de haute vol\u00e9e\u00a0\u00bb, avec <b>pour invit\u00e9 d\u2019honneur le c\u00e9ramiste britannique Steven Edwards<\/b>.<\/p>\n<p>                <img width=\"333\" height=\"500\" src=\"https:\/\/www.europesays.com\/fr\/wp-content\/uploads\/2025\/11\/charlotte-heurtier-ceramiste-333x500.jpg\" class=\"attachment-gallery size-gallery\" alt=\"Charlotte Heurtier + r\u00e9sonances + fr\u00e9maa\" data-full-url=\"https:\/\/pokaa.fr\/wp-content\/uploads\/2025\/11\/04\/charlotte-heurtier-ceramiste.jpg\" decoding=\"async\" loading=\"lazy\"  \/>            <\/p>\n<p>                <img width=\"358\" height=\"500\" src=\"https:\/\/www.europesays.com\/fr\/wp-content\/uploads\/2025\/11\/atelier-iris-nijenhuis-creatrice-dobjets-textiles-dasha-martynova-358x500.jpg\" class=\"attachment-gallery size-gallery\" alt=\"r\u00e9sonances + fr\u00e9maa + Atelier Iris Nijenhuis\" data-full-url=\"https:\/\/pokaa.fr\/wp-content\/uploads\/2025\/11\/04\/atelier-iris-nijenhuis-creatrice-dobjets-textiles-dasha-martynova.jpg\" decoding=\"async\" loading=\"lazy\"  \/>            <\/p>\n<p>                <img width=\"500\" height=\"500\" src=\"https:\/\/www.europesays.com\/fr\/wp-content\/uploads\/2025\/11\/andrea-vaggione-bijoutiere-500x500.jpg\" class=\"attachment-gallery size-gallery\" alt=\"r\u00e9sonances + fr\u00e9maa + Andrea Vaggione\" data-full-url=\"https:\/\/pokaa.fr\/wp-content\/uploads\/2025\/11\/04\/andrea-vaggione-bijoutiere.jpg\" decoding=\"async\" loading=\"lazy\"  \/>            <\/p>\n<p>                    1. et 3. Charlotte Heurtier, c\u00e9ramiste et Andrea Vaggione, bijouti\u00e8re. \u00a9 fr\u00e9maa \/ Documents remis ; 2. Atelier Iris Nijenhuis, cr\u00e9atrice d&rsquo;objets textiles. \u00a9 Dasha Martynova \/ Document remis<\/p>\n<p>    <img width=\"491\" height=\"600\" src=\"https:\/\/www.europesays.com\/fr\/wp-content\/uploads\/2025\/11\/striped-fold-xvii-736x900-1-491x600.jpg\" class=\"attachment-image-size-M size-image-size-M\" alt=\"Steven Edwards + r\u00e9sonances + fr\u00e9maa\" decoding=\"async\" loading=\"lazy\"  \/>         Invit\u00e9 d&rsquo;honneur : le c\u00e9ramiste Steven Edwards. \u00a9 Document remis <\/p>\n<p>Que l\u2019on souhaite s\u2019offrir une \u0153uvre unique, anticiper les achats de No\u00ebl ou simplement fl\u00e2ner et s\u2019\u00e9merveiller, R\u00e9sonances s\u2019ouvre aussi bien aux sp\u00e9cialistes qu\u2019aux n\u00e9ophytes.<\/p>\n<p><b>Mobilier, d\u00e9coration, sculpture, mode, luminaires, arts graphiques ou arts de la table<\/b>\u00a0: <b>la fr\u00e9maa, <\/b>F\u00e9d\u00e9ration des m\u00e9tiers d\u2019art d\u2019Alsace, y proposera une nouvelle fois le meilleur des m\u00e9tiers d\u2019art, dans <b>une expo-vente d\u2019envergure, sur 6 100 m\u00b2<\/b>.<\/p>\n<p>    <img width=\"608\" height=\"382\" src=\"https:\/\/www.europesays.com\/fr\/wp-content\/uploads\/2025\/11\/yves-trotzier.png\" class=\"attachment-image-size-L size-image-size-L\" alt=\"r\u00e9sonances + fr\u00e9maa\" decoding=\"async\" loading=\"lazy\"  \/>         R\u00e9sonances. \u00a9 Yves Trotzier \/ Document remis <\/p>\n<p>Lumi\u00e8re sur&#8230; les chandeliers, cand\u00e9labres et bougeoirs<\/p>\n<p>Comme chaque ann\u00e9e, R\u00e9sonances organise <b>une exposition collective in\u00e9dite <\/b>dans son espace Collection. En 2025, celle-ci sera consacr\u00e9e aux <b>c<\/b><strong><b>handeliers<\/b><\/strong><strong>, cand\u00e9labres et bougeoirs\u00a0<\/strong><strong>: \u00e0<\/strong><strong> la lueur du geste<\/strong><strong>.<\/strong><\/p>\n<p>Un coup de projecteur sur <b>une quarantaine de pi\u00e8ces de collection <\/b>con\u00e7ues par une vingtaine d\u2019artisan(e)s (en orf\u00e8vrerie, bijouterie, c\u00e9ramique, sculpture, etc.), <b>\u00ab\u00a0pour une immersion po\u00e9tique dans le travail de la lumi\u00e8re et de la mati\u00e8re\u00a0\u00bb<\/b>.<\/p>\n<p>                <img width=\"500\" height=\"500\" src=\"https:\/\/www.europesays.com\/fr\/wp-content\/uploads\/2025\/11\/michael-berger-orfevre-2-500x500.jpg\" class=\"attachment-gallery size-gallery\" alt=\"Michael Berger + r\u00e9sonances + fr\u00e9maa\" data-full-url=\"https:\/\/pokaa.fr\/wp-content\/uploads\/2025\/11\/04\/michael-berger-orfevre-2.jpg\" decoding=\"async\" loading=\"lazy\"  \/>            <\/p>\n<p>                <img width=\"500\" height=\"500\" src=\"https:\/\/www.europesays.com\/fr\/wp-content\/uploads\/2025\/11\/maxime-prange-createur-de-luminaires-500x500.jpg\" class=\"attachment-gallery size-gallery\" alt=\"Maxime Prang\u00e9 + r\u00e9sonances + fr\u00e9maa\" data-full-url=\"https:\/\/pokaa.fr\/wp-content\/uploads\/2025\/11\/04\/maxime-prange-createur-de-luminaires.jpg\" decoding=\"async\" loading=\"lazy\"  \/>            <\/p>\n<p>                <img width=\"749\" height=\"500\" src=\"https:\/\/www.europesays.com\/fr\/wp-content\/uploads\/2025\/11\/julie-johnson-souffleuse-de-verre1-749x500.jpg\" class=\"attachment-gallery size-gallery\" alt=\"Julie JOHNSON + r\u00e9sonances + fr\u00e9maa\" data-full-url=\"https:\/\/pokaa.fr\/wp-content\/uploads\/2025\/11\/04\/julie-johnson-souffleuse-de-verre1.jpg\" decoding=\"async\" loading=\"lazy\"  \/>            <\/p>\n<p>                    1. Michael Berger, orf\u00e8vre, 2. Maxime Prang\u00e9, cr\u00e9ateur de luminaires, 3. Julie Johnson, souffleuse de verre. \u00a9 fr\u00e9maa \/ Documents remis<\/p>\n<p>Pour aller plus loin\u00a0: ateliers, conf\u00e9rences&#8230;<\/p>\n<p>Avec toujours comme volont\u00e9 \u00ab\u00a0d\u2019\u00eatre <b>un lieu de r\u00e9flexion, d\u2019\u00e9change et d\u2019\u00e9mulation<\/b>\u00a0\u00bb, le salon s\u2019enrichit une nouvelle fois de nombreuses <b>conf\u00e9rences <\/b>et <b>projections<\/b> sur les enjeux actuels des m\u00e9tiers d\u2019art. Mais aussi de <b>d\u00e9monstrations en direct<\/b>, au plus pr\u00e8s des artisan(e)s, avec du tissage, de la c\u00e9ramique ou diverses techniques de gravure.<\/p>\n<p>                <img width=\"375\" height=\"500\" src=\"https:\/\/www.europesays.com\/fr\/wp-content\/uploads\/2025\/11\/img-20231113-1503202-375x500.jpg\" class=\"attachment-gallery size-gallery\" alt=\"r\u00e9sonances + fr\u00e9maa\" data-full-url=\"https:\/\/pokaa.fr\/wp-content\/uploads\/2025\/11\/04\/img-20231113-1503202.jpg\" decoding=\"async\" loading=\"lazy\"  \/>            <\/p>\n<p>                <img width=\"375\" height=\"500\" src=\"https:\/\/www.europesays.com\/fr\/wp-content\/uploads\/2025\/11\/img-20231113-1452512-375x500.jpg\" class=\"attachment-gallery size-gallery\" alt=\"r\u00e9sonances + fr\u00e9maa\" data-full-url=\"https:\/\/pokaa.fr\/wp-content\/uploads\/2025\/11\/04\/img-20231113-1452512.jpg\" decoding=\"async\" loading=\"lazy\"  \/>            <\/p>\n<p>                <img width=\"667\" height=\"500\" src=\"https:\/\/www.europesays.com\/fr\/wp-content\/uploads\/2025\/11\/img-20231113-1445252-667x500.jpg\" class=\"attachment-gallery size-gallery\" alt=\"r\u00e9sonances + fr\u00e9maa\" data-full-url=\"https:\/\/pokaa.fr\/wp-content\/uploads\/2025\/11\/04\/img-20231113-1445252.jpg\" decoding=\"async\" loading=\"lazy\"  \/>            <\/p>\n<p>                    R\u00e9sonances 2023. \u00a9 Fanny Soriano \/ Pokaa<\/p>\n<p>Les plus jeunes (<b>enfants et ados<\/b>) pourront \u00e9galement s\u2019inscrire \u00e0 <b>des ateliers p\u00e9dagogiques<\/b>, pour mettre la main \u00e0 la p\u00e2te, tout en s\u2019amusant. Pour <b>apprendre \u00e0 modeler l\u2019argile<\/b>, confectionner une <b>d\u00e9coration de No\u00ebl brod\u00e9e \u00e0 la main<\/b>, <b>d\u00e9couvrir la gravure ou les encres v\u00e9g\u00e9tales !\u00a0<\/b><\/p>\n<p>            R\u00e9sonances \u2013 13e \u00e9dition<\/p>\n<p>            Quoi ? <\/p>\n<p>Salon europ\u00e9en des m\u00e9tiers d\u2019art<\/p>\n<p>                Quand ?<\/p>\n<p>Du vendredi 7 au mardi 11 novembre<br \/>(Vendredi de 10h \u00e0 21h\u00a0; du samedi au lundi de 10h \u00e0 19h\u00a0; mardi de 10h \u00e0 18h)<\/p>\n<p>            o\u00f9 ?<\/p>\n<p>Au Parc des Expos (Hall 1), avenue Herrenschmidt, \u00e0 Strasbourg<\/p>\n<p>                Plus d&rsquo;infos ?<\/p>\n<p><a href=\"https:\/\/www.salon-resonances.com\/\" target=\"_blank\" rel=\"noopener\">Infos et billetterie<\/a><\/p>\n","protected":false},"excerpt":{"rendered":"Accueil \/ Sorties \/ De l\u2019art sur 6100 m2 : le salon R\u00e9sonances et 185 artisan(e)s exposent \u00e0&hellip;\n","protected":false},"author":2,"featured_media":514545,"comment_status":"","ping_status":"","sticky":false,"template":"","format":"standard","meta":{"footnotes":""},"categories":[2820],"tags":[1111,11,3734,1477,1777,674,3293,652,1011,27,63497,775,6868,12,25,63498,640,58524,4064],"class_list":{"0":"post-514544","1":"post","2":"type-post","3":"status-publish","4":"format-standard","5":"has-post-thumbnail","7":"category-strasbourg","8":"tag-actu","9":"tag-actualites","10":"tag-art","11":"tag-artisanat","12":"tag-eu","13":"tag-europe","14":"tag-exposition","15":"tag-famille","16":"tag-fr","17":"tag-france","18":"tag-fremaa","19":"tag-grand-est","20":"tag-metiers-dart","21":"tag-news","22":"tag-republique-francaise","23":"tag-resonances","24":"tag-strasbourg","25":"tag-strasbourg-actualite","26":"tag-week-end"},"share_on_mastodon":{"url":"https:\/\/pubeurope.com\/@fr\/115499545526372326","error":""},"_links":{"self":[{"href":"https:\/\/www.europesays.com\/fr\/wp-json\/wp\/v2\/posts\/514544","targetHints":{"allow":["GET"]}}],"collection":[{"href":"https:\/\/www.europesays.com\/fr\/wp-json\/wp\/v2\/posts"}],"about":[{"href":"https:\/\/www.europesays.com\/fr\/wp-json\/wp\/v2\/types\/post"}],"author":[{"embeddable":true,"href":"https:\/\/www.europesays.com\/fr\/wp-json\/wp\/v2\/users\/2"}],"replies":[{"embeddable":true,"href":"https:\/\/www.europesays.com\/fr\/wp-json\/wp\/v2\/comments?post=514544"}],"version-history":[{"count":0,"href":"https:\/\/www.europesays.com\/fr\/wp-json\/wp\/v2\/posts\/514544\/revisions"}],"wp:featuredmedia":[{"embeddable":true,"href":"https:\/\/www.europesays.com\/fr\/wp-json\/wp\/v2\/media\/514545"}],"wp:attachment":[{"href":"https:\/\/www.europesays.com\/fr\/wp-json\/wp\/v2\/media?parent=514544"}],"wp:term":[{"taxonomy":"category","embeddable":true,"href":"https:\/\/www.europesays.com\/fr\/wp-json\/wp\/v2\/categories?post=514544"},{"taxonomy":"post_tag","embeddable":true,"href":"https:\/\/www.europesays.com\/fr\/wp-json\/wp\/v2\/tags?post=514544"}],"curies":[{"name":"wp","href":"https:\/\/api.w.org\/{rel}","templated":true}]}}