{"id":514571,"date":"2025-11-05T23:05:18","date_gmt":"2025-11-05T23:05:18","guid":{"rendered":"https:\/\/www.europesays.com\/fr\/514571\/"},"modified":"2025-11-05T23:05:18","modified_gmt":"2025-11-05T23:05:18","slug":"plutot-quune-soupe-de-sigles-lyon-a-besoin-dun-projet","status":"publish","type":"post","link":"https:\/\/www.europesays.com\/fr\/514571\/","title":{"rendered":"Plut\u00f4t qu&rsquo;une soupe de sigles, Lyon a besoin d\u2019un projet"},"content":{"rendered":"<p>Deux jours avant, il disait pourtant ne vouloir le faire que dans quelques mois.<\/p>\n<p>Il s&rsquo;est pr\u00e9sent\u00e9 entour\u00e9 d\u2019alli\u00e9s venus de tous les horizons de la gauche \u2014 chacun avec son logo, parfois notoire, parfois confidentiel et son \u00e9tiquette.<\/p>\n<p>Il ne devait pas se lancer si t\u00f4t. Mais face \u00e0 des sondages pointant une image de mal-aim\u00e9 chez les Lyonnais, il a voulu s\u2019afficher en groupe. Quitte \u00e0 s\u2019y perdre.<\/p>\n<p>Entre les partis bien identifi\u00e9s comme Les Ecologistes et l&rsquo;excellente maire du 7e Fanny Dubot, le PS avec Sandrine Runel, le PCF avec Augustin Pesche, et une foule de micro-groupes aux noms de collectifs de quartier, Gr\u00e9gory Doucet peinait m\u00eame \u00e0 tous les \u00e9num\u00e9rer devant les cam\u00e9ras.<\/p>\n<p><img loading=\"lazy\" decoding=\"async\" style=\"display: block; margin-left: auto; margin-right: auto;\" src=\"https:\/\/www.europesays.com\/fr\/wp-content\/uploads\/2025\/11\/img-6038-50461.jpg\" alt=\"\" width=\"800\" height=\"565\"\/><\/p>\n<p>Jean-Michel Aulas rassemble certes au centre et \u00e0 droite. Mais, et les porteurs d&rsquo;\u00e9tiquettes l&rsquo;oublient, capte aussi une partie de l\u2019\u00e9lectorat de gauche, la plus sensible \u00e0 la fiert\u00e9 lyonnaise et la moins port\u00e9e sur les \u00e9tiquettes de partis nationaux.<\/p>\n<p>Il faut que la majorit\u00e9 sortante arr\u00eate de refuser de voir cela. Pour le contrer, les \u00e9lus municipaux ont voulu rappeler que la gauche \u00e0 Lyon, c\u2019est eux. Celle qui a d\u00e9croch\u00e9 les 4 si\u00e8ges de d\u00e9put\u00e9s du Nouveau Front Populaire l\u2019an dernier sur 4 possibles \u00e0 Lyon. Carton plein.<\/p>\n<p>Mais le souvenir du NFP ne va pas sans attaques internes peu reluisantes. Comme ces responsables socialistes qui ont raill\u00e9 la proposition d\u2019Ana\u00efs Belouassa-Cherifi, candidate LFI qui a os\u00e9 partir en liste s\u00e9par\u00e9e du maire de Lyon. Celle-ci proposait de r\u00e9quisitionner des logements vides pour y h\u00e9berger des familles \u00e0 la rue.<\/p>\n<p>L&rsquo;id\u00e9e a \u00e9t\u00e9 qualifi\u00e9e de\u00a0\u201cproposition de Miss France\u201d par des cadres socialistes dont je tairai les noms par charit\u00e9. Bonjour le f\u00e9minisme. Bonjour la solidarit\u00e9 vis \u00e0 vis des femmes et des enfants \u00e0 la rue.<\/p>\n<p>Entre ceux qui croient \u00e0 une sociologie \u00e9lectorale acquise \u00e0 vie et ceux qui plaquent les enjeux nationaux sur le local, tout finit par se diluer.<\/p>\n<p>La \u00ab\u00a0soupe de sigles\u00a0\u00bb \u2014 l&rsquo;expression est de l&rsquo;intellectuelle Chantal Mouffe, reprise par la gauche radicale de Podemos \u2014 produit toujours le m\u00eame r\u00e9sultat : un grand bol ti\u00e8de. Chacun remue son \u00e9cusson, personne ne sert de vrai plat. PS, Verts, micro-formations\u2026 pour l\u2019instant, ce n\u2019est que de l\u2019affichage. Aucune proposition forte.<br \/>Et pourtant, les Lyonnaises et les Lyonnais veulent du concret.<\/p>\n<p>La majorit\u00e9 sortante a travaill\u00e9. Bail r\u00e9el solidaire, encadrement des loyers\u2026 des mesures m\u00e9tropolitaines, mais aussi port\u00e9es par la Ville. <strong>Probl\u00e8me : il est encore plus difficile de se loger \u00e0 Lyon aujourd\u2019hui qu\u2019en 2020. Le constat est clair.<\/strong><\/p>\n<p><strong>Construire plus de logements ? <\/strong>Une id\u00e9e que les \u00e9cologistes ont longtemps refus\u00e9e. Y aura-t-il un changement de cap ? Des solutions nouvelles ? Rien n\u2019a \u00e9t\u00e9 annonc\u00e9. Un logo ne remplace pas une mesure. Et toujours rien sur le logement.<\/p>\n<p><strong>Rien non plus sur la culture.<\/strong> Le mus\u00e9e Guimet est d\u00e9sert\u00e9. Il pourrait pourtant devenir un symbole de renouveau : un lieu d\u00e9di\u00e9 aux sciences, un festival du futur, un espace m\u00ealant innovation, \u00e9cologie et art. Mais non. On ne sait toujours pas ce qu\u2019il va devenir.<\/p>\n<p>Pendant qu\u2019on nous parle d\u2019appareils et de renouvellement des rentes d\u2019\u00e9lus, une part non n\u00e9gligeable de l\u2019\u00e9lectorat de gauche regarde d\u00e9j\u00e0 vers Aulas. Faire comme si ce n\u2019\u00e9tait pas le cas, c\u2019est se tirer une balle dans le pied.<\/p>\n<p>Les Lyonnaises et les Lyonnais ne veulent plus qu\u2019on leur serve une soupe de sigles. Ils veulent un cap. Un vrai projet. Des id\u00e9es claires. Des r\u00e9ponses concr\u00e8tes sur leurs vies quotidiennes.<\/p>\n<p>Retrouvez tous les billets de <a href=\"https:\/\/www.instagram.com\/romainblachier\/\" target=\"_blank\" rel=\"noopener\">Romain Blachier<\/a> sur son site.<\/p>\n<p><strong>Romain Blachier<\/strong><\/p>\n<p>  \t\t\t\t\t<script async src=\"\/\/www.instagram.com\/embed.js\"><\/script><\/p>\n","protected":false},"excerpt":{"rendered":"Deux jours avant, il disait pourtant ne vouloir le faire que dans quelques mois. Il s&rsquo;est pr\u00e9sent\u00e9 entour\u00e9&hellip;\n","protected":false},"author":2,"featured_media":514572,"comment_status":"","ping_status":"","sticky":false,"template":"","format":"standard","meta":{"footnotes":""},"categories":[1889],"tags":[1111,11,2813,2190,2430,1109,251,1112,2811,1777,674,118,1011,27,1922,1110,1114,2428,2810,12,241,316,25,2812,517,800],"class_list":{"0":"post-514571","1":"post","2":"type-post","3":"status-publish","4":"format-standard","5":"has-post-thumbnail","7":"category-lyon","8":"tag-actu","9":"tag-actualites","10":"tag-article","11":"tag-asvel","12":"tag-auvergne-rhone-alpes","13":"tag-breves","14":"tag-culture","15":"tag-depeches","16":"tag-economique","17":"tag-eu","18":"tag-europe","19":"tag-faits-divers","20":"tag-fr","21":"tag-france","22":"tag-info","23":"tag-informations","24":"tag-infos","25":"tag-lyon","26":"tag-lyonmag","27":"tag-news","28":"tag-ol","29":"tag-politique","30":"tag-republique-francaise","31":"tag-sociale","32":"tag-sport","33":"tag-transports"},"share_on_mastodon":{"url":"https:\/\/pubeurope.com\/@fr\/115499600005734910","error":""},"_links":{"self":[{"href":"https:\/\/www.europesays.com\/fr\/wp-json\/wp\/v2\/posts\/514571","targetHints":{"allow":["GET"]}}],"collection":[{"href":"https:\/\/www.europesays.com\/fr\/wp-json\/wp\/v2\/posts"}],"about":[{"href":"https:\/\/www.europesays.com\/fr\/wp-json\/wp\/v2\/types\/post"}],"author":[{"embeddable":true,"href":"https:\/\/www.europesays.com\/fr\/wp-json\/wp\/v2\/users\/2"}],"replies":[{"embeddable":true,"href":"https:\/\/www.europesays.com\/fr\/wp-json\/wp\/v2\/comments?post=514571"}],"version-history":[{"count":0,"href":"https:\/\/www.europesays.com\/fr\/wp-json\/wp\/v2\/posts\/514571\/revisions"}],"wp:featuredmedia":[{"embeddable":true,"href":"https:\/\/www.europesays.com\/fr\/wp-json\/wp\/v2\/media\/514572"}],"wp:attachment":[{"href":"https:\/\/www.europesays.com\/fr\/wp-json\/wp\/v2\/media?parent=514571"}],"wp:term":[{"taxonomy":"category","embeddable":true,"href":"https:\/\/www.europesays.com\/fr\/wp-json\/wp\/v2\/categories?post=514571"},{"taxonomy":"post_tag","embeddable":true,"href":"https:\/\/www.europesays.com\/fr\/wp-json\/wp\/v2\/tags?post=514571"}],"curies":[{"name":"wp","href":"https:\/\/api.w.org\/{rel}","templated":true}]}}