{"id":514592,"date":"2025-11-05T23:17:11","date_gmt":"2025-11-05T23:17:11","guid":{"rendered":"https:\/\/www.europesays.com\/fr\/514592\/"},"modified":"2025-11-05T23:17:11","modified_gmt":"2025-11-05T23:17:11","slug":"une-usine-dia-en-allemagne-pour-booster-lindustrie-europeenne","status":"publish","type":"post","link":"https:\/\/www.europesays.com\/fr\/514592\/","title":{"rendered":"Une usine d&rsquo;IA en Allemagne pour booster l&rsquo;industrie europ\u00e9enne"},"content":{"rendered":"<p><strong>Deutsche Telekom<\/strong>, en partenariat avec <strong>NVIDIA<\/strong>, annonce la construction de l&rsquo;une des plus grandes \u00ab\u00a0usines\u00a0\u00bb d&rsquo;<strong>intelligence artificielle<\/strong> d&rsquo;Europe, situ\u00e9e \u00e0 Munich.<\/p>\n<p>Cette plateforme de cloud industriel d\u00e9di\u00e9 \u00e0 l&rsquo;IA vise \u00e0 offrir aux entreprises allemandes un acc\u00e8s s\u00e9curis\u00e9 \u00e0 une puissance de calcul souveraine, leur permettant de d\u00e9velopper leurs propres mod\u00e8les et applications \u00e0 partir de leurs donn\u00e9es propri\u00e9taires.<\/p>\n<p>La mise en service est pr\u00e9vue pour le premier trimestre 2026, avec un syst\u00e8me de r\u00e9servation \u00e0 la demande. Selon Deutsche Telekom, cette infrastructure augmentera de 50 % la puissance de calcul d\u00e9di\u00e9e \u00e0 l&rsquo;IA en Allemagne.<\/p>\n<p>La plateforme s&rsquo;appuiera sur le r\u00e9seau de Deutsche Telekom et sur T Cloud, pour cr\u00e9er un \u00e9cosyst\u00e8me europ\u00e9en de calcul IA conforme aux exigences r\u00e9glementaires.<\/p>\n","protected":false},"excerpt":{"rendered":"Deutsche Telekom, en partenariat avec NVIDIA, annonce la construction de l&rsquo;une des plus grandes \u00ab\u00a0usines\u00a0\u00bb d&rsquo;intelligence artificielle d&rsquo;Europe,&hellip;\n","protected":false},"author":2,"featured_media":514593,"comment_status":"","ping_status":"","sticky":false,"template":"","format":"standard","meta":{"footnotes":""},"categories":[1587],"tags":[11,672,1804,1805,1803,1777,674,1801,12,1802],"class_list":{"0":"post-514592","1":"post","2":"type-post","3":"status-publish","4":"format-standard","5":"has-post-thumbnail","7":"category-allemagne","8":"tag-actualites","9":"tag-allemagne","10":"tag-bundesrepublik-deutschland","11":"tag-de","12":"tag-deutschland","13":"tag-eu","14":"tag-europe","15":"tag-germany","16":"tag-news","17":"tag-republique-federale-dallemagne"},"share_on_mastodon":{"url":"https:\/\/pubeurope.com\/@fr\/115499646628683456","error":""},"_links":{"self":[{"href":"https:\/\/www.europesays.com\/fr\/wp-json\/wp\/v2\/posts\/514592","targetHints":{"allow":["GET"]}}],"collection":[{"href":"https:\/\/www.europesays.com\/fr\/wp-json\/wp\/v2\/posts"}],"about":[{"href":"https:\/\/www.europesays.com\/fr\/wp-json\/wp\/v2\/types\/post"}],"author":[{"embeddable":true,"href":"https:\/\/www.europesays.com\/fr\/wp-json\/wp\/v2\/users\/2"}],"replies":[{"embeddable":true,"href":"https:\/\/www.europesays.com\/fr\/wp-json\/wp\/v2\/comments?post=514592"}],"version-history":[{"count":0,"href":"https:\/\/www.europesays.com\/fr\/wp-json\/wp\/v2\/posts\/514592\/revisions"}],"wp:featuredmedia":[{"embeddable":true,"href":"https:\/\/www.europesays.com\/fr\/wp-json\/wp\/v2\/media\/514593"}],"wp:attachment":[{"href":"https:\/\/www.europesays.com\/fr\/wp-json\/wp\/v2\/media?parent=514592"}],"wp:term":[{"taxonomy":"category","embeddable":true,"href":"https:\/\/www.europesays.com\/fr\/wp-json\/wp\/v2\/categories?post=514592"},{"taxonomy":"post_tag","embeddable":true,"href":"https:\/\/www.europesays.com\/fr\/wp-json\/wp\/v2\/tags?post=514592"}],"curies":[{"name":"wp","href":"https:\/\/api.w.org\/{rel}","templated":true}]}}