{"id":514602,"date":"2025-11-05T23:22:13","date_gmt":"2025-11-05T23:22:13","guid":{"rendered":"https:\/\/www.europesays.com\/fr\/514602\/"},"modified":"2025-11-05T23:22:13","modified_gmt":"2025-11-05T23:22:13","slug":"la-france-insoumise-exige-la-deprogrammation-dun-concert-damir-a-brest","status":"publish","type":"post","link":"https:\/\/www.europesays.com\/fr\/514602\/","title":{"rendered":"La France insoumise exige la d\u00e9programmation d\u2019un concert d\u2019Amir \u00e0 Brest"},"content":{"rendered":"<p class=\"article-p mdl\">Dans un communiqu\u00e9, La France insoumise (LFI) a demand\u00e9 la d\u00e9programmation du concert d&rsquo;Amir, pr\u00e9vu le 5 novembre 2025 \u00e0 Brest. C\u00e9cile Beaudouin, t\u00eate de liste insoumise pour les municipales 2026, d\u00e9nonce la participation du chanteur \u00e0 un \u00e9v\u00e9nement \u00e0 H\u00e9bron, une colonie isra\u00e9lienne en Cisjordanie, et l&rsquo;accuse de soutenir les actions isra\u00e9liennes.<\/p>\n<p class=\"article-p mdl\">\u00ab\u00a0Son parcours pourtant, aurait d\u00fb rendre \u00e9vident \u00e0 tous les acteurs locaux qu\u2019il ne fallait pas l\u2019inviter\u00a0\u00bb, \u00e9crit dans son communiqu\u00e9 le parti de Jean-Luc M\u00e9lenchon.\u00a0<\/p>\n<p class=\"article-p mdl\">La France insoumise estime qu\u2019\u00a0\u00bbAmir montre sa proximit\u00e9 avec l\u2019extr\u00eame droite coloniale\u00a0\u00bb. Elle lui reproche de \u00ab\u00a0contribuer financi\u00e8rement et m\u00e9diatiquement au soutien de la police aux fronti\u00e8res isra\u00e9liennes\u00a0\u00bb et de \u00ab\u00a0soutenir l&rsquo;arm\u00e9e isra\u00e9lienne alors qu&rsquo;elle tuait plus de 2.000 Gazaouis, dont un quart d&rsquo;enfants en 2014\u00a0\u00bb.<\/p>\n<p class=\"article-p mdl\">Sur RTL, le chanteur a d\u00e9j\u00e0 r\u00e9agi, dimanche 2 novembre, aux multiples appels au boycott pendant sa tourn\u00e9e des Z\u00e9niths,\u00a0<a class=\"link\" href=\"https:\/\/www.rtl.fr\/culture\/musique\/un-epiphenomene-qui-a-pris-une-immense-dimension-sur-internet-amir-se-confie-sur-rtl-apres-les-appels-au-boycott-de-ses-concerts-7900561407\" target=\"_blank\" rel=\"noopener\">assurant qu&rsquo;il s&rsquo;agissait d&rsquo;un \u00ab\u00a0\u00e9piph\u00e9nom\u00e8ne\u00a0\u00bb<\/a>.\u00a0\u00ab\u00a0C&rsquo;est comme une sorte de non-probl\u00e8me, un \u00e9piph\u00e9nom\u00e8ne qui a pris une immense dimension sur Internet, mais qui n&rsquo;existait pas dans la vraie vie\u00a0\u00bb, a-t-il confi\u00e9.<\/p>\n<p class=\"article-p mdl\">Malgr\u00e9 \u00ab\u00a0certaines voix\u00a0\u00bb qui s&rsquo;\u00e9l\u00e8ve \u00ab\u00a0pour m&#8217;emp\u00eacher de monter sur sc\u00e8ne\u00a0\u00bb, le chanteur a indiqu\u00e9 sur RTL vivre ses \u00ab\u00a0retrouvailles avec le public dans\u00a0un grand bonheur\u00a0\u00bb.\u00a0<\/p>\n<p class=\"article-p mdl\">Amir fait souvent l&rsquo;objet d&rsquo;appels au boycott durant sa tourn\u00e9e Amir C-Tour. Cet \u00e9t\u00e9, sa participation aux Francofolies de Spa en Belgique a provoqu\u00e9 la col\u00e8re de plusieurs artistes, qui ont choisi de boycotter le festival en r\u00e9action.<\/p>\n<p class=\"article-p mdl\">Le chanteur vient de sortir une r\u00e9\u00e9dition de son album \u00ab\u00a0C amir\u00a0\u00bb, intitul\u00e9 cette fois \u00ab\u00a0C amir\u00b2\u00a0\u00bb. Une nouvelle version qui propose neuf titres in\u00e9dits, plus lumineux et optimistes que ceux de l&rsquo;album original, \u00e9crit alors qu&rsquo;il surmontait le deuil de sa m\u00e8re.<\/p>\n<p>    La r\u00e9daction vous recommande<\/p>\n<p class=\"s-newsletter__title\">\n                L\u2019actualit\u00e9 par la r\u00e9daction de RTL dans votre bo\u00eete mail.\n            <\/p>\n<p class=\"s-newsletter__subtitle\">\n                Gr\u00e2ce \u00e0 votre compte RTL abonnez-vous \u00e0 la newsletter RTL info pour suivre toute l&rsquo;actualit\u00e9 au quotidien\n            <\/p>\n<p>\n                                    Lire la suite\n                                <\/p>\n","protected":false},"excerpt":{"rendered":"Dans un communiqu\u00e9, La France insoumise (LFI) a demand\u00e9 la d\u00e9programmation du concert d&rsquo;Amir, pr\u00e9vu le 5 novembre&hellip;\n","protected":false},"author":2,"featured_media":514603,"comment_status":"","ping_status":"","sticky":false,"template":"","format":"standard","meta":{"footnotes":""},"categories":[4],"tags":[11,3450,1695,1697,107,1011,27,2338,873,12,25],"class_list":{"0":"post-514602","1":"post","2":"type-post","3":"status-publish","4":"format-standard","5":"has-post-thumbnail","7":"category-france","8":"tag-actualites","9":"tag-brest","10":"tag-chanson","11":"tag-concert","12":"tag-fil-info","13":"tag-fr","14":"tag-france","15":"tag-la-france-insoumise","16":"tag-musique","17":"tag-news","18":"tag-republique-francaise"},"share_on_mastodon":{"url":"https:\/\/pubeurope.com\/@fr\/115499666349359311","error":""},"_links":{"self":[{"href":"https:\/\/www.europesays.com\/fr\/wp-json\/wp\/v2\/posts\/514602","targetHints":{"allow":["GET"]}}],"collection":[{"href":"https:\/\/www.europesays.com\/fr\/wp-json\/wp\/v2\/posts"}],"about":[{"href":"https:\/\/www.europesays.com\/fr\/wp-json\/wp\/v2\/types\/post"}],"author":[{"embeddable":true,"href":"https:\/\/www.europesays.com\/fr\/wp-json\/wp\/v2\/users\/2"}],"replies":[{"embeddable":true,"href":"https:\/\/www.europesays.com\/fr\/wp-json\/wp\/v2\/comments?post=514602"}],"version-history":[{"count":0,"href":"https:\/\/www.europesays.com\/fr\/wp-json\/wp\/v2\/posts\/514602\/revisions"}],"wp:featuredmedia":[{"embeddable":true,"href":"https:\/\/www.europesays.com\/fr\/wp-json\/wp\/v2\/media\/514603"}],"wp:attachment":[{"href":"https:\/\/www.europesays.com\/fr\/wp-json\/wp\/v2\/media?parent=514602"}],"wp:term":[{"taxonomy":"category","embeddable":true,"href":"https:\/\/www.europesays.com\/fr\/wp-json\/wp\/v2\/categories?post=514602"},{"taxonomy":"post_tag","embeddable":true,"href":"https:\/\/www.europesays.com\/fr\/wp-json\/wp\/v2\/tags?post=514602"}],"curies":[{"name":"wp","href":"https:\/\/api.w.org\/{rel}","templated":true}]}}