{"id":514604,"date":"2025-11-05T23:23:15","date_gmt":"2025-11-05T23:23:15","guid":{"rendered":"https:\/\/www.europesays.com\/fr\/514604\/"},"modified":"2025-11-05T23:23:15","modified_gmt":"2025-11-05T23:23:15","slug":"clement-berardo-de-lautre-cote-du-tapis","status":"publish","type":"post","link":"https:\/\/www.europesays.com\/fr\/514604\/","title":{"rendered":"Cl\u00e9ment Berardo, de l&rsquo;autre c\u00f4t\u00e9 du tapis"},"content":{"rendered":"<p>Au Golf National, Cl\u00e9ment Berardo se retrouve dans la peau d&rsquo;un \u00e9l\u00e8ve au rythme d&rsquo;une semaine par mois. \u00ab \u00c7a m&rsquo;apporte des connaissances que je n&rsquo;avais pas, ou que j&rsquo;avais diff\u00e9remment en tant que joueur. Il y a des choses que je faisais quand j&rsquo;\u00e9tais au p\u00f4le, et que j&rsquo;avais aussi mises en place quand j&rsquo;\u00e9tais joueur, donc ce n&rsquo;est pas forc\u00e9ment nouveau, mais \u00e7a me permet de cadrer ce que je faisais inconsciemment \u00bb, explique-t-il. \u00ab On a des cours \u00e0 la fois th\u00e9oriques et pratiques, le groupe d&rsquo;\u00e9l\u00e8ves est sympa, et \u00e7a se passe bien pour l&rsquo;instant. \u00bb<\/p>\n<p>Mais \u00e0 Terre Blanche, l&rsquo;ancien \u00e9l\u00e8ve d&rsquo;<strong>Alain Alberti<\/strong> a d\u00e9j\u00e0 le pied \u00e0 l&rsquo;\u00e9trier, puisqu&rsquo;il est en charge du projet sportif de deux nouveaux pensionnaires du Centre : <strong>Rafael Amiel<\/strong>, 14 ans, et <strong>L\u00e9onie Bernard<\/strong>, 15 ans. Une responsabilit\u00e9 qu&rsquo;il \u00e9voque d\u00e9j\u00e0 avec passion : \u00ab Il y a beaucoup de choses \u00e0 faire, et c&rsquo;est int\u00e9ressant d\u00e9j\u00e0 parce qu&rsquo;ils sont motiv\u00e9s, \u00e0 l&rsquo;\u00e9coute, dynamiques, et un peu en mode \u00e9ponge\u00a0! Tout les excite, et c&rsquo;est super motivant pour moi ! \u00bb livre-t-il. \u00ab C&rsquo;est aussi une approche diff\u00e9rente de s&rsquo;occuper des autres plut\u00f4t que de soi-m\u00eame, car il faut avoir des attentes un peu plus en corr\u00e9lation avec leur \u00e2ge et leur niveau, donc \u00e7a me demande d&rsquo;avoir une vision un peu plus patiente et moins exigeante. Il faut que les choses se fassent un peu plus tranquillement, car on leur demande beaucoup entre l&rsquo;\u00e9cole, la pr\u00e9pa physique et le golf. \u00bb<\/p>\n","protected":false},"excerpt":{"rendered":"Au Golf National, Cl\u00e9ment Berardo se retrouve dans la peau d&rsquo;un \u00e9l\u00e8ve au rythme d&rsquo;une semaine par mois.&hellip;\n","protected":false},"author":2,"featured_media":514605,"comment_status":"","ping_status":"","sticky":false,"template":"","format":"standard","meta":{"footnotes":""},"categories":[1418],"tags":[1011,27,1472,60],"class_list":{"0":"post-514604","1":"post","2":"type-post","3":"status-publish","4":"format-standard","5":"has-post-thumbnail","7":"category-golf","8":"tag-fr","9":"tag-france","10":"tag-golf","11":"tag-sports"},"share_on_mastodon":{"url":"https:\/\/pubeurope.com\/@fr\/115499670140857242","error":""},"_links":{"self":[{"href":"https:\/\/www.europesays.com\/fr\/wp-json\/wp\/v2\/posts\/514604","targetHints":{"allow":["GET"]}}],"collection":[{"href":"https:\/\/www.europesays.com\/fr\/wp-json\/wp\/v2\/posts"}],"about":[{"href":"https:\/\/www.europesays.com\/fr\/wp-json\/wp\/v2\/types\/post"}],"author":[{"embeddable":true,"href":"https:\/\/www.europesays.com\/fr\/wp-json\/wp\/v2\/users\/2"}],"replies":[{"embeddable":true,"href":"https:\/\/www.europesays.com\/fr\/wp-json\/wp\/v2\/comments?post=514604"}],"version-history":[{"count":0,"href":"https:\/\/www.europesays.com\/fr\/wp-json\/wp\/v2\/posts\/514604\/revisions"}],"wp:featuredmedia":[{"embeddable":true,"href":"https:\/\/www.europesays.com\/fr\/wp-json\/wp\/v2\/media\/514605"}],"wp:attachment":[{"href":"https:\/\/www.europesays.com\/fr\/wp-json\/wp\/v2\/media?parent=514604"}],"wp:term":[{"taxonomy":"category","embeddable":true,"href":"https:\/\/www.europesays.com\/fr\/wp-json\/wp\/v2\/categories?post=514604"},{"taxonomy":"post_tag","embeddable":true,"href":"https:\/\/www.europesays.com\/fr\/wp-json\/wp\/v2\/tags?post=514604"}],"curies":[{"name":"wp","href":"https:\/\/api.w.org\/{rel}","templated":true}]}}