{"id":514608,"date":"2025-11-05T23:26:12","date_gmt":"2025-11-05T23:26:12","guid":{"rendered":"https:\/\/www.europesays.com\/fr\/514608\/"},"modified":"2025-11-05T23:26:12","modified_gmt":"2025-11-05T23:26:12","slug":"exhibition-un-plateau-exceptionnel-pour-boisson-a-caen-sports","status":"publish","type":"post","link":"https:\/\/www.europesays.com\/fr\/514608\/","title":{"rendered":"Exhibition : \u00ab Un plateau exceptionnel \u00bb pour Boisson \u00e0 Caen : Sports"},"content":{"rendered":"<p class=\"date\">\n                                                            Thibaut Simon, Media365 : publi\u00e9 le mercredi 05 novembre 2025 \u00e0 22h45\n                                                    <\/p>\n<p>Du 14 au 17 d\u00e9cembre 2025, Lo\u00efs Boisson sera pr\u00e9sente \u00e0 l&rsquo;Open de Caen (Calvados) avec des invit\u00e9s de prestige.<\/p>\n<p>Touch\u00e9e \u00e0 la cuisse fin septembre &#8211; abandon face \u00e0 Emma Navarro en 16es de finale du tournoi de P\u00e9kin &#8211; Lo\u00efs Boisson avait d\u00e9cid\u00e9 de mettre un terme \u00e0 sa saison. R\u00e9v\u00e9lation 2025 \u00e0 Roland-Garros o\u00f9 elle s&rsquo;est hiss\u00e9e jusqu&rsquo;en demi-finale du Grand Chelem parisien, <a href=\"https:\/\/sports.orange.fr\/tennis\/wta\/article\/wta-meilleur-classement-pour-boisson-jacquemot-et-gracheva-reculent-CNT000002lxOkZ.html\" rel=\"nofollow noopener\" target=\"_blank\">la d\u00e9sormais 36e joueuse mondiale<\/a> est en phase de r\u00e9cup\u00e9ration. Elle a d\u00e9j\u00e0 annonc\u00e9 se focaliser sur la saison 2026 avec de belles ambitions sur le circuit, elle qui \u00e9tait inconnue jusqu&rsquo;\u00e0 son parcours Porte d&rsquo;Auteuil. Au mois de d\u00e9cembre, le public fran\u00e7ais aura l&rsquo;honneur d&rsquo;assister au retour de la Dijonnaise sur les terrains. Elle participera notamment \u00e0 l&rsquo;Open de Caen, qui accueille un plateau prestigieux.<\/p>\n<p>Boisson, mais \u00e9galement Musetti et des Fran\u00e7ais<\/p>\n<p>La Fran\u00e7aise de 22 ans sera donc l&rsquo;une des stars de cet Open de Caen en compagnie de Clara Tauson, la Danoise class\u00e9e 12e \u00e0 la WTA et qui a battu Aryna Sabealenka et Iga Swiatek cette saison, les deux joueuses les mieux class\u00e9es au niveau mondial. \u00ab On est tr\u00e8s content, c&rsquo;est l&rsquo;un des plus beau plateau qu&rsquo;on ait jamais eu, si ce n&rsquo;est le plus beau. Il y a une densit\u00e9 \u00e9norme cette ann\u00e9e \u00bb, s&rsquo;est f\u00e9licit\u00e9 Arnaud Guimard, manager de l&rsquo;Open de Caen. Chez les hommes, le successeur d&rsquo;Ugo Humbert, vainqueur de l&rsquo;\u00e9dition 2024 &#8211; Elise Mertens s&rsquo;\u00e9tait impos\u00e9e chez les femmes l&rsquo;an pass\u00e9 &#8211; pourrait s&rsquo;appeler Lorenzo Musetti. L&rsquo;Italien, num\u00e9ro 9 mondial \u00e0 l&rsquo;ATP est invit\u00e9 de marque. Il sera accompagn\u00e9 d&rsquo;Alejandro Davidovich Fokina (14e) et Lorenzo Sonego (42e).<\/p>\n<p>C\u00f4t\u00e9 fran\u00e7ais, Benjamin Bonzi et Hugo Gaston sont d\u00e9j\u00e0 invit\u00e9s. Reste \u00e0 savoir s&rsquo;ils seront aptes. Le premier est incertain et avait d\u00e9clar\u00e9 forfait au Rolex Paris Masters, <a href=\"https:\/\/sports.orange.fr\/tennis\/atp\/article\/atp-metz-gaston-prend-un-set-puis-abandonne-CNT000002lAKoC.html\" rel=\"nofollow noopener\" target=\"_blank\">tandis que le second a abandonn\u00e9 ce mercredi \u00e0 Metz contre Daniel Altmaier<\/a>. Le Fran\u00e7ais souffre du tendon d&rsquo;Achille et passera des examens compl\u00e9mentaires ce jeudi pour conna\u00eetre la dur\u00e9e de son indisponibilit\u00e9.<\/p>\n","protected":false},"excerpt":{"rendered":"Thibaut Simon, Media365 : publi\u00e9 le mercredi 05 novembre 2025 \u00e0 22h45 Du 14 au 17 d\u00e9cembre 2025,&hellip;\n","protected":false},"author":2,"featured_media":514609,"comment_status":"","ping_status":"","sticky":false,"template":"","format":"standard","meta":{"footnotes":""},"categories":[1415],"tags":[1011,27,60,1467],"class_list":{"0":"post-514608","1":"post","2":"type-post","3":"status-publish","4":"format-standard","5":"has-post-thumbnail","7":"category-tennis","8":"tag-fr","9":"tag-france","10":"tag-sports","11":"tag-tennis"},"share_on_mastodon":{"url":"https:\/\/pubeurope.com\/@fr\/115499681861294089","error":""},"_links":{"self":[{"href":"https:\/\/www.europesays.com\/fr\/wp-json\/wp\/v2\/posts\/514608","targetHints":{"allow":["GET"]}}],"collection":[{"href":"https:\/\/www.europesays.com\/fr\/wp-json\/wp\/v2\/posts"}],"about":[{"href":"https:\/\/www.europesays.com\/fr\/wp-json\/wp\/v2\/types\/post"}],"author":[{"embeddable":true,"href":"https:\/\/www.europesays.com\/fr\/wp-json\/wp\/v2\/users\/2"}],"replies":[{"embeddable":true,"href":"https:\/\/www.europesays.com\/fr\/wp-json\/wp\/v2\/comments?post=514608"}],"version-history":[{"count":0,"href":"https:\/\/www.europesays.com\/fr\/wp-json\/wp\/v2\/posts\/514608\/revisions"}],"wp:featuredmedia":[{"embeddable":true,"href":"https:\/\/www.europesays.com\/fr\/wp-json\/wp\/v2\/media\/514609"}],"wp:attachment":[{"href":"https:\/\/www.europesays.com\/fr\/wp-json\/wp\/v2\/media?parent=514608"}],"wp:term":[{"taxonomy":"category","embeddable":true,"href":"https:\/\/www.europesays.com\/fr\/wp-json\/wp\/v2\/categories?post=514608"},{"taxonomy":"post_tag","embeddable":true,"href":"https:\/\/www.europesays.com\/fr\/wp-json\/wp\/v2\/tags?post=514608"}],"curies":[{"name":"wp","href":"https:\/\/api.w.org\/{rel}","templated":true}]}}