{"id":514610,"date":"2025-11-05T23:30:16","date_gmt":"2025-11-05T23:30:16","guid":{"rendered":"https:\/\/www.europesays.com\/fr\/514610\/"},"modified":"2025-11-05T23:30:16","modified_gmt":"2025-11-05T23:30:16","slug":"victor-lafay-signe-dans-une-autre-equipe-francaise-actualite","status":"publish","type":"post","link":"https:\/\/www.europesays.com\/fr\/514610\/","title":{"rendered":"Victor Lafay signe dans une autre \u00e9quipe fran\u00e7aise &#8211; Actualit\u00e9"},"content":{"rendered":"<p style=\"text-align: justify;\"><strong><a href=\"https:\/\/www.directvelo.com\/coureur\/11962\/victor-lafay\" target=\"_blank\" rel=\"noopener\">Victor Lafay<\/a>\u00a0<\/strong>sera toujours dans les pelotons en 2026.\u00a0Apr\u00e8s deux ann\u00e9es\u00a0chez Decathlon AG2R La Mondiale, il s&rsquo;est engag\u00e9 pour une saison avec la ProTeam Unibet Rose Rockets.<\/p>\n<p>\u00ab\u00a0L\u2019histoire que Bas (Tietema) m\u2019a racont\u00e9e et ce que repr\u00e9sente cette \u00e9quipe m\u2019ont fait r\u00e9aliser que je n\u2019en avais pas encore termin\u00e9. Ici, je sens que je peux \u00eatre moi-m\u00eame et jouer un vrai r\u00f4le dans quelque chose d\u2019excitant. Je r\u00eave d\u2019obtenir de bons r\u00e9sultats \u00e0 nouveau et d\u2019\u00eatre sur la ligne de d\u00e9part du Tour de France. Je n\u2019ai jamais fini \u00e0 Paris, et c\u2019est encore une exp\u00e9rience que je veux vivre\u00a0\u00bb, indique le Haut-Savoyard de 29 ans dans un communiqu\u00e9.<\/p>\n<p>Vainqueur d&rsquo;une \u00e9tape du\u00a0Tour de France 2023 sous les couleurs de son \u00e9quipe de toujours, Cofidis, il avait attir\u00e9 les convoitises notamment d\u2019INEOS Grenadiers pour la saison 2024 mais il s&rsquo;\u00e9tait tourn\u00e9 vers\u00a0Decathlon AG2R La Mondiale. Des soucis \u00e0 un genou l&rsquo;ont emp\u00each\u00e9 de courir avec sa nouvelle \u00e9quipe jusqu\u2019\u00e0 l\u2019\u00e9t\u00e9 2024. Mais il avait r\u00e9ussi son retour en finissant 7e du Tour de l\u2019Ain et surtout 4e du Tour de Guangxi, en WorldTour.<\/p>\n<p>Class\u00e9 3e de la Classic Var en d\u00e9but d\u2019ann\u00e9e, il a \u00e9t\u00e9 de nouveau sur la touche pendant le printemps et a manqu\u00e9 quatre mois de comp\u00e9tition. Mais en toute fin de saison, Victor Lafay\u00a0s&rsquo;est encore distingu\u00e9 en Chine en se classant 2e de l&rsquo;\u00e9tape-reine du Tour de Guangxi puis du classement g\u00e9n\u00e9ral final.<\/p>\n<p>Retrouvez tous les transferts de l\u2019intersaison 2025-2026<strong>\u00a0<a href=\"https:\/\/www.directvelo.com\/mutations\/2026#teams-pro\" target=\"_blank\" rel=\"noopener\">en cliquant ici<\/a>.\u00a0<\/strong><\/p>\n","protected":false},"excerpt":{"rendered":"Victor Lafay\u00a0sera toujours dans les pelotons en 2026.\u00a0Apr\u00e8s deux ann\u00e9es\u00a0chez Decathlon AG2R La Mondiale, il s&rsquo;est engag\u00e9 pour&hellip;\n","protected":false},"author":2,"featured_media":514611,"comment_status":"","ping_status":"","sticky":false,"template":"","format":"standard","meta":{"footnotes":""},"categories":[1411],"tags":[834,828,836,829,837,827,83,826,824,823,1154,207,814,817,815,816,822,821,832,211,839,1011,27,820,818,819,835,831,830,833,838,60,212,208,825],"class_list":{"0":"post-514610","1":"post","2":"type-post","3":"status-publish","4":"format-standard","5":"has-post-thumbnail","7":"category-cyclisme","8":"tag-attaque","9":"tag-belgique","10":"tag-braquet","11":"tag-bretagne","12":"tag-chute","13":"tag-competition","14":"tag-coupe-de-france","15":"tag-coureur","16":"tag-course-cyclisme","17":"tag-course-cycliste","18":"tag-cycling","19":"tag-cyclisme","20":"tag-direct","21":"tag-direct-velo","22":"tag-directvelo","23":"tag-directvelo-com","24":"tag-epreuve","25":"tag-epreuve-cycliste","26":"tag-federation-francaise-de-cyclisme","27":"tag-ffc","28":"tag-flandres","29":"tag-fr","30":"tag-france","31":"tag-live","32":"tag-live-course","33":"tag-live-epreuve","34":"tag-peloton","35":"tag-radio-peloton","36":"tag-radio-tour","37":"tag-ravitaillement","38":"tag-relance","39":"tag-sports","40":"tag-uci","41":"tag-velo","42":"tag-velos"},"share_on_mastodon":{"url":"https:\/\/pubeurope.com\/@fr\/115499697800509735","error":""},"_links":{"self":[{"href":"https:\/\/www.europesays.com\/fr\/wp-json\/wp\/v2\/posts\/514610","targetHints":{"allow":["GET"]}}],"collection":[{"href":"https:\/\/www.europesays.com\/fr\/wp-json\/wp\/v2\/posts"}],"about":[{"href":"https:\/\/www.europesays.com\/fr\/wp-json\/wp\/v2\/types\/post"}],"author":[{"embeddable":true,"href":"https:\/\/www.europesays.com\/fr\/wp-json\/wp\/v2\/users\/2"}],"replies":[{"embeddable":true,"href":"https:\/\/www.europesays.com\/fr\/wp-json\/wp\/v2\/comments?post=514610"}],"version-history":[{"count":0,"href":"https:\/\/www.europesays.com\/fr\/wp-json\/wp\/v2\/posts\/514610\/revisions"}],"wp:featuredmedia":[{"embeddable":true,"href":"https:\/\/www.europesays.com\/fr\/wp-json\/wp\/v2\/media\/514611"}],"wp:attachment":[{"href":"https:\/\/www.europesays.com\/fr\/wp-json\/wp\/v2\/media?parent=514610"}],"wp:term":[{"taxonomy":"category","embeddable":true,"href":"https:\/\/www.europesays.com\/fr\/wp-json\/wp\/v2\/categories?post=514610"},{"taxonomy":"post_tag","embeddable":true,"href":"https:\/\/www.europesays.com\/fr\/wp-json\/wp\/v2\/tags?post=514610"}],"curies":[{"name":"wp","href":"https:\/\/api.w.org\/{rel}","templated":true}]}}