{"id":514612,"date":"2025-11-05T23:31:14","date_gmt":"2025-11-05T23:31:14","guid":{"rendered":"https:\/\/www.europesays.com\/fr\/514612\/"},"modified":"2025-11-05T23:31:14","modified_gmt":"2025-11-05T23:31:14","slug":"le-salaire-de-christophe-galtier-avec-neom-sc","status":"publish","type":"post","link":"https:\/\/www.europesays.com\/fr\/514612\/","title":{"rendered":"Le salaire de Christophe Galtier avec Neom SC"},"content":{"rendered":"<p><img fetchpriority=\"high\" decoding=\"async\" width=\"620\" height=\"413\" src=\"https:\/\/www.europesays.com\/fr\/wp-content\/uploads\/2025\/11\/Christophe-Galtier-620x413.jpg\" alt=\"Salaire. Combien gagne Christophe Galtier avec Neom SC ?\" class=\"wp-image-304655\"  \/>Christophe Galtier dirige le Neom SC, club promu en Saudi Pro League en championnat d\u2019Arabie Saoudite.<\/p>\n<p>Christophe Galtier a choisi de rester au Moyen Orient. Mais il a chang\u00e9 de pays cet \u00e9t\u00e9. Apr\u00e8s le Qatar et deux ans pass\u00e9s sur le banc Al-Duhail SC, le technicien fran\u00e7ais de 59 ans a rejoint l\u2019Arabie Saoudite, pour officier \u00e0 la t\u00eate du riche et ambitieux promu Neom SC. L\u2019ancien strat\u00e8ge des Verts de l\u2019<a href=\"https:\/\/sportune.20minutes.fr\/as-saint-etienne-asse\" target=\"_blank\" rel=\"noopener\">AS Saint-Etienne<\/a>, du <a href=\"https:\/\/sportune.20minutes.fr\/losc-lille-losc\" target=\"_blank\" rel=\"noopener\">LOSC Lille<\/a> ou encore du <a href=\"https:\/\/sportune.20minutes.fr\/paris-saint-germain-psg\" target=\"_blank\" rel=\"noopener\">Paris Saint-Germain<\/a> ne doit pas \u00eatre trop d\u00e9pays\u00e9, dans un club o\u00f9 les joueurs fran\u00e7ais ou binationaux sont nombreux.<\/p>\n<p>Un contrat sur deux ans pour Christophe Galtier<\/p>\n<p>Galtier a paraph\u00e9 un contrat sur deux ans, jusqu\u2019au terme de la saison 2026-2027. Avec la contrepartie d\u2019un salaire estim\u00e9 \u00e0 18 millions d\u2019euros par an, qui fait donc de lui l\u2019un des entra\u00eeneurs les mieux pay\u00e9s du football en g\u00e9n\u00e9ral, de la Saudi Pro League en particulier, derri\u00e8re les 26 millions d\u2019euros annuels de Simone Inazghi avec Al-Hilal et \u00e0 l\u2019\u00e9gale du Portugais Jorge Jesus sous contrat avec le Al-Nassr de Cristiano Ronaldo et Sadio Man\u00e9.<\/p>\n<p>Pour Christophe Galtier, dont le pr\u00e9c\u00e9dent salaire au Qatar n\u2019est pas connu, ce transfert au Neom SC est une \u00e9volution sur ses ann\u00e9es pass\u00e9es en <a href=\"https:\/\/sportune.20minutes.fr\/ligue-1-l1\" target=\"_blank\" rel=\"noopener\">Ligue 1<\/a> et son d\u00e9part du <a href=\"https:\/\/sportune.20minutes.fr\/paris-saint-germain-psg\" target=\"_blank\" rel=\"noopener\">Paris Saint-Germain<\/a> o\u00f9 il gagnait alors l\u2019\u00e9quivalent de 8 millions d\u2019euros brut par an.<\/p>\n<p>Le salaire de Christophe Galtier avec Neom SC<\/p>\n<p><strong>Annuel :<\/strong> 18 000 000 \u20ac<br \/><strong>Mensuel :<\/strong> 1 500 000 \u20ac<br \/><strong>Hebdomadaire :<\/strong> 346 154 \u20ac<br \/><strong>Quotidien :<\/strong> 49 315 \u20ac<br \/><strong>Fin de contrat :<\/strong> 2027<\/p>\n","protected":false},"excerpt":{"rendered":"Christophe Galtier dirige le Neom SC, club promu en Saudi Pro League en championnat d\u2019Arabie Saoudite. Christophe Galtier&hellip;\n","protected":false},"author":2,"featured_media":514613,"comment_status":"","ping_status":"","sticky":false,"template":"","format":"standard","meta":{"footnotes":""},"categories":[1410],"tags":[461,13504,63,1011,27,2267,93,11254,60,969],"class_list":{"0":"post-514612","1":"post","2":"type-post","3":"status-publish","4":"format-standard","5":"has-post-thumbnail","7":"category-football","8":"tag-asse","9":"tag-christophe-galtier","10":"tag-football","11":"tag-fr","12":"tag-france","13":"tag-losc","14":"tag-psg","15":"tag-salaires","16":"tag-sports","17":"tag-transfert"},"share_on_mastodon":{"url":"https:\/\/pubeurope.com\/@fr\/115499702497811135","error":""},"_links":{"self":[{"href":"https:\/\/www.europesays.com\/fr\/wp-json\/wp\/v2\/posts\/514612","targetHints":{"allow":["GET"]}}],"collection":[{"href":"https:\/\/www.europesays.com\/fr\/wp-json\/wp\/v2\/posts"}],"about":[{"href":"https:\/\/www.europesays.com\/fr\/wp-json\/wp\/v2\/types\/post"}],"author":[{"embeddable":true,"href":"https:\/\/www.europesays.com\/fr\/wp-json\/wp\/v2\/users\/2"}],"replies":[{"embeddable":true,"href":"https:\/\/www.europesays.com\/fr\/wp-json\/wp\/v2\/comments?post=514612"}],"version-history":[{"count":0,"href":"https:\/\/www.europesays.com\/fr\/wp-json\/wp\/v2\/posts\/514612\/revisions"}],"wp:featuredmedia":[{"embeddable":true,"href":"https:\/\/www.europesays.com\/fr\/wp-json\/wp\/v2\/media\/514613"}],"wp:attachment":[{"href":"https:\/\/www.europesays.com\/fr\/wp-json\/wp\/v2\/media?parent=514612"}],"wp:term":[{"taxonomy":"category","embeddable":true,"href":"https:\/\/www.europesays.com\/fr\/wp-json\/wp\/v2\/categories?post=514612"},{"taxonomy":"post_tag","embeddable":true,"href":"https:\/\/www.europesays.com\/fr\/wp-json\/wp\/v2\/tags?post=514612"}],"curies":[{"name":"wp","href":"https:\/\/api.w.org\/{rel}","templated":true}]}}