{"id":514618,"date":"2025-11-05T23:35:25","date_gmt":"2025-11-05T23:35:25","guid":{"rendered":"https:\/\/www.europesays.com\/fr\/514618\/"},"modified":"2025-11-05T23:35:25","modified_gmt":"2025-11-05T23:35:25","slug":"la-terrible-fin-expliquee-en-attendant-la-saison-finale","status":"publish","type":"post","link":"https:\/\/www.europesays.com\/fr\/514618\/","title":{"rendered":"La terrible fin expliqu\u00e9e en attendant la saison finale"},"content":{"rendered":"<p>Cette saison 4 est l&rsquo;adaptation en 8 \u00e9pisodes du 5\u1d49 roman de la saga du sorceleur intitul\u00e9 Le Bapt\u00eame du feu, \u00e9crit par Andrzej Sapkowski. Une adaptation relativement libre du moins, car la s\u00e9rie, comme pour les trois premi\u00e8res saisons, se permet de nombreux \u00e9carts et ajouts, allant m\u00eame jusqu&rsquo;\u00e0 modifier l&rsquo;ordre de certains \u00e9v\u00e9nements \u2014 <a href=\"https:\/\/www.programme-tv.net\/news\/series-tv\/341051-ils-ne-mont-jamais-ecoute-lauteur-de-the-witcher-sen-prend-aux-createurs-de-la-serie\/\" data-api-deeplink=\"teleloisirs:\/\/news\/341051\" target=\"_blank\" rel=\"noopener\">ce qui tend donc \u00e0 confirmer les propos de l&rsquo;auteur des romans<\/a>. Clairement divis\u00e9e en trois parties distinctes, cette saison suit trois intrigues parall\u00e8les : celle de Geralt \u2014<a href=\"https:\/\/www.programme-tv.net\/news\/series-tv\/388406-the-witcher-saison-4-jai-ete-aussi-surpris-que-nimporte-qui-liam-hemsworth-brise-le-silence-sur-le-fait-de-remplacer-henry-cavill\/\" data-api-deeplink=\"teleloisirs:\/\/news\/388406\" target=\"_blank\" rel=\"noopener\"> d\u00e9sormais incarn\u00e9 par Liam Hemsworth<\/a> \u2014 \u00e0 la recherche de Ciri, celle de Yennefer \u2014 <a href=\"https:\/\/www.programme-tv.net\/news\/series-tv\/353594-je-suis-epuisee-cette-star-de-the-witcher-a-hate-que-la-serie-se-termine\/\" data-api-deeplink=\"teleloisirs:\/\/news\/353594\" target=\"_blank\" rel=\"noopener\">dont l&rsquo;actrice a d\u00e9clar\u00e9 \u00eatre mentalement \u00e9puis\u00e9e par son travail sur la s\u00e9rie<\/a> \u2014 qui tente de rassembler les magiciennes pour lutter contre Vilgefortz (et ainsi retrouver Ciri elle aussi), et enfin celle de Ciri, qui vit de nouvelles aventures aux c\u00f4t\u00e9s des rats, alors que son p\u00e8re, l\u2019empereur de Nilfgaard Emhyr, a de sombres projets pour elle.<\/p>\n<p>                        The Witcher saison 4 (Netflix) : Geralt devient officiellement Geralt de Riv<\/p>\n<p>Dans cette saison 4, Geralt part en voyage aux c\u00f4t\u00e9s de Jaskier et Milva en direction de Nilfgaard afin de retrouver Ciri, qui est suppos\u00e9ment entre les mains de l&#8217;empereur Emhyr (il s&rsquo;agit en r\u00e9alit\u00e9 d&rsquo;une fausse Ciri, mais Geralt ne le sait pas encore). Sur son chemin, il fait la rencontre d&rsquo;autres aventuriers avec qui il se lie d&rsquo;amiti\u00e9 et qui l&rsquo;accompagnent alors dans sa qu\u00eate : le nain et forgeron Zoltan Chivay, le gnome Percival Schuttenbach, le vampire Regis, un autre nain et vieil ami de Geralt, Yarpen Zigrin, et enfin l&rsquo;ancien soldat de Nilfgaard et ravisseur de Ciri, Cahir, devenu un alli\u00e9 inattendu. Malgr\u00e9 leurs m\u00e9saventures sur le chemin, le groupe reste uni, mais l\u2019arriv\u00e9e de Yennefer change leurs plans : celle-ci leur apprend que Ciri n\u2019est pas \u00e0 Nilfgaard. La troupe prend alors un nouvel itin\u00e9raire et part \u00e0 la rencontre des druides, dont les pouvoirs magiques pourraient les aider \u00e0 retrouver l\u2019enfant-surprise de Geralt. Mais, \u00e0 la fronti\u00e8re entre Nilfgaard et le royaume de la reine Meve, ils se retrouvent pris dans une bataille qui n\u2019est pas la leur et aident ainsi l\u2019arm\u00e9e de Meve \u00e0 repousser l\u2019envahisseur. Afin de remercier ce h\u00e9ros de fortune, la reine adoube alors le sorceleur et fait de lui le chevalier \u00ab Geralt de Riv \u00bb. Ironique pour notre h\u00e9ros, qui se faisait d\u00e9j\u00e0 appeler ainsi depuis des ann\u00e9es sans en porter le titre officiel. La raison (\u00e9voqu\u00e9e dans les livres mais pas dans la s\u00e9rie) est qu\u2019afin de d\u00e9crocher plus facilement des contrats, les sorceleurs s\u2019attribuaient des noms de nobles pour donner confiance \u00e0 leurs clients.<\/p>\n<p>            The Witcher saison 4 (Netflix) : Yennefer et la loge des magiciennes<\/p>\n<p>Suite \u00e0 la r\u00e9v\u00e9lation de la trahison de Vilgefortz en fin de saison 3 et \u00e0 la disparition de Ciri, Yennefer de Vengerberg tente, par tous les moyens possibles, de retrouver le mage qui s\u2019en est pris \u00e0 sa fille afin de l\u2019arr\u00eater. Mais celui-ci rassemble une arm\u00e9e de mages mal\u00e9fiques et bloque les t\u00e9l\u00e9portations \u00e0 l\u2019aide des monolithes. Yennefer n\u2019a alors pas d\u2019autre choix que de r\u00e9unir elle aussi toutes les magiciennes de son entourage afin de riposter. Elle fait \u00e9galement appel aux sorceleurs, notamment Vesemir, le mentor de Geralt, qui accepte de l\u2019\u00e9pauler. La bataille fait rage, causant de lourdes pertes de part et d\u2019autre. Les magiciennes parviennent \u00e0 repousser l\u2019ennemi, mais celui-ci r\u00e9ussit \u00e0 s\u2019enfuir. De nouveau capable de se t\u00e9l\u00e9porter, Yennefer fonce imm\u00e9diatement dans le palais de l\u2019empereur de Nilfgaard, o\u00f9 Ciri est suppos\u00e9ment retenue captive. Mais elle d\u00e9couvre alors qu\u2019il ne s\u2019agit que d\u2019une doublure, et retrouve Geralt pour l\u2019en avertir. De retour aupr\u00e8s de ses alli\u00e9s, avec qui les liens se sont renforc\u00e9s au cours de la derni\u00e8re bataille, elle cr\u00e9e \u00ab la Loge des sorci\u00e8res \u00bb, dont le but est de maintenir l\u2019\u00e9quilibre au sein de la magie en retrouvant Ciri, et de devenir un refuge pour toutes les magiciennes. Mais elle confie les r\u00eanes de la Loge \u00e0 son amie de toujours, Triss, et part seule \u00e0 la recherche de Vilgefortz.<\/p>\n<p>                        The Witcher saison 4 (Netflix) : Ciri et les rats face \u00e0 L\u00e9o Bonhart<\/p>\n<p>En fuyant Vilgefortz, Ciri se t\u00e9l\u00e9porte par accident. Perdue et sans rep\u00e8res, elle fait la rencontre des rats, une bande de jeunes brigands sans famille. Elle se lie d\u2019amiti\u00e9 avec eux (vit m\u00eame une petite histoire d\u2019amour avec Mistle) et trouve au sein de leur troupe une nouvelle famille. Elle se fait alors appeler Falka afin de cacher son identit\u00e9 et devient une sorte de Robin des Bois, en volant aux plus nobles et en redistribuant une partie des richesses aux plus pauvres. Mais, alors que la r\u00e9putation du groupe cro\u00eet, l\u2019existence de Falka \u2014 une jeune fille aux yeux verts, aux cheveux cendr\u00e9s et aux talents exceptionnels \u00e0 l\u2019\u00e9p\u00e9e \u2014 arrive aux oreilles des hommes de main de l\u2019empereur de Nilfgaard. Ils embauchent alors un certain Leo Bonhart, un mercenaire dont les capacit\u00e9s \u00e0 l\u2019\u00e9p\u00e9e exceptionnelles lui ont permis de tuer bon nombre de sorceleurs, enrichissant ainsi sa collection de m\u00e9daillons. Bonhart retrouve les rats et, bien qu\u2019il lui ait \u00e9t\u00e9 demand\u00e9 de les garder en vie, finit par tous les tuer, un par un, dans une s\u00e9quence de combat particuli\u00e8rement sanglante. Quand Ciri arrive sur les lieux, elle d\u00e9couvre alors les corps de ses amis et entre dans une rage folle, mais ne parvient pas \u00e0 d\u00e9faire le mercenaire, qui finit par la capturer. Cependant, il semble que le cruel bretteur ait finalement d\u2019autres plans pour Ciri, en lieu et place de la mission qui lui a \u00e9t\u00e9 confi\u00e9e\u2026<\/p>\n<p>            The Witcher saison 5 (Netflix) : une saison finale qui s&rsquo;annonce encore plus sombre que les pr\u00e9c\u00e9dentes<\/p>\n<p>Ciri est en f\u00e2cheuse posture, aux mains d\u2019un tortionnaire aussi terrifiant qu\u2019il est bon combattant. Yennefer part seule affronter Vilgefortz pour un combat d\u00e9cisif, \u00e0 la fois pour Ciri mais aussi pour la magie dans son ensemble. Alors que l\u2019arm\u00e9e de Nilfgaard continue de gagner du terrain sur les royaumes du Nord, Geralt parviendra-t-il \u00e0 retrouver sa prot\u00e9g\u00e9e, \u00e0 la sauver de Bonhart, <a href=\"https:\/\/www.programme-tv.net\/news\/series-tv\/290814-the-witcher-saison-3-plus-gros-et-plus-dangereux-ce-personnage-va-devenir-une-grosse-menace-pour-geralt-et-les-siens\/\" data-api-deeplink=\"teleloisirs:\/\/news\/290814\" target=\"_blank\" rel=\"noopener\">mais aussi du destin funeste que lui r\u00e9serve son p\u00e8re biologique ?<\/a><\/p>\n","protected":false},"excerpt":{"rendered":"Cette saison 4 est l&rsquo;adaptation en 8 \u00e9pisodes du 5\u1d49 roman de la saga du sorceleur intitul\u00e9 Le&hellip;\n","protected":false},"author":2,"featured_media":514619,"comment_status":"","ping_status":"","sticky":false,"template":"","format":"standard","meta":{"footnotes":""},"categories":[1356],"tags":[244,58,59,1011,27,127,1722,1721,129,252,63500,1364],"class_list":{"0":"post-514618","1":"post","2":"type-post","3":"status-publish","4":"format-standard","5":"has-post-thumbnail","7":"category-television","8":"tag-commentaire","9":"tag-divertissement","10":"tag-entertainment","11":"tag-fr","12":"tag-france","13":"tag-netflix","14":"tag-pub-streaming-netflix","15":"tag-su00e9rie-netflix","16":"tag-svod","17":"tag-television","18":"tag-the-witcher","19":"tag-tv"},"share_on_mastodon":{"url":"https:\/\/pubeurope.com\/@fr\/115499717444141359","error":""},"_links":{"self":[{"href":"https:\/\/www.europesays.com\/fr\/wp-json\/wp\/v2\/posts\/514618","targetHints":{"allow":["GET"]}}],"collection":[{"href":"https:\/\/www.europesays.com\/fr\/wp-json\/wp\/v2\/posts"}],"about":[{"href":"https:\/\/www.europesays.com\/fr\/wp-json\/wp\/v2\/types\/post"}],"author":[{"embeddable":true,"href":"https:\/\/www.europesays.com\/fr\/wp-json\/wp\/v2\/users\/2"}],"replies":[{"embeddable":true,"href":"https:\/\/www.europesays.com\/fr\/wp-json\/wp\/v2\/comments?post=514618"}],"version-history":[{"count":0,"href":"https:\/\/www.europesays.com\/fr\/wp-json\/wp\/v2\/posts\/514618\/revisions"}],"wp:featuredmedia":[{"embeddable":true,"href":"https:\/\/www.europesays.com\/fr\/wp-json\/wp\/v2\/media\/514619"}],"wp:attachment":[{"href":"https:\/\/www.europesays.com\/fr\/wp-json\/wp\/v2\/media?parent=514618"}],"wp:term":[{"taxonomy":"category","embeddable":true,"href":"https:\/\/www.europesays.com\/fr\/wp-json\/wp\/v2\/categories?post=514618"},{"taxonomy":"post_tag","embeddable":true,"href":"https:\/\/www.europesays.com\/fr\/wp-json\/wp\/v2\/tags?post=514618"}],"curies":[{"name":"wp","href":"https:\/\/api.w.org\/{rel}","templated":true}]}}