{"id":51462,"date":"2025-04-25T09:57:09","date_gmt":"2025-04-25T09:57:09","guid":{"rendered":"https:\/\/www.europesays.com\/fr\/51462\/"},"modified":"2025-04-25T09:57:09","modified_gmt":"2025-04-25T09:57:09","slug":"mylene-farmer-la-reine-de-la-chirurgie-esthetique-elle-est-meconnaissable-65-ans-ressenti-32-ansune-icone-nen-deplaise-a-certains-la-chanteuse-victime-de-propos-sexistes-et-agistes","status":"publish","type":"post","link":"https:\/\/www.europesays.com\/fr\/51462\/","title":{"rendered":"Myl\u00e8ne Farmer &#8211; \u00ab\u00a0La reine de la chirurgie esth\u00e9tique\u00a0\u00bb, \u00ab\u00a0Elle est m\u00e9connaissable\u00a0\u00bb, \u00ab\u00a065 ans ressenti 32 ans\u00a0\u00bb,\u00a0\u00bbUne ic\u00f4ne, n&rsquo;en d\u00e9plaise \u00e0 certains !\u00a0\u00bb : la chanteuse victime de propos sexistes et agistes \u00e0 quelques jours de sa performance au Festival de Cannes"},"content":{"rendered":"<p>Le 78\u00e8me <a data-i13n=\"cpos:1;pos:1\" href=\"https:\/\/fr.news.yahoo.com\/premi%C3%A8re-fois-histoire-festival-cannes-120000655.html\" data-ylk=\"slk:festival de Cannes;cpos:1;pos:1;elm:context_link;itc:0;sec:content-canvas;outcm:mb_qualified_link;_E:mb_qualified_link;ct:story;\" class=\"link  yahoo-link\" target=\"_blank\" rel=\"noopener\">festival de Cannes<\/a> s&rsquo;ouvrira le 13 mai prochain. Et pour l&rsquo;occasion, Myl\u00e8ne Farmer fera \u00ab\u00a0une prestation exceptionnelle\u00a0\u00bb lors de la soir\u00e9e d&rsquo;ouverture. Et on doit bien l&rsquo;avouer, le retour de la chanteuse sur sc\u00e8ne \u00e9tait (tr\u00e8s) attendu par ses fans. Il s&rsquo;agira de sa toute premi\u00e8re performance depuis la <a data-i13n=\"cpos:2;pos:1\" href=\"https:\/\/fr.style.yahoo.com\/myl%C3%A8ne-farmer-costumes-tourn%C3%A9e-nevermore-101558643.html\" data-ylk=\"slk:tourn\u00e9e &quot;Nevermore&quot;;cpos:2;pos:1;elm:context_link;itc:0;sec:content-canvas;outcm:mb_qualified_link;_E:mb_qualified_link;ct:story;\" class=\"link  yahoo-link\" target=\"_blank\" rel=\"noopener\">tourn\u00e9e \u00ab\u00a0Nevermore\u00a0\u00bb<\/a>, qui avait rassembl\u00e9 plus de 600 000 spectateurs.<\/p>\n<p>Alors forc\u00e9ment, \u00e0 l&rsquo;annonce, sur les r\u00e9seaux sociaux, les amateurs des chansons de <a data-i13n=\"cpos:3;pos:1\" href=\"https:\/\/fr.news.yahoo.com\/quelles-conditions-impos%C3%A9es-myl%C3%A8ne-farmer-101700261.html\" data-ylk=\"slk:Myl\u00e8ne Farmer;cpos:3;pos:1;elm:context_link;itc:0;sec:content-canvas;outcm:mb_qualified_link;_E:mb_qualified_link;ct:story;\" class=\"link  yahoo-link\" target=\"_blank\" rel=\"noopener\">Myl\u00e8ne Farmer<\/a> sont plus qu&rsquo;heureux. \u00ab\u00a0Quoi qu&rsquo;elle chante, je serai heureux. J&rsquo;ai h\u00e2te de voir sa mise en sc\u00e8ne et sa tenue\u00a0\u00bb, confie un internaute sur X. \u00ab\u00a0Une ic\u00f4ne, n&rsquo;en d\u00e9plaise \u00e0 certains !\u00a0\u00bb, lance un autre. Effectivement, derri\u00e8re les commentaires positifs s&rsquo;en cachent d&rsquo;autres bien plus sombres.<\/p>\n<p>\u00ab\u00a0La reine de la chirurgie esth\u00e9tique \u00e0 outrance\u00a0\u00bb<\/p>\n<p>\u00ab\u00a0La chirurgie a g\u00e2ch\u00e9 sa beaut\u00e9. Quel dommage\u00a0\u00bb, souffle une internaute sur Facebook. \u00ab\u00a0Mais\u2026 elle est m\u00e9connaissable\u00a0\u00bb, s&rsquo;\u00e9tonne une autre. \u00ab\u00a0Qu&rsquo;elle fasse attention, un jour elle n&rsquo;arrivera plus \u00e0 voir tellement elle est retendue&#8230;.\u00a0\u00bb, ose m\u00eame un homme. Sur Facebook, nombreux sont ceux \u00e0 la trouver \u00ab\u00a0trop liss\u00e9e\u00a0\u00bb. Certains la comparent m\u00eame au Joker. Inf\u00e2me.<\/p>\n<blockquote placeholder=\"\" data-theme=\"light\" class=\"twitter-tweet\">\n<p>La chirurgie a g\u00e2ch\u00e9 sa beaut\u00e9. Quel dommage \ud83d\ude29<\/p>\n<p>\u2014 mimi (@Mahjongwomen) <a href=\"https:\/\/twitter.com\/Mahjongwomen\/status\/1915377347122909271?ref_src=twsrc%5Etfw\" rel=\"nofollow noopener\" target=\"_blank\" data-ylk=\"slk:April 24, 2025;elm:context_link;itc:0;sec:content-canvas\" class=\"link \">April 24, 2025<\/a><\/p>\n<\/blockquote>\n<p>\u00ab\u00a0\u00c7a ne l&rsquo;arrange pas la chirurgie\u00a0\u00bb, peut-on \u00e9galement lire sur Facebook. \u00ab\u00a0La reine de la chirurgie esth\u00e9tique \u00e0 outrance\u00a0\u00bb, d\u00e9becte une autre femme plus loin. \u00ab\u00a0Elle peut dire merci \u00e0 la chirurgie esth\u00e9tique\u00a0\u00bb, \u00ab\u00a0Mais qu&rsquo;est-il arriv\u00e9 \u00e0 Myl\u00e8ne Farmer ? Trop de chirurgie ?\u00a0\u00bb, \u00ab\u00a065 ans ressenti 32 ans\u00a0\u00bb, \u00ab\u00a0On lui donne facile 10 ans de moins\u00a0\u00bb, \u00ab\u00a0Encore un ravage de la chirurgie esth\u00e9tique\u00a0\u00bb, \u00ab\u00a0Myl\u00e8ne Farmer et la chirurgie esth\u00e9tique, une grande histoire d&rsquo;amour\u00a0\u00bb, &#8230; Et les commentaires ne s&rsquo;arr\u00eatent pas l\u00e0. \u00ab\u00a0Myl\u00e8ne Farmer depuis que je suis petit elle a la m\u00eame gueule&#8230; Sans les miracles de la chirurgie esth\u00e9tique, j&rsquo;aimerais voir&#8230;\u00a0\u00bb, lance un homme.<\/p>\n<p>Heureusement, ces remarques sexistes et agistes dont est victime la chanteuse ne sont pas les seules qu&rsquo;elle re\u00e7oit. \u00ab\u00a0La classe et l&rsquo;\u00e9l\u00e9gance absolue pour Myl\u00e8ne\u00a0\u00bb, rattrape un internaute sur Facebook. \u00ab\u00a0Elle est libre de faire ce qu&rsquo;elle veut, vous ne trouvez pas ?\u00a0\u00bb, scande d&rsquo;ailleurs un autre. \u00ab\u00a0Pourquoi tant de haine ?\u00a0\u00bb, \u00ab\u00a0Qu&rsquo;on lui foute la paix !\u00a0\u00bb, \u00ab\u00a0Chacun est comme il est\u00a0\u00bb, &#8230; Voil\u00e0 qui est dit.<\/p>\n<p><script async src=\"https:\/\/platform.twitter.com\/widgets.js\" charset=\"utf-8\"><\/script><\/p>\n","protected":false},"excerpt":{"rendered":"Le 78\u00e8me festival de Cannes s&rsquo;ouvrira le 13 mai prochain. Et pour l&rsquo;occasion, Myl\u00e8ne Farmer fera \u00ab\u00a0une prestation&hellip;\n","protected":false},"author":2,"featured_media":51463,"comment_status":"","ping_status":"","sticky":false,"template":"","format":"standard","meta":{"footnotes":""},"categories":[1355],"tags":[11608,58,59,4688,5634,1011,27,1361,873,13995,14459],"class_list":{"0":"post-51462","1":"post","2":"type-post","3":"status-publish","4":"format-standard","5":"has-post-thumbnail","7":"category-musique","8":"tag-chirurgie-esthetique","9":"tag-divertissement","10":"tag-entertainment","11":"tag-facebook","12":"tag-festival-de-cannes","13":"tag-fr","14":"tag-france","15":"tag-music","16":"tag-musique","17":"tag-mylene-farmer","18":"tag-quel-dommage"},"share_on_mastodon":{"url":"https:\/\/pubeurope.com\/@fr\/114398012606573700","error":""},"_links":{"self":[{"href":"https:\/\/www.europesays.com\/fr\/wp-json\/wp\/v2\/posts\/51462","targetHints":{"allow":["GET"]}}],"collection":[{"href":"https:\/\/www.europesays.com\/fr\/wp-json\/wp\/v2\/posts"}],"about":[{"href":"https:\/\/www.europesays.com\/fr\/wp-json\/wp\/v2\/types\/post"}],"author":[{"embeddable":true,"href":"https:\/\/www.europesays.com\/fr\/wp-json\/wp\/v2\/users\/2"}],"replies":[{"embeddable":true,"href":"https:\/\/www.europesays.com\/fr\/wp-json\/wp\/v2\/comments?post=51462"}],"version-history":[{"count":0,"href":"https:\/\/www.europesays.com\/fr\/wp-json\/wp\/v2\/posts\/51462\/revisions"}],"wp:featuredmedia":[{"embeddable":true,"href":"https:\/\/www.europesays.com\/fr\/wp-json\/wp\/v2\/media\/51463"}],"wp:attachment":[{"href":"https:\/\/www.europesays.com\/fr\/wp-json\/wp\/v2\/media?parent=51462"}],"wp:term":[{"taxonomy":"category","embeddable":true,"href":"https:\/\/www.europesays.com\/fr\/wp-json\/wp\/v2\/categories?post=51462"},{"taxonomy":"post_tag","embeddable":true,"href":"https:\/\/www.europesays.com\/fr\/wp-json\/wp\/v2\/tags?post=51462"}],"curies":[{"name":"wp","href":"https:\/\/api.w.org\/{rel}","templated":true}]}}