{"id":514620,"date":"2025-11-05T23:36:22","date_gmt":"2025-11-05T23:36:22","guid":{"rendered":"https:\/\/www.europesays.com\/fr\/514620\/"},"modified":"2025-11-05T23:36:22","modified_gmt":"2025-11-05T23:36:22","slug":"on-en-ressort-avec-enormement-de-bonheur","status":"publish","type":"post","link":"https:\/\/www.europesays.com\/fr\/514620\/","title":{"rendered":"\u00ab On en ressort avec \u00e9norm\u00e9ment de bonheur \u00bb"},"content":{"rendered":"<p>            Par<br \/>\n        <strong><br \/>\n            <a href=\"https:\/\/actu.fr\/auteur\/thibault-delafosse\" title=\"Consulter tous les articles de Thibaud Delafosse\" rel=\"nofollow noopener\" target=\"_blank\">Thibaud Delafosse<\/a><br \/>\n        <\/strong><\/p>\n<p>        Publi\u00e9 le<\/p>\n<p>            5 nov. 2025 \u00e0 15h48        <\/p>\n<p>Elle faisait briller la <b>France <\/b>au <b>printemps 2021<\/b> \u00e0 Rotterdam (<b>Pays-Bas<\/b>), sur la sc\u00e8ne du concours de l\u2019<a href=\"https:\/\/actu.fr\/tag\/concours-eurovision\" rel=\"nofollow noopener\" target=\"_blank\">Eurovision<\/a>. Avec son titre\u00a0<a href=\"https:\/\/www.youtube.com\/watch?v=VJuD7AnV-uw\" rel=\"nofollow noopener\" target=\"_blank\">Voil\u00e0<\/a>, Barbara Pravi se hissait alors \u00e0 la deuxi\u00e8me place.\u00a0Depuis, son tube est devenu quadruple <b>single de diamant<\/b> avec plus de <b>200\u00a0millions de streams<\/b>.<\/p>\n<p class=\" wall-content\">L\u2019ann\u00e9e suivante, l\u2019auteure-compositrice-interpr\u00e8te remportait la <b>Victoire de la musique<\/b> dans la cat\u00e9gorie \u00ab\u2009<b>R\u00e9v\u00e9lation f\u00e9minine<\/b>\u2009\u00bb. L\u2019artiste de 32\u00a0ans a \u00e9galement sorti <b>deux albums<\/b> dont le premier a \u00e9t\u00e9 certifi\u00e9 <b>disque d\u2019or<\/b>, On n\u2019enferme pas les oiseaux\u00a0en <b>2021 <\/b>et\u00a0La Pieva\u00a0en <b>2024<\/b>.<\/p>\n<p class=\" wall-content\">Celle qui est aussi laur\u00e9ate du prix Sacem Rolf-Marbot de la chanson fran\u00e7aise de l\u2019ann\u00e9e 2021 avec Voil\u00e0 chantera \u00e0 <a href=\"https:\/\/actu.fr\/normandie\/saint-lo_50502\" rel=\"nofollow noopener\" target=\"_blank\">Saint-L\u00f4<\/a> (Manche) le <b>samedi 8\u00a0novembre 2025<\/b>. Elle fait en effet partie des invit\u00e9s du festival <a href=\"https:\/\/actu.fr\/tag\/rendez-vous-soniques\" rel=\"nofollow noopener\" target=\"_blank\">Les Rendez-vous soniques<\/a>. Entretien.<\/p>\n<p class=\"ac-article-content__question wall-content\">Votre dernier album, \u00ab\u2009La Pieva\u2009\u00bb, s\u2019inspire d\u2019une histoire personnelle. Pouvez-vous la raconter\u2009?<\/p>\n<p class=\" wall-content\">Je commen\u00e7ais l\u2019\u00e9criture de l\u2019album quand je me suis plong\u00e9e dans mon histoire familiale. Mon grand-p\u00e8re serbe, Deda, m\u2019avait \u00e9crit une lettre dans laquelle il \u00e9voque une anc\u00eatre gitane et tsigane. Elle se faisait appeler la Pieva, mon vrai nom de famille \u00e9tant Pjevi\u0107. C\u2019\u00e9tait une marchande qui voyageait de village en village, en Serbie, et se mettait \u00e0 chanter. J\u2019ai trouv\u00e9 cela incroyable, car je fais finalement la m\u00eame chose que mon anc\u00eatre plusieurs si\u00e8cles plus tard. C\u2019est en quelque sorte un lien qui nous unit.<\/p>\n<p class=\"ac-article-content__question wall-content\">C\u2019est un album tr\u00e8s personnel\u2009?<\/p>\n<p class=\" wall-content\">Le point de d\u00e9part, c\u2019est effectivement la recherche de mes racines. J\u2019en parle dans plusieurs chansons comme La Pieva\u00a0ou\u00a0Maman.\u00a0Mais d\u2019autres sujets sont abord\u00e9s. Les sonorit\u00e9s ne sont pas que de la musique fran\u00e7aise. Il y a plus de rock et de punk que dans l\u2019album pr\u00e9c\u00e9dent. Celui-l\u00e0 ressemble davantage \u00e0 toutes les facettes que je peux avoir dans la vie.<\/p>\n<p>\u00ab\u2009Je suis quelqu\u2019un de g\u00e9n\u00e9reuse\u2009\u00bb<\/p>\n<p class=\"ac-article-content__question wall-content\">Sur sc\u00e8ne, vous parlez de spectacles plut\u00f4t que de concerts. Pourquoi\u2009?<\/p>\n<p class=\" wall-content\">Pour moi, un concert correspond \u00e0 une succession de beaucoup de chansons. Mais quand je suis sur sc\u00e8ne, je raconte une histoire entre les titres. J\u2019essaie d\u2019emmener les gens dans une histoire, je ne me contente pas d\u2019encha\u00eener les titres. Dans la construction du spectacle, je change mes v\u00eatements et les d\u00e9cors. J\u2019incarne vraiment un personnage. Ben Mazu\u00e9 m\u2019inspire beaucoup dans cette mani\u00e8re de raconter quelque chose. Je veux vraiment cr\u00e9er du lien avec le public. Je suis quelqu\u2019un de g\u00e9n\u00e9reuse. Depuis toujours, je partage de fortes \u00e9motions avec les spectateurs. Pour tout le monde, c\u2019est une \u00e9nergie lib\u00e9ratrice, communicative, dansante, pleurante.<\/p>\n<p class=\"ac-article-content__question wall-content\">Gardez-vous des souvenirs d\u2019un passage dans la Manche\u2009?<\/p>\n<p class=\" wall-content\">J\u2019ai d\u00e9j\u00e0 chant\u00e9 dans la Manche, mais je me balade tellement que ce n\u2019est pas simple de s\u2019en souvenir. J\u2019ai une m\u00e9moire photographique. Je n\u2019\u00e9tais d\u00e9j\u00e0 pas tr\u00e8s forte en g\u00e9ographie \u00e0 l\u2019\u00e9cole, et \u00e7a ne s\u2019est pas arrang\u00e9 avec le temps (rires). En plus, je vois rarement les villes comme je voyage la nuit. G\u00e9n\u00e9ralement, je me rem\u00e9more les choses en revenant \u00e0 un endroit. Je me rappelle que j\u2019\u00e9tais venue \u00e0 Saint-L\u00f4 il y a longtemps. Je m\u2019y \u00e9tais promen\u00e9e.<\/p>\n<p class=\" wall-content\">\n<p class=\"ac-article-content__question wall-content\">Chantez-vous toujours \u00ab\u2009Voil\u00e0\u2009\u00bb, quatre ans apr\u00e8s\u2009?<\/p>\n<p class=\" wall-content\">Bien s\u00fbr. Ce serait un outrage de ne pas le faire\u2009! J\u2019aime vraiment le chanter. Ce titre a transform\u00e9 ma vie, il fait partie de mon histoire. J\u2019ai une reconnaissance et une gratitude folles pour Voil\u00e0.\u00a0Une partie du public ne me conna\u00eet que pour\u00a0Voil\u00e0, et l\u2019autre m\u2019a suivie depuis tout ce temps. Il s\u2019est mis \u00e0 jour en ce qui concerne ma carri\u00e8re.<\/p>\n<p>Votre r\u00e9gion, votre actu !<\/p>\n<p>Recevez chaque jour les infos qui comptent pour vous.<\/p>\n<p>\t<a href=\"https:\/\/actu.fr\/newsletter\" class=\"ac-btn ac-btn--corner ac-btn--medium ac-btn--blue800\" rel=\"nofollow noopener\" target=\"_blank\">S&rsquo;incrire<\/a><\/p>\n<p class=\"ac-article-content__question wall-content\">Pourquoi faut-il venir vous voir en vrai\u2009?<\/p>\n<p class=\" wall-content\">Mes concerts d\u00e9gagent une joie folle. On s\u2019y amuse \u00e9norm\u00e9ment. Ce sont des moments tr\u00e8s surprenants, beaux et joyeux. On en ressort avec \u00e9norm\u00e9ment de bonheur\u2009!<\/p>\n<p>Barbara Pravi sera en concert le samedi 8\u00a0novembre \u00e0 18\u00a0heures \u00e0 la salle Beaufils de Saint-L\u00f4. Billetterie et informations sur <a href=\"https:\/\/www.lesrendezvoussoniques.com\/\" rel=\"nofollow noopener\" target=\"_blank\">www.lesrendezvoussoniques.com<\/a>. Le festival Les Rendez-vous soniques se d\u00e9roule du 5 au 10\u00a0novembre.<\/p>\n<p class=\" wall-content\">Personnalisez votre actualit\u00e9 en ajoutant vos villes et m\u00e9dias en favori avec <a href=\"https:\/\/moncompte.actu.fr\" title=\"D\u00e9couvez Mon Actu\" rel=\"nofollow noopener\" data-trk=\"{&quot;cta&quot;:{&quot;action&quot;:&quot;https:\\\/\\\/moncompte.actu.fr&quot;,&quot;category&quot;:&quot;mon compte&quot;,&quot;from&quot;:&quot;article footer&quot;,&quot;name&quot;:&quot;Mon actu&quot;,&quot;type&quot;:&quot;cta&quot;}}\" target=\"_blank\">Mon Actu<\/a>.<\/p>\n","protected":false},"excerpt":{"rendered":"Par Thibaud Delafosse Publi\u00e9 le 5 nov. 2025 \u00e0 15h48 Elle faisait briller la France au printemps 2021&hellip;\n","protected":false},"author":2,"featured_media":514621,"comment_status":"","ping_status":"","sticky":false,"template":"","format":"standard","meta":{"footnotes":""},"categories":[1355],"tags":[1697,58,59,1011,27,1652,1361,873,63501],"class_list":{"0":"post-514620","1":"post","2":"type-post","3":"status-publish","4":"format-standard","5":"has-post-thumbnail","7":"category-musique","8":"tag-concert","9":"tag-divertissement","10":"tag-entertainment","11":"tag-fr","12":"tag-france","13":"tag-loisirs-culture","14":"tag-music","15":"tag-musique","16":"tag-rendez-vous-soniques"},"share_on_mastodon":{"url":"https:\/\/pubeurope.com\/@fr\/115499721518821492","error":""},"_links":{"self":[{"href":"https:\/\/www.europesays.com\/fr\/wp-json\/wp\/v2\/posts\/514620","targetHints":{"allow":["GET"]}}],"collection":[{"href":"https:\/\/www.europesays.com\/fr\/wp-json\/wp\/v2\/posts"}],"about":[{"href":"https:\/\/www.europesays.com\/fr\/wp-json\/wp\/v2\/types\/post"}],"author":[{"embeddable":true,"href":"https:\/\/www.europesays.com\/fr\/wp-json\/wp\/v2\/users\/2"}],"replies":[{"embeddable":true,"href":"https:\/\/www.europesays.com\/fr\/wp-json\/wp\/v2\/comments?post=514620"}],"version-history":[{"count":0,"href":"https:\/\/www.europesays.com\/fr\/wp-json\/wp\/v2\/posts\/514620\/revisions"}],"wp:featuredmedia":[{"embeddable":true,"href":"https:\/\/www.europesays.com\/fr\/wp-json\/wp\/v2\/media\/514621"}],"wp:attachment":[{"href":"https:\/\/www.europesays.com\/fr\/wp-json\/wp\/v2\/media?parent=514620"}],"wp:term":[{"taxonomy":"category","embeddable":true,"href":"https:\/\/www.europesays.com\/fr\/wp-json\/wp\/v2\/categories?post=514620"},{"taxonomy":"post_tag","embeddable":true,"href":"https:\/\/www.europesays.com\/fr\/wp-json\/wp\/v2\/tags?post=514620"}],"curies":[{"name":"wp","href":"https:\/\/api.w.org\/{rel}","templated":true}]}}