{"id":514633,"date":"2025-11-05T23:43:17","date_gmt":"2025-11-05T23:43:17","guid":{"rendered":"https:\/\/www.europesays.com\/fr\/514633\/"},"modified":"2025-11-05T23:43:17","modified_gmt":"2025-11-05T23:43:17","slug":"poutine-riposte-a-trump-et-menace-de-relancer-ses-propres-essais-darmes-nucleaires","status":"publish","type":"post","link":"https:\/\/www.europesays.com\/fr\/514633\/","title":{"rendered":"Poutine riposte \u00e0 Trump et menace de relancer ses propres essais d\u2019armes nucl\u00e9aires"},"content":{"rendered":"<p>Vous avez rat\u00e9 les derniers \u00e9v\u00e9nements sur la <a href=\"https:\/\/www.20minutes.fr\/monde\/ukraine\/\" class=\"c-link c-link--is-underlined\" rel=\"nofollow noopener\" target=\"_blank\">guerre en Ukraine<\/a>\u00a0? 20 Minutes fait le point pour vous tous les soirs. Voici l\u2019essentiel de ce mercredi 5\u00a0novembre, 1.351e jour du conflit.<\/p>\n<p>Le fait du jour<\/p>\n<p>Dangereuse escalade ou simple bataille d\u2019ego\u00a0? <a href=\"https:\/\/www.20minutes.fr\/monde\/etats-unis\/4182695-20251031-etats-unis-essais-armes-nucleaires-egalite-chine-russie-sait-declarations-trump\" class=\"c-link c-link--is-underlined\" rel=\"nofollow noopener\" target=\"_blank\">Apr\u00e8s les d\u00e9clarations, assez floues, de Donald Trump <\/a>la semaine derni\u00e8re annon\u00e7ant la reprise des essais nucl\u00e9aires am\u00e9ricains, <a href=\"https:\/\/www.20minutes.fr\/monde\/vladimir_poutine\/\" class=\"c-link c-link--is-underlined\" rel=\"nofollow noopener\" target=\"_blank\">Vladimir Poutine<\/a> a ripost\u00e9 ce mercredi, sur le m\u00eame credo. Le ma\u00eetre du Kremlin envisage, lui aussi, de reprendre ses <a href=\"https:\/\/www.20minutes.fr\/dossier\/essais_nucleaires\" class=\"c-link c-link--is-underlined\" rel=\"nofollow noopener\" target=\"_blank\">essais nucl\u00e9aires<\/a>.<\/p>\n<\/p>\n<p>Lors d\u2019une r\u00e9union de son Conseil de s\u00e9curit\u00e9, il a charg\u00e9 les instances comp\u00e9tentes de \u00ab\u00a0tout mettre en \u0153uvre pour recueillir des informations suppl\u00e9mentaires sur cette question [\u2026] et de pr\u00e9senter des propositions concert\u00e9es sur le lancement \u00e9ventuel de travaux pr\u00e9paratoires en vue d\u2019essais nucl\u00e9aires\u00a0\u00bb, selon des propos retransmis \u00e0 la t\u00e9l\u00e9vision.<\/p>\n<p>Tout en assurant que la <a href=\"https:\/\/www.20minutes.fr\/monde\/russie\/\" class=\"c-link c-link--is-underlined\" rel=\"nofollow noopener\" target=\"_blank\">Russie<\/a> \u00ab\u00a0a toujours respect\u00e9 scrupuleusement ses obligations au titre du Trait\u00e9 d\u2019interdiction compl\u00e8te des essais nucl\u00e9aires\u00a0\u00bb, le pr\u00e9sident russe a pr\u00e9venu que \u00ab\u00a0si les \u00c9tats-Unis ou d\u2019autres Etats parties du Trait\u00e9 proc\u00e9daient \u00e0 de tels essais, la Russie serait contrainte de prendre des mesures de r\u00e9torsion appropri\u00e9es\u00a0\u00bb.<\/p>\n<p>Le ministre russe de la D\u00e9fense, Andre\u00ef Belooussov, a m\u00eame cit\u00e9 l\u2019archipel de la Nouvelle-Zemble, dans l\u2019Arctique, comme un terrain d\u2019essai potentiel. Le dernier essai nucl\u00e9aire de Moscou date de\u00a01990, peu avant la chute de l\u2019URSS.<\/p>\n<p>La d\u00e9claration du jour<\/p>\n<blockquote class=\"mx-m@xs mx-xxl@md color-ultramarine c-citation\">\n<p class=\"font-weight-regular@xs text-italic font-source-serif-pro text-l@xs c-citation__content\">\u00ab\u00a0Nous devons maintenir notre potentiel nucl\u00e9aire afin de rester pr\u00eats \u00e0 infliger des dommages inacceptables \u00e0 l\u2019ennemi en toutes circonstances.\u00a0\u00bb<\/p>\n<\/blockquote>\n<p>L\u2019avertissement, clair, lanc\u00e9 ce mercredi par Vladimir Poutine.<\/p>\n<p>Le chiffre du jour<\/p>\n<p>2. L\u2019espace a\u00e9rien de la <a href=\"https:\/\/www.20minutes.fr\/dossier\/belgique\" class=\"c-link c-link--is-underlined\" rel=\"nofollow noopener\" target=\"_blank\">Belgique<\/a> a d\u00fb fermer \u00e0 deux reprises dans la nuit de mardi \u00e0 mercredi apr\u00e8s les signalements de drones aux abords des a\u00e9roports de Bruxelles et de Li\u00e8ge. Des dizaines de vols commerciaux ont \u00e9t\u00e9 annul\u00e9s et 400 \u00e0 500 passagers ont \u00e9t\u00e9 contraints de passer la nuit dans l\u2019a\u00e9rogare de Bruxelles- Zaventem.<\/p>\n<p>Le ministre de la D\u00e9fense Theo Francken a refus\u00e9 de pointer du doigt la Russie derri\u00e8re ces incidents, mais a \u00e9voqu\u00e9 une op\u00e9ration coordonn\u00e9e men\u00e9e par \u00ab\u00a0des professionnels\u00a0\u00bb pour semer \u00ab\u00a0la panique\u00a0\u00bb et \u00ab\u00a0d\u00e9stabiliser\u00a0\u00bb la Belgique.<\/p>\n<p>La tendance<\/p>\n<p>L\u2019arm\u00e9e ukrainienne a d\u00e9menti ce mercredi les affirmations de Moscou selon lesquelles ses soldats seraient encercl\u00e9s par les troupes russes \u00e0 Pokrovsk, \u00e9picentre des combats sur la ligne de front de l\u2019Est. \u00ab\u00a0La d\u00e9fense de l\u2019agglom\u00e9ration Pokrovsk-Myrnograd se poursuit. Il n\u2019y a aucun encerclement de nos unit\u00e9s et divisions\u00a0\u00bb, a affirm\u00e9 l\u2019Etat-major ukrainien sur les r\u00e9seaux sociaux.<\/p>\n<p>Une bataille acharn\u00e9e se joue pour le contr\u00f4le de ce n\u0153ud logistique de la r\u00e9gion industrielle de Donetsk que le Kremlin cherche \u00e0 conqu\u00e9rir en priorit\u00e9.<\/p>\n<p><a href=\"http:\/\/www.20minutes.fr\/monde\/ukraine\" class=\"c-link c-btn c-btn--primary\" rel=\"nofollow noopener\" target=\"_blank\">Notre dossier sur la guerre en Ukraine<\/a><\/p>\n<p>Cette d\u00e9claration intervient apr\u00e8s des d\u00e9clarations de la Russie cette semaine selon laquelle l\u2019arm\u00e9e russe \u00ab\u00a0renforce l\u2019encerclement\u00a0\u00bb des forces ukrainiennes dans cette zone. Le minist\u00e8re russe de la D\u00e9fense a affirm\u00e9 mercredi sur Telegram que la situation des forces ukrainiennes \u00ab\u00a0se d\u00e9t\u00e9riore rapidement\u00a0\u00bb \u00e0 Pokrovsk et \u00e0 Koupiansk, autre n\u0153ud logistique et point chaud des combats dans le nord-est de l\u2019Ukraine.<\/p>\n","protected":false},"excerpt":{"rendered":"Vous avez rat\u00e9 les derniers \u00e9v\u00e9nements sur la guerre en Ukraine\u00a0? 20 Minutes fait le point pour vous&hellip;\n","protected":false},"author":2,"featured_media":514634,"comment_status":"","ping_status":"","sticky":false,"template":"","format":"standard","meta":{"footnotes":""},"categories":[5],"tags":[47,11,828,75,73,1011,27,131,14,74,12,136,132,135,28],"class_list":{"0":"post-514633","1":"post","2":"type-post","3":"status-publish","4":"format-standard","5":"has-post-thumbnail","7":"category-international","8":"tag-actualite","9":"tag-actualites","10":"tag-belgique","11":"tag-donald-trump","12":"tag-etats-unis","13":"tag-fr","14":"tag-france","15":"tag-guerre-en-ukraine","16":"tag-international","17":"tag-monde","18":"tag-news","19":"tag-otan","20":"tag-russie","21":"tag-vladimir-poutine","22":"tag-world"},"share_on_mastodon":{"url":"https:\/\/pubeurope.com\/@fr\/115499749010335967","error":""},"_links":{"self":[{"href":"https:\/\/www.europesays.com\/fr\/wp-json\/wp\/v2\/posts\/514633","targetHints":{"allow":["GET"]}}],"collection":[{"href":"https:\/\/www.europesays.com\/fr\/wp-json\/wp\/v2\/posts"}],"about":[{"href":"https:\/\/www.europesays.com\/fr\/wp-json\/wp\/v2\/types\/post"}],"author":[{"embeddable":true,"href":"https:\/\/www.europesays.com\/fr\/wp-json\/wp\/v2\/users\/2"}],"replies":[{"embeddable":true,"href":"https:\/\/www.europesays.com\/fr\/wp-json\/wp\/v2\/comments?post=514633"}],"version-history":[{"count":0,"href":"https:\/\/www.europesays.com\/fr\/wp-json\/wp\/v2\/posts\/514633\/revisions"}],"wp:featuredmedia":[{"embeddable":true,"href":"https:\/\/www.europesays.com\/fr\/wp-json\/wp\/v2\/media\/514634"}],"wp:attachment":[{"href":"https:\/\/www.europesays.com\/fr\/wp-json\/wp\/v2\/media?parent=514633"}],"wp:term":[{"taxonomy":"category","embeddable":true,"href":"https:\/\/www.europesays.com\/fr\/wp-json\/wp\/v2\/categories?post=514633"},{"taxonomy":"post_tag","embeddable":true,"href":"https:\/\/www.europesays.com\/fr\/wp-json\/wp\/v2\/tags?post=514633"}],"curies":[{"name":"wp","href":"https:\/\/api.w.org\/{rel}","templated":true}]}}