{"id":514635,"date":"2025-11-05T23:44:10","date_gmt":"2025-11-05T23:44:10","guid":{"rendered":"https:\/\/www.europesays.com\/fr\/514635\/"},"modified":"2025-11-05T23:44:10","modified_gmt":"2025-11-05T23:44:10","slug":"grosse-deception-des-clients-apres-louverture-de-shein-au-bhv-a-paris","status":"publish","type":"post","link":"https:\/\/www.europesays.com\/fr\/514635\/","title":{"rendered":"grosse d\u00e9ception des clients apr\u00e8s l&rsquo;ouverture de Shein au BHV \u00e0 Paris"},"content":{"rendered":"<p>            Par<br \/>\n        <strong><br \/>\n            <a href=\"https:\/\/actu.fr\/auteur\/ines-cussac-actu-fr\" title=\"Consulter tous les articles de In\u00e8s Cussac\" rel=\"nofollow noopener\" target=\"_blank\">In\u00e8s Cussac<\/a><br \/>\n        <\/strong><\/p>\n<p>        Publi\u00e9 le<\/p>\n<p>            5 nov. 2025 \u00e0 20h32        <\/p>\n<p>\u00ab\u2009Bonjour voil\u00e0, on arrive au <a href=\"https:\/\/actu.fr\/tag\/bhv\" rel=\"nofollow noopener\" target=\"_blank\">BHV<\/a> pour Shein. Donc voil\u00e0\u2026 Il y a \u00e9norm\u00e9ment de monde, comme vous pouvez le constater.\u2009\u00bb Cendrine fait pivoter la cam\u00e9ra de son t\u00e9l\u00e9phone portable et montre aux abonn\u00e9s de sa cha\u00eene Youtube la file d\u2019attente qui s\u2019\u00e9tire devant le grand magasin du 4e arrondissement de Paris. Il n\u2019est pas 12h30 ce mercredi 5\u00a0novembre 2025 et d\u00e9j\u00e0, une centaine de personnes est rassembl\u00e9e pour assister \u00e0 <a href=\"https:\/\/actu.fr\/ile-de-france\/paris_75056\/paris-ca-me-donne-la-nausee-face-a-l-arrivee-de-shein-au-bhv-plusieurs-marques-quittent-le-grand-magasin_63253635.html\" rel=\"nofollow noopener\" target=\"_blank\">l\u2019ouverture du premier magasin physique p\u00e9renne<\/a> du g\u00e9ant de l\u2019e-commerce asiatique, <strong>Shein<\/strong>, pr\u00e9vue \u00e0 13h p\u00e9tantes.<\/p>\n<p class=\" wall-content\">Les uns derri\u00e8re les autres, les clients attendent le fameux ticket qui leur permettra d\u2019acc\u00e9der au <strong>6e \u00e9tage du BHV Marais<\/strong>. L\u00e0, <a href=\"https:\/\/actu.fr\/ile-de-france\/paris_75056\/paris-le-geant-de-la-fast-fashion-shein-controverse-va-ouvrir-un-magasin-inedit-au-bhv_63241540.html\" rel=\"nofollow noopener\" target=\"_blank\">l\u2019espace Shein s\u2019\u00e9tend sur plus de 1\u2009000 m\u00b2<\/a> et une ribambelle de v\u00eatements \u00ab\u2009haut de gamme\u2009\u00bb pour femmes et hommes a \u00e9t\u00e9 s\u00e9lectionn\u00e9e sp\u00e9cialement pour les adorateurs de la marque d\u2019ultrafast-fashion ayant fait le d\u00e9placement. Nina est du lot. Sac \u00e0 main Louis Vuitton sur le poignet, elle est venue faire la curieuse. \u00ab\u2009Je n\u2019ai pas particuli\u00e8rement pr\u00e9vu d\u2019acheter quelque chose. Je suis l\u00e0 pour voir, un peu par hasard\u2009\u00bb, pr\u00e9vient-elle sous sa crini\u00e8re blonde venue tout de droit de La Garenne-Colombes (Hauts-de-Seine). Quelques m\u00e8tres derri\u00e8re elle, Manal, la vingtaine, a d\u00e9j\u00e0 enregistr\u00e9 un panier de v\u00eatements en ligne et esp\u00e8re les retrouver en boutique. \u00ab\u2009Je ne d\u00e9penserai pas plus de 100 euros\u2009\u00bb, veut-elle se limiter.<\/p>\n<p>\u00ab\u00a0Non, \u00e7a ne me d\u00e9range pas\u00a0\u00bb<\/p>\n<p class=\" wall-content\"><a href=\"https:\/\/actu.fr\/ile-de-france\/paris_75056\/shein-au-bhv-a-paris-une-ouverture-sous-tension-des-policiers-deja-en-place-devant-le-magasin_63395421.html\" rel=\"nofollow noopener\" target=\"_blank\">Sous la vigilance d\u2019un cons\u00e9quent dispositif policier<\/a>, les clients encha\u00eenent les interviews face aux journalistes de cha\u00eenes de t\u00e9l\u00e9vision, de radio et des m\u00e9dias internationaux. Les personnalit\u00e9s politiques \u00e9cologistes et les militants anti fast-fashion ont aussi fait le d\u00e9placement. \u00ab\u2009C\u2019est de la provoc\u2019\u2009! Personne n\u2019est oblig\u00e9 de venir\u2009\u00bb, tance Lola, la soixantaine. \u00ab\u2009\u00c7a peut \u00eatre un danger pour nous tous ces gens. C\u2019est bien qu\u2019il y ait la police, on se sent en s\u00e9curit\u00e9\u2009\u00bb, abonde sa nouvelle amie Josiane. Avec Ewa et Cendrine, le quatuor s\u2019est bien trouv\u00e9 pour discuter en attendant de pouvoir entrer dans le nouveau temple de la mondialisation. \u00ab\u2009Tout \u00e7a, \u00e7a fait de la pub pour Shein et le BHV. Ils avaient besoin de \u00e7a\u2009\u00bb, sourit Lola qui per\u00e7oit un bon moyen pour rajeunir la client\u00e8le. Si la plateforme est connue pour avoir s\u00e9duit les jeunes filles en premier lieu en France, les 35-49 ans sont d\u00e9sormais les plus gros acheteurs \u00e0 hauteur de 45 % du volume des ventes.<\/p>\n<p class=\" wall-content\">L\u2019aiguille pointe 13h. Les journalistes attendent les clients derri\u00e8re un cordon de s\u00e9curit\u00e9, un DJ veut mettre l\u2019ambiance et voil\u00e0 <a href=\"https:\/\/actu.fr\/ile-de-france\/paris_75056\/shein-au-bhv-a-paris-face-aux-polemiques-le-patron-du-grand-magasin-refuse-de-ceder-a-la-bien-pensance_63384989.html\" rel=\"nofollow noopener\" target=\"_blank\">Fr\u00e9d\u00e9ric Merlin, le patron de la Soci\u00e9t\u00e9 des grands magasins (SGM)<\/a>, propri\u00e9taire du BHV depuis 2023, coupe son ruban. Malgr\u00e9 les scandales de <a href=\"https:\/\/actu.fr\/societe\/shein-vend-des-poupees-sexuelles-pedopornographiques-le-procureur-de-la-republique-saisi_63382998.html\" rel=\"nofollow noopener\" target=\"_blank\">la vente de poup\u00e9es sexuelles<\/a> et <a href=\"https:\/\/actu.fr\/societe\/scandale-shein-le-gouvernement-lance-la-procedure-pour-suspendre-la-plateforme-en-france_63397838.html\" rel=\"nofollow noopener\" target=\"_blank\">d\u2019armes de cat\u00e9gories A<\/a>, le PDG assure que les produits vendus r\u00e9pondent aux normes europ\u00e9ennes. Pour rappel en France, Shein est vis\u00e9 par une proposition de loi visant \u00e0 contrer l\u2019essor de l\u2019ultrafast-fashion. Rien qu\u2019en 2025, l\u2019entreprise a \u00e9t\u00e9 condamn\u00e9e \u00e0 trois amendes pour <strong>un total de 191 millions d\u2019euros<\/strong>, non-respect de la l\u00e9gislation sur les cookies en ligne, fausses promotions, informations trompeuses, et pour ne pas avoir d\u00e9clar\u00e9 la pr\u00e9sence de microfibres plastiques dans ses produits.<\/p>\n<p class=\" wall-content\">\u00ab\u2009Qu\u2019on ach\u00e8te ici ou ailleurs, c\u2019est la m\u00eame chose\u2009: les autres coupent les \u00e9tiquettes \u2018Made in China\u2019\u00bb, explique David en m\u00eame temps qu\u2019il essaie un tee-shirt \u00e0 12,49\u00a0euros parce qu\u2019il a trop chaud sous son pull \u00e0 col roul\u00e9. \u00ab\u2009L\u2019exploitation des enfants, c\u2019est horrible\u2009! Mais c\u2019est pareil pour tout le monde\u2009\u00bb, ajoute-t-il avant de conclure\u2009: \u00ab\u2009De toute fa\u00e7on, on ne s\u2019en sortira jamais avec ce monde-l\u00e0. <strong>Il y a trop de surconsommation.<\/strong> Nous, on ne sera pas l\u00e0 pour voir tout \u00e7a donc non, \u00e7a ne me d\u00e9range pas.\u2009\u00bb<\/p>\n<blockquote class=\"tiktok-embed\" cite=\"https:\/\/www.tiktok.com\/@actu.paris\/video\/7569268613698358550\" data-video-id=\"7569268613698358550\" data-embed-from=\"oembed\" style=\"max-width:605px; min-width:325px;\"><p>\n<a target=\"_blank\" title=\"@actu.paris\" href=\"https:\/\/www.tiktok.com\/@actu.paris?refer=embed\" rel=\"nofollow noopener\">@actu.paris<\/a> <\/p>\n<p>Le g\u00e9ant du e-commerce Shein ouvre sa premi\u00e8re boutique au sein du BHV \u00e0 Paris ce mercredi 5 novembre 2025.  <a title=\"fyp\" target=\"_blank\" href=\"https:\/\/www.tiktok.com\/tag\/fyp?refer=embed\" rel=\"nofollow noopener\">#fyp<\/a> <a title=\"paris\" target=\"_blank\" href=\"https:\/\/www.tiktok.com\/tag\/paris?refer=embed\" rel=\"nofollow noopener\">#Paris<\/a> <a title=\"shein\" target=\"_blank\" href=\"https:\/\/www.tiktok.com\/tag\/shein?refer=embed\" rel=\"nofollow noopener\">#shein<\/a> <a title=\"bhv\" target=\"_blank\" href=\"https:\/\/www.tiktok.com\/tag\/bhv?refer=embed\" rel=\"nofollow noopener\">#bhv<\/a> <\/p>\n<p> <a target=\"_blank\" title=\"\u266c Blinding Lights - Instrumental - The Weeknd\" href=\"https:\/\/www.tiktok.com\/music\/Blinding-Lights-Instrumental-6931290927570946049?refer=embed\" rel=\"nofollow noopener\">\u266c Blinding Lights \u2013 Instrumental \u2013 The Weeknd<\/a> <\/p>\n<\/blockquote>\n<p>Votre r\u00e9gion, votre actu !<\/p>\n<p>Recevez chaque jour les infos qui comptent pour vous.<\/p>\n<p>\t<a href=\"https:\/\/actu.fr\/newsletter\" class=\"ac-btn ac-btn--corner ac-btn--medium ac-btn--blue800\" rel=\"nofollow noopener\" target=\"_blank\">S&rsquo;incrire<\/a><br \/>\nDes prix trop \u00e9lev\u00e9s<\/p>\n<p class=\" wall-content\">De son c\u00f4t\u00e9, Cendrine arrive en haut de l\u2019escalator le t\u00e9l\u00e9phone en main pour tout filmer en format paysage. Elle d\u00e9ambule entre les tables et les porte v\u00eatements et analyse tout ce qui est pr\u00e9sent\u00e9. \u00ab\u2009Je suis un peu surprise par les prix\u2009\u00bb, indique-t-elle. \u00ab\u200950 euros la parka\u2026 Bon\u2009\u00bb, souffle-t-elle. \u00ab\u2009Apr\u00e8s, il faut voir il faut voir. L\u00e0 au moins, <strong>on peut toucher<\/strong>\u2009\u00bb, reconna\u00eet-elle avant de reprendre son d\u00e9fil\u00e9.<\/p>\n<p class=\" wall-content\">Les miniprix, le large \u00e9ventail de choix et de tailles et les collections r\u00e9guli\u00e8rement renouvel\u00e9es constituent la Trinit\u00e9 de la fast-fashion. Au c\u0153ur du BHV, les pulls \u00e0 40 euros et les vestes \u00e0 30 euros n\u2019\u00e9taient donc pas les tarifs escompt\u00e9s. \u00ab\u2009Il n\u2019y a pas de rayon enfant\u2009!\u2009\u00bb s\u2019agace Syara du haut de ses 11 ans. Avec sa maman et sa s\u0153ur, elles ont toutes les trois affront\u00e9 six heures de route pour venir d\u00e9couvrir le nouveau magasin. \u00ab\u2009Franchement, on est d\u00e9\u00e7ues\u2009: il n\u2019y a rien pour les enfants et les prix sont trop chers. Ils nous avaient pourtant vendu \u00e7a comme \u00e9tant LE truc \u00bb, poursuit Julie la s\u0153ur a\u00een\u00e9e aussit\u00f4t apeur\u00e9e par deux militantes rapidement \u00e9vacu\u00e9es par les vigiles de s\u00e9curit\u00e9. L\u2019instant d\u2019avant, c\u2019est <strong>une boule puante<\/strong> qui avait \u00e9t\u00e9 d\u00e9gain\u00e9e en signe de protestation contre cette ouverture.<\/p>\n<p class=\" wall-content\">\u00ab\u2009Ils ont relev\u00e9 les prix\u2009\u00bb, constate aussi Shereen, 21\u00a0ans, en poussant les pulls les uns derri\u00e8re les autres. \u00ab\u2009Je n\u2019ai pas vraiment l\u2019habitude d\u2019acheter sur Shein mais l\u00e0, je ne reviendrai pas. M\u00eame les petites boutiques chinoises juste en bas, elles sont moins ch\u00e8res et de meilleure qualit\u00e9\u2009\u00bb, croit savoir la jeune femme \u00e9galement venue accompagn\u00e9e de sa m\u00e8re. Nebila aussi est un peu d\u00e9\u00e7ue par son shopping. \u00ab\u2009Je n\u2019ai achet\u00e9 qu\u2019une chemise mais franchement je ne suis pas tr\u00e8s contente\u2009\u00bb, fait-elle savoir sous sa tresse blonde nou\u00e9e en haut du cr\u00e2ne.<\/p>\n<p class=\" wall-content\">Fatima vient aussi de faire ses emplettes chez Shein. Co\u00fbt total des d\u00e9penses\u2009: 28 euros. \u00ab\u2009Je ne suis pas enchant\u00e9e, honn\u00eatement\u2009\u00bb, admet cette Yvelinoise. \u00ab\u2009Je ne suis pas s\u00fbre de revenir parce que \u00e7a n\u2019a pas trop d\u2019int\u00e9r\u00eat. Il n\u2019y a que des v\u00eatements, pas d\u2019accessoires\u2026\u2009\u00bb, d\u00e9plore-t-elle avant de pr\u00e9senter son calcul\u2009: \u00ab\u2009<strong>Je me demande m\u00eame si je vais le garder<\/strong>. L\u00e0, je r\u00e9fl\u00e9chis \u00e0 ce que je vais m\u2019acheter avec <a href=\"https:\/\/actu.fr\/ile-de-france\/paris_75056\/a-paris-le-bhv-annonce-une-sacree-operation-commerciale-pour-l-arrivee-de-la-marque-chinoise-polemique-shein_63383227.html\" rel=\"nofollow noopener\" target=\"_blank\">mon bon d\u2019achat de 28 euros au BHV<\/a>. Mais, je me dis, si j\u2019ach\u00e8te quelque chose direct et que, plus tard, je vais rendre mon pull Shein, du coup j\u2019aurais gagn\u00e9 un truc du BHV gratuitement non\u2009?\u2009\u00bb<\/p>\n<p class=\" wall-content\">De retour chez elle, Cendrine d\u00e9balle tous ses achats. \u00ab\u00a0C\u2019est un chouilla plus cher mais c\u2019est pas dramatique non plus\u00a0\u00bb, analyse-t-elle d\u2019abord devant sa cam\u00e9ra. \u00ab\u00a0Apr\u00e8s, j\u2019ai quand m\u00eame vu des vestes \u00e0 presque 80 euros\u2026 Il y a des trucs, c\u2019est un petit peu abus\u00e9 les prix. Mais \u00e7a reste raisonnable, compar\u00e9 \u00e0 d\u2019autres enseignes\u00a0\u00bb, juge-t-elle avant de regarder la journ\u00e9e qui vient de s\u2019achever : \u00ab\u00a0Aujourd\u2019hui <strong>c\u2019\u00e9tait vraiment sp\u00e9cial<\/strong> et ils en parlent partout \u00e0 la t\u00e9l\u00e9. D\u2019ailleurs, j\u2019ai \u00e9t\u00e9 interview\u00e9 plusieurs fois sur la 1, la 2, la 3, la 4\u2026 Tout le monde a \u00e9t\u00e9 interview\u00e9 !\u00a0\u00bb<\/p>\n<p class=\" wall-content\">Personnalisez votre actualit\u00e9 en ajoutant vos villes et m\u00e9dias en favori avec <a href=\"https:\/\/moncompte.actu.fr\" title=\"D\u00e9couvez Mon Actu\" rel=\"nofollow noopener\" data-trk=\"{&quot;cta&quot;:{&quot;action&quot;:&quot;https:\\\/\\\/moncompte.actu.fr&quot;,&quot;category&quot;:&quot;mon compte&quot;,&quot;from&quot;:&quot;article footer&quot;,&quot;name&quot;:&quot;Mon actu&quot;,&quot;type&quot;:&quot;cta&quot;}}\" target=\"_blank\">Mon Actu<\/a>.<\/p>\n<p>                    <script async src=\"\/\/www.tiktok.com\/embed.js\"><\/script><\/p>\n","protected":false},"excerpt":{"rendered":"Par In\u00e8s Cussac Publi\u00e9 le 5 nov. 2025 \u00e0 20h32 \u00ab\u2009Bonjour voil\u00e0, on arrive au BHV pour Shein.&hellip;\n","protected":false},"author":2,"featured_media":514636,"comment_status":"","ping_status":"","sticky":false,"template":"","format":"standard","meta":{"footnotes":""},"categories":[4],"tags":[11,4753,215,130,33,1011,27,12,25],"class_list":{"0":"post-514635","1":"post","2":"type-post","3":"status-publish","4":"format-standard","5":"has-post-thumbnail","7":"category-france","8":"tag-actualites","9":"tag-bhv","10":"tag-commerce","11":"tag-consommation","12":"tag-economie","13":"tag-fr","14":"tag-france","15":"tag-news","16":"tag-republique-francaise"},"share_on_mastodon":{"url":"https:\/\/pubeurope.com\/@fr\/115499752792276429","error":""},"_links":{"self":[{"href":"https:\/\/www.europesays.com\/fr\/wp-json\/wp\/v2\/posts\/514635","targetHints":{"allow":["GET"]}}],"collection":[{"href":"https:\/\/www.europesays.com\/fr\/wp-json\/wp\/v2\/posts"}],"about":[{"href":"https:\/\/www.europesays.com\/fr\/wp-json\/wp\/v2\/types\/post"}],"author":[{"embeddable":true,"href":"https:\/\/www.europesays.com\/fr\/wp-json\/wp\/v2\/users\/2"}],"replies":[{"embeddable":true,"href":"https:\/\/www.europesays.com\/fr\/wp-json\/wp\/v2\/comments?post=514635"}],"version-history":[{"count":0,"href":"https:\/\/www.europesays.com\/fr\/wp-json\/wp\/v2\/posts\/514635\/revisions"}],"wp:featuredmedia":[{"embeddable":true,"href":"https:\/\/www.europesays.com\/fr\/wp-json\/wp\/v2\/media\/514636"}],"wp:attachment":[{"href":"https:\/\/www.europesays.com\/fr\/wp-json\/wp\/v2\/media?parent=514635"}],"wp:term":[{"taxonomy":"category","embeddable":true,"href":"https:\/\/www.europesays.com\/fr\/wp-json\/wp\/v2\/categories?post=514635"},{"taxonomy":"post_tag","embeddable":true,"href":"https:\/\/www.europesays.com\/fr\/wp-json\/wp\/v2\/tags?post=514635"}],"curies":[{"name":"wp","href":"https:\/\/api.w.org\/{rel}","templated":true}]}}