{"id":514646,"date":"2025-11-05T23:51:12","date_gmt":"2025-11-05T23:51:12","guid":{"rendered":"https:\/\/www.europesays.com\/fr\/514646\/"},"modified":"2025-11-05T23:51:12","modified_gmt":"2025-11-05T23:51:12","slug":"eurovision-pourquoi-le-canada-pourrait-bientot-participer-au-concours","status":"publish","type":"post","link":"https:\/\/www.europesays.com\/fr\/514646\/","title":{"rendered":"Eurovision\u00a0: pourquoi le Canada pourrait bient\u00f4t participer au concours"},"content":{"rendered":"<p>Le <a href=\"https:\/\/www.ouest-france.fr\/monde\/canada\/\" target=\"_self\" rel=\"noopener\">Canada<\/a> participera-t-il \u00e0 la prochaine \u00e9dition du concours de <a href=\"https:\/\/programmetv.ouest-france.fr\/divers\/divertissement\/eurovision\/\" target=\"_self\" rel=\"noopener\">l\u2019Eurovision<\/a>\u00a0? L\u2019hypoth\u00e8se a pris de la vigueur mardi 4\u00a0novembre 2025, alors qu\u2019une participation est \u00e9voqu\u00e9e <a href=\"https:\/\/rennes.maville.com\/actu\/actudet_-canada.-un-budget-historique-pour-contrer-les-effets-des-droits-de-douane-imposes-par-donald-trump-_54135-7049955_actu.Htm\" target=\"_self\" rel=\"noopener\">dans le budget f\u00e9d\u00e9ral du gouvernement de Mark Carney<\/a>, comme l\u2019\u00e9voque <a href=\"https:\/\/www.lapresse.ca\/arts\/musique\/2025-11-04\/le-canada-pourrait-participer-a-l-eurovision.php\" rel=\"nofollow noopener\" target=\"_self\">la presse locale<\/a>. Le diffuseur serait le m\u00e9dia public CBC\/Radio-Canada.<\/p>\n<p><strong>\u00ab\u00a0Le gouvernement est en train de travailler avec la CBC\/Radio Canada pour explorer une participation \u00e0 l\u2019Eurovision\u00a0\u00bb<\/strong>, pr\u00e9cise le projet de budget. Interrog\u00e9 sur le sujet, Fran\u00e7ois-Philippe Champagne, le ministre des Finances, a confirm\u00e9 cette \u00e9ventualit\u00e9, en saluant une <strong>\u00ab\u00a0plateforme pour briller\u00a0\u00bb<\/strong> pour le Canada. Il a \u00e9galement indiqu\u00e9 que cette possibilit\u00e9 a \u00e9t\u00e9 <strong>\u00ab\u00a0demand\u00e9e par les personnes qui participent\u00a0\u00bb<\/strong>.<\/p>\n<p>Des discussions en cours confirme le directeur du concours<\/p>\n<p><a href=\"https:\/\/rennes.maville.com\/actu\/actudet_-eurovision-2025.-nous-regarderons-cela-le-chef-du-concours-repond-aux-polemiques-sur-les-votes-_54135-6821306_actu.Htm\" target=\"_self\" rel=\"noopener\">Martin Green<\/a>, le directeur du concours, a confirm\u00e9 que des discussions \u00e9taient en cours. <strong>\u00ab La conversation canadienne avec la CBC en est au tout d\u00e9but et nous avons h\u00e2te de continuer nos discussions avec eux \u00bb<\/strong>,<a href=\"https:\/\/eurotrippodcast.com\/2025\/11\/05\/eurovision-organisers-discussing-canadian-participation\/\" rel=\"nofollow noopener\" target=\"_self\"> a-t-il expliqu\u00e9 au podcast The EuroTrip <\/a>.<\/p>\n<p>La seule condition pour participer \u00e0 l\u2019Eurovision est d\u2019\u00eatre un membre actif de l\u2019Union europ\u00e9enne de radio-t\u00e9l\u00e9vision ou d\u2019\u00eatre invit\u00e9 \u00e0 y participer par cette instance.<\/p>\n<p>Le budget du Canada, valable pour l\u2019ann\u00e9e 2025-2026, ne pr\u00e9cise toutefois pas quand le Canada pourrait int\u00e9grer la comp\u00e9tition. On ne sait donc pas, \u00e0 ce jour, si l\u2019\u00e9dition 2026, <a href=\"https:\/\/programmetv.ouest-france.fr\/divers\/divertissement\/eurovision\/eurovision-2026-voici-pourquoi-vienne-en-autriche-a-ete-choisie-comme-ville-hote-e7e05fa2-7dc0-11f0-9fd5-0266873c7a0d\" target=\"_self\" rel=\"noopener\">qui se d\u00e9roulera en Autriche<\/a>, est concern\u00e9e.<\/p>\n<p><strong>Lire aussi<\/strong>\u00a0: <a href=\"https:\/\/programmetv.ouest-france.fr\/divers\/divertissement\/eurovision\/eurovision-2026-france-televisions-confirme-la-participation-de-la-france-malgre-lappel-au-boycott-61536d9a-93ea-11f0-8aaf-26b4770f0f96\" target=\"_self\" rel=\"noopener\">Eurovision 2026. France T\u00e9l\u00e9visions confirme la participation de la France malgr\u00e9 l\u2019appel au boycott<\/a><\/p>\n<p>Plusieurs pays extra-europ\u00e9ens ont d\u00e9j\u00e0 particip\u00e9 au concours<\/p>\n<p>Ce ne serait pas une premi\u00e8re. Des pays en dehors de l\u2019Europe ont d\u00e9j\u00e0 particip\u00e9 \u00e0 l\u2019Eurovision. Le Maroc a particip\u00e9 une seule fois en 1980, la Turquie 34\u00a0fois, et <a href=\"https:\/\/rennes.maville.com\/actu\/actudet_-entretien.-pour-l-australie-participer-a-l-eurovision-est-un-honneur-salue-son-candidat-go-jo-_54135-6772258_actu.Htm\" target=\"_self\" rel=\"noopener\">l\u2019Australie<\/a> 10\u00a0fois. Sans oublier, bien s\u00fbr, Isra\u00ebl, qui y a d\u00e9j\u00e0 particip\u00e9 47\u00a0fois.<\/p>\n<p><a href=\"https:\/\/programmetv.ouest-france.fr\/divers\/divertissement\/eurovision\/leurovision-repond-aux-pays-qui-menacent-de-se-retirer-en-cas-de-participation-disrael-05231712-8fff-11f0-97e6-741179c952b9\" target=\"_self\" rel=\"noopener\">La participation du pays h\u00e9breu fait toutefois d\u00e9bat<\/a>. Un vote est pr\u00e9vu au mois de d\u00e9cembre, alors que plusieurs pays europ\u00e9ens appellent au boycott dans le cas d\u2019une participation d\u2019Isra\u00ebl \u00e0 l\u2019\u00e9dition 2026. L\u2019Espagne, l\u2019Irlande, la Slov\u00e9nie, l\u2019Islande et les Pays-Bas avaient annonc\u00e9 qu\u2019<a href=\"https:\/\/programmetv.ouest-france.fr\/divers\/divertissement\/eurovision\/eurovision-2026-lirlande-annonce-se-retirer-du-concours-en-cas-de-participation-disrael-9b0bb7a2-8faf-11f0-a247-44b729b0842f\" target=\"_self\" rel=\"noopener\">ils n\u2019enverraient pas de repr\u00e9sentant au concours \u00e0 Vienne en mai, si Isra\u00ebl \u00e9tait autoris\u00e9 \u00e0 participer<\/a>. D\u2019autres pays comme la Belgique, la Su\u00e8de et la Finlande ont indiqu\u00e9 songer aussi \u00e0 un boycott. Soit de tr\u00e8s importantes pertes financi\u00e8res pour l\u2019Eurovision en cas de d\u00e9part de tous ces pays, si l\u2019exclusion d\u2019Isra\u00ebl n\u2019est pas vot\u00e9e.<\/p>\n<p>Jusque-l\u00e0, le Canada n\u2019a jamais particip\u00e9 au concours de l\u2019Eurovision. L\u2019hypoth\u00e8se a toutefois d\u00e9j\u00e0 \u00e9t\u00e9 \u00e9voqu\u00e9e. Et <a href=\"https:\/\/www.ouest-france.fr\/leditiondusoir\/2023-02-20\/la-zarra-celine-dion-lara-fabian-ces-francophones-ont-chante-a-l-eurovision-pour-un-autre-pays-d15e4ca8-425a-4dcc-9e79-22e1569991d5\" target=\"_self\" rel=\"noopener\">plusieurs artistes canadiens ont d\u00e9j\u00e0 particip\u00e9 au concours, pour d\u2019autres pays<\/a>. C\u2019est par exemple le cas de C\u00e9line Dion, qui repr\u00e9sentait la Suisse et avait remport\u00e9 le concours en 1988. Plus r\u00e9cemment, <a href=\"https:\/\/www.ouest-france.fr\/medias\/television\/eurovision\/qui-est-la-zarra-chanteuse-quebecoise-qui-representera-la-france-a-l-eurovision-dde0356a-9289-11ed-9c72-b4529e396535\" target=\"_self\" rel=\"noopener\">la qu\u00e9b\u00e9coise La Zarra avait repr\u00e9sent\u00e9 la France<\/a>, sans succ\u00e8s, en 2023.<\/p>\n<p>\u00a0<\/p>\n","protected":false},"excerpt":{"rendered":"Le Canada participera-t-il \u00e0 la prochaine \u00e9dition du concours de l\u2019Eurovision\u00a0? L\u2019hypoth\u00e8se a pris de la vigueur mardi&hellip;\n","protected":false},"author":2,"featured_media":514647,"comment_status":"","ping_status":"","sticky":false,"template":"","format":"standard","meta":{"footnotes":""},"categories":[9619],"tags":[1111,11,10334,574,903,1777,674,2399,1011,27,12,11667,882,25,2310],"class_list":{"0":"post-514646","1":"post","2":"type-post","3":"status-publish","4":"format-standard","5":"has-post-thumbnail","7":"category-toulon","8":"tag-actu","9":"tag-actualites","10":"tag-bientot","11":"tag-canada","12":"tag-concours","13":"tag-eu","14":"tag-europe","15":"tag-eurovision","16":"tag-fr","17":"tag-france","18":"tag-news","19":"tag-participer","20":"tag-provence-alpes-cote-dazur","21":"tag-republique-francaise","22":"tag-toulon"},"share_on_mastodon":{"url":"https:\/\/pubeurope.com\/@fr\/115499780322314919","error":""},"_links":{"self":[{"href":"https:\/\/www.europesays.com\/fr\/wp-json\/wp\/v2\/posts\/514646","targetHints":{"allow":["GET"]}}],"collection":[{"href":"https:\/\/www.europesays.com\/fr\/wp-json\/wp\/v2\/posts"}],"about":[{"href":"https:\/\/www.europesays.com\/fr\/wp-json\/wp\/v2\/types\/post"}],"author":[{"embeddable":true,"href":"https:\/\/www.europesays.com\/fr\/wp-json\/wp\/v2\/users\/2"}],"replies":[{"embeddable":true,"href":"https:\/\/www.europesays.com\/fr\/wp-json\/wp\/v2\/comments?post=514646"}],"version-history":[{"count":0,"href":"https:\/\/www.europesays.com\/fr\/wp-json\/wp\/v2\/posts\/514646\/revisions"}],"wp:featuredmedia":[{"embeddable":true,"href":"https:\/\/www.europesays.com\/fr\/wp-json\/wp\/v2\/media\/514647"}],"wp:attachment":[{"href":"https:\/\/www.europesays.com\/fr\/wp-json\/wp\/v2\/media?parent=514646"}],"wp:term":[{"taxonomy":"category","embeddable":true,"href":"https:\/\/www.europesays.com\/fr\/wp-json\/wp\/v2\/categories?post=514646"},{"taxonomy":"post_tag","embeddable":true,"href":"https:\/\/www.europesays.com\/fr\/wp-json\/wp\/v2\/tags?post=514646"}],"curies":[{"name":"wp","href":"https:\/\/api.w.org\/{rel}","templated":true}]}}