{"id":514659,"date":"2025-11-05T23:58:14","date_gmt":"2025-11-05T23:58:14","guid":{"rendered":"https:\/\/www.europesays.com\/fr\/514659\/"},"modified":"2025-11-05T23:58:14","modified_gmt":"2025-11-05T23:58:14","slug":"a-chevaigne-une-artiste-en-residence-a-la-recyclerie-demmaus","status":"publish","type":"post","link":"https:\/\/www.europesays.com\/fr\/514659\/","title":{"rendered":"\u00c0 Chevaign\u00e9, une artiste en r\u00e9sidence \u00e0 la recyclerie d\u2019Emma\u00fcs"},"content":{"rendered":"<p>\u00c9v\u00e9nement \u00e0 la recyclerie. <a href=\"https:\/\/sarahluck.com\/\" target=\"_self\" rel=\"noopener\">L\u2019artiste Sarah L\u00fcck<\/a> est en r\u00e9sidence artistique dans les locaux depuis le 14\u00a0octobre. \u00a0Depuis plusieurs ann\u00e9es, je m\u2019int\u00e9resse et je travaille avec diff\u00e9rentes mati\u00e8res\u00a0, explique l\u2019artiste rennaise qui n\u2019h\u00e9site pas \u00e0 aller r\u00e9guli\u00e8rement en d\u00e9chetterie ou en ressourcerie \u00e0 travers la Bretagne.<\/p>\n<p>Un eldorado pour cette artiste<\/p>\n<p>\u00a0Ici je peux prendre tout ce que je veux comme mati\u00e8re\u00a0!\u00a0, se r\u00e9jouit-elle. Il faut dire qu\u2019il y a en a des m\u00e8tres carr\u00e9s de t\u00f4le, de bois mais aussi des vis, du grillage ou de la peinture.<\/p>\n<p>\u00a0Ma r\u00e9sidence artistique est un projet transversal qui m\u00eale art contemporain, lieu social et \u00e9conomie solidaire. Je fr\u00e9quente ce lieu depuis deux\u00a0ans en tant que cliente\u00a0, confie Sarah L\u00fcck qui travaille avec les compagnons d\u2019Emma\u00fcs du site.<\/p>\n<p>Dans son espace d\u00e9di\u00e9, les outils se m\u00ealent \u00e0 diff\u00e9rents mat\u00e9riaux pour la sculpture ou du collage. \u00a0J\u2019avance plusieurs projets en parall\u00e8le.\u00a0 Un projet de lampe c\u00f4toie des cadres d\u00e9coratifs. \u00a0Les compagnons connaissent bien les rayons et savent pr\u00e9cis\u00e9ment o\u00f9 trouver les objets. Avec eux, je peux entrer dans la d\u00e9marche de d\u00e9tournement d\u2019objet et ainsi leur donner une seconde vie\u00a0, commente l\u2019artiste pr\u00e9sente aussi sur Instagram.<\/p>\n<p>Exposition d\u00e8s samedi<\/p>\n<p>\u00c0 l\u2019origine du projet nomm\u00e9 Ensemble. s Durable. s, une discussion entre Sarah L\u00fcck et Laura Dumoulin, <a href=\"https:\/\/rennes.maville.com\/actu\/actudet_-la-recyclerie-d-emmaus-solidaire-et-economique-a-chevaigne-_7-5984725_actu.Htm\" target=\"_self\" rel=\"noopener\">responsable de la Bricole solidaire<\/a>. \u00a0Nous avons r\u00e9dig\u00e9 un projet en lien avec la Belle d\u00e9chette de Rennes pour cette r\u00e9sidence artistique\u00a0, raconte Laura Dumoulin.<\/p>\n<p>\u00c0 l\u2019issue de cette r\u00e9sidence d\u2019un mois, une exposition aura lieu d\u00e8s samedi sur place. \u00a0Nous invitons tous les curieux au vernissage ce samedi\u00a0, conclut Sarah L\u00fcck.<\/p>\n<p><strong>Bricole solidaire,<\/strong> ouvert le mercredi et vendredi, de 14\u00a0h \u00e0 19\u00a0h, et le samedi, de 9\u00a0h \u00e0 12\u00a0h et de 13\u00a0h\u00a030 \u00e0 19\u00a0h, \u00e0 la Branch\u00e8re. Contact\u00a0: t\u00e9l. 06\u00a003\u00a019\u00a081\u00a071 ou terredetous@mailo.com<\/p>\n<p>\u00a0<\/p>\n","protected":false},"excerpt":{"rendered":"\u00c9v\u00e9nement \u00e0 la recyclerie. L\u2019artiste Sarah L\u00fcck est en r\u00e9sidence artistique dans les locaux depuis le 14\u00a0octobre. \u00a0Depuis&hellip;\n","protected":false},"author":2,"featured_media":514660,"comment_status":"","ping_status":"","sticky":false,"template":"","format":"standard","meta":{"footnotes":""},"categories":[2821],"tags":[1111,11,2593,829,25538,37652,1777,674,1011,27,12,40337,584,25,11293],"class_list":{"0":"post-514659","1":"post","2":"type-post","3":"status-publish","4":"format-standard","5":"has-post-thumbnail","7":"category-rennes","8":"tag-actu","9":"tag-actualites","10":"tag-artiste","11":"tag-bretagne","12":"tag-chevaigne","13":"tag-emmaus","14":"tag-eu","15":"tag-europe","16":"tag-fr","17":"tag-france","18":"tag-news","19":"tag-recyclerie","20":"tag-rennes","21":"tag-republique-francaise","22":"tag-residence"},"share_on_mastodon":{"url":"https:\/\/pubeurope.com\/@fr\/115499808728615580","error":""},"_links":{"self":[{"href":"https:\/\/www.europesays.com\/fr\/wp-json\/wp\/v2\/posts\/514659","targetHints":{"allow":["GET"]}}],"collection":[{"href":"https:\/\/www.europesays.com\/fr\/wp-json\/wp\/v2\/posts"}],"about":[{"href":"https:\/\/www.europesays.com\/fr\/wp-json\/wp\/v2\/types\/post"}],"author":[{"embeddable":true,"href":"https:\/\/www.europesays.com\/fr\/wp-json\/wp\/v2\/users\/2"}],"replies":[{"embeddable":true,"href":"https:\/\/www.europesays.com\/fr\/wp-json\/wp\/v2\/comments?post=514659"}],"version-history":[{"count":0,"href":"https:\/\/www.europesays.com\/fr\/wp-json\/wp\/v2\/posts\/514659\/revisions"}],"wp:featuredmedia":[{"embeddable":true,"href":"https:\/\/www.europesays.com\/fr\/wp-json\/wp\/v2\/media\/514660"}],"wp:attachment":[{"href":"https:\/\/www.europesays.com\/fr\/wp-json\/wp\/v2\/media?parent=514659"}],"wp:term":[{"taxonomy":"category","embeddable":true,"href":"https:\/\/www.europesays.com\/fr\/wp-json\/wp\/v2\/categories?post=514659"},{"taxonomy":"post_tag","embeddable":true,"href":"https:\/\/www.europesays.com\/fr\/wp-json\/wp\/v2\/tags?post=514659"}],"curies":[{"name":"wp","href":"https:\/\/api.w.org\/{rel}","templated":true}]}}