{"id":51466,"date":"2025-04-25T09:59:13","date_gmt":"2025-04-25T09:59:13","guid":{"rendered":"https:\/\/www.europesays.com\/fr\/51466\/"},"modified":"2025-04-25T09:59:13","modified_gmt":"2025-04-25T09:59:13","slug":"pourquoi-le-cancer-du-colon-progresse-t-il-autant-chez-les-jeunes","status":"publish","type":"post","link":"https:\/\/www.europesays.com\/fr\/51466\/","title":{"rendered":"Pourquoi le cancer du c\u00f4lon progresse-t-il autant chez les jeunes ?"},"content":{"rendered":"<p>             <a href=\"https:\/\/ma-sante.news\/wp-content\/uploads\/2025\/04\/causes-cancer-du-colon-bacterie-microbiote-enfant-Ma-Sante.jpg\" data-caption=\"Un cas sur cinq de cancer colorectal survient chez des personnes de moins de 55 ans. \u00a9 Freepik\" target=\"_blank\" rel=\"noopener\"><img loading=\"lazy\" decoding=\"async\" width=\"696\" height=\"464\" class=\"entry-thumb td-modal-image\" src=\"data:image\/svg+xml,%3Csvg%20xmlns=\" http:=\"\" data-lazy- data-lazy- alt=\"Des enfants potentiellement infect\u00e9s par la bact\u00e9rie qui cause le cancer du c\u00f4lon.\" title=\"causes cancer du colon bacte\u0301rie microbiote enfant Ma Sante\u0301\" data-lazy-src=\"https:\/\/www.europesays.com\/fr\/wp-content\/uploads\/2025\/04\/causes-cancer-du-colon-bacterie-microbiote-enfant-Ma-Sante-696x464.jpg\"\/><\/a>Un cas sur cinq de cancer colorectal survient chez des personnes de moins de 55 ans. \u00a9 Freepik                                    \t\t\t             <a class=\"gofollow\" data-track=\"MjgsMCwxLDYw\" href=\"https:\/\/ma-sante.news\/inscrivez-vous-a-notre-newsletter\/\" target=\"_blank\" rel=\"noopener\"><img loading=\"lazy\" decoding=\"async\" width=\"1068\" height=\"131\" src=\"data:image\/svg+xml,%3Csvg%20xmlns=\" http:=\"\" data-lazy-src=\"https:\/\/www.europesays.com\/fr\/wp-content\/uploads\/2025\/03\/banniere-newsletter.png\"\/><\/a> <\/p>\n<p>C\u2019est un constat qui inqui\u00e8te les m\u00e9decins et interpelle les chercheurs :<a href=\"https:\/\/ma-sante.news\/mieux-comprendre-le-cancer-du-colon-962487\/\" target=\"_blank\" rel=\"noopener\"> le cancer du c\u00f4lon, troisi\u00e8me cancer le plus fr\u00e9quent en France<\/a>, progresse chez les moins de 50 ans. Et pas qu\u2019un peu. Les statistiques montrent une hausse de pr\u00e8s de 70 % des cas chez les jeunes adultes depuis les ann\u00e9es 1990. <\/p>\n<p>Alors que se passe-t-il ? Pourquoi cette g\u00e9n\u00e9ration, cens\u00e9e \u00eatre \u201cen pleine forme\u201d, est-elle touch\u00e9e si t\u00f4t ? Une \u00e9tude internationale r\u00e9cente pointe du doigt une suspecte inattendue : une toxine lib\u00e9r\u00e9e par certaines bact\u00e9ries intestinales, contract\u00e9e d\u00e8s le plus jeune \u00e2ge.<\/p>\n<p>        Le cancer du c\u00f4lon, une maladie de plus en plus pr\u00e9coce    <\/p>\n<p>Traditionnellement associ\u00e9 \u00e0 l\u2019\u00e2ge m\u00fbr, <a href=\"https:\/\/ma-sante.news\/cancer-chez-les-jeunes-pourquoi-les-cas-augmentent-ils\/\" target=\"_blank\" rel=\"noopener\">le cancer colorectal fait aujourd\u2019hui parler de lui chez les trentenaires, voire les vingtenaires<\/a>. Une tendance mondiale qui ne cesse de cro\u00eetre.\u00a0<\/p>\n<p>Selon Sant\u00e9 Publique France, ce type de cancer est diagnostiqu\u00e9 chaque ann\u00e9e chez plus de 43 000 personnes dans l\u2019Hexagone, et repr\u00e9sente la deuxi\u00e8me cause de d\u00e9c\u00e8s par cancer. Mais ce qui alarme les experts, c\u2019est l\u2019\u00e2ge des patients. Le nombre de cas chez les moins de 50 ans a doubl\u00e9 en deux d\u00e9cennies.<\/p>\n<p>        Mais alors, quelles sont les causes du cancer du c\u00f4lon ?    <strong>Une piste bact\u00e9rienne s\u00e9rieuse : la colibactine<\/strong>    <\/p>\n<p>La colibactine, \u00e7a ne vous dit rien ? Cette toxine produite par certaines souches d\u2019Escherichia coli (oui, la fameuse E. coli souvent accus\u00e9e lors d\u2019<a href=\"https:\/\/ma-sante.news\/nutrition-gastro-ou-intoxication-alimentaire-comment-savoir\/\" target=\"_blank\" rel=\"noopener\">intoxications alimentaires<\/a>) pourrait \u00eatre \u00e0 l\u2019origine de mutations de l\u2019ADN favorisant l\u2019apparition de tumeurs. <\/p>\n<p>Une \u00e9tude publi\u00e9e le 23 avril 2025 dans Nature r\u00e9v\u00e8le que cette toxine laisse une \u201cempreinte g\u00e9n\u00e9tique\u201d sp\u00e9cifique sur les cellules du c\u00f4lon. Et devinez quoi ? On la retrouve trois fois plus souvent chez les jeunes adultes atteints de cancer du c\u00f4lon que chez les personnes \u00e2g\u00e9es.<\/p>\n<p>Les chercheurs, pilot\u00e9s par le Dr Ludmil Alexandrov de l\u2019Universit\u00e9 de Californie \u00e0 San Diego, ont pass\u00e9 au crible les g\u00e9nomes de 1 000 patients issus de 11 pays. Leur verdict : la colibactine serait responsable de dommages cellulaires pr\u00e9coces, survenant parfois avant l\u2019\u00e2ge de 10 ans.<\/p>\n<p>        <strong>L\u2019infection, une affaire d\u2019enfance<\/strong>    <\/p>\n<p>Mais comment une infection si ancienne pourrait-elle poser probl\u00e8me trente ans plus tard ? C\u2019est l\u00e0 que<a href=\"https:\/\/ma-sante.news\/microbiote-intestinal-et-si-tout-se-jouait-dans-notre-ventre\/\" target=\"_blank\" rel=\"noopener\"> le r\u00f4le du microbiote<\/a> entre en jeu. Lors de la petite enfance, p\u00e9riode o\u00f9 notre flore intestinale se forme, certains \u00e9v\u00e9nements comme une naissance par c\u00e9sarienne,<a href=\"https:\/\/ma-sante.news\/antibioresistance-ce-fleau-inquiete-les-autorites-de-sante-europeennes\/\" target=\"_blank\" rel=\"noopener\"> la prise r\u00e9p\u00e9t\u00e9e d\u2019antibiotiques<\/a> ou une alimentation d\u00e9s\u00e9quilibr\u00e9e pourraient favoriser l\u2019implantation de bact\u00e9ries E. coli productrices de colibactine.<\/p>\n<p>Et une fois install\u00e9es, ces bact\u00e9ries peuvent causer des micro-inflammations r\u00e9p\u00e9t\u00e9es du c\u00f4lon, induisant des mutations ADN qui, \u00e0 long terme, d\u00e9g\u00e9n\u00e8rent en cellules canc\u00e9reuses.<\/p>\n<p>        <strong>Mode de vie moderne et terrain favorable<\/strong>    <\/p>\n<p>Au-del\u00e0 de cette toxine, d\u2019autres facteurs environnementaux sont aussi sur la sellette :<a href=\"https:\/\/ma-sante.news\/aliments-ultra-transformes-impact-maladies-chroniques\/\" target=\"_blank\" rel=\"noopener\"> alimentation ultra-transform\u00e9e<\/a>, <a href=\"https:\/\/ma-sante.news\/dangers-de-la-sedentarite-un-tiers-des-francais-restent-assis-6-a-10-heures-par-jour\/\" target=\"_blank\" rel=\"noopener\">s\u00e9dentarit\u00e9<\/a>, <a href=\"https:\/\/ma-sante.news\/epidemie-dobesite-de-nouveaux-chiffres-tres-inquietants\/\" target=\"_blank\" rel=\"noopener\">ob\u00e9sit\u00e9<\/a>\u2026 Tous ces \u00e9l\u00e9ments perturbent <a href=\"https:\/\/ma-sante.news\/le-microbiote-un-allie-invisible-present-de-partout-dans-notre-organisme\/\" target=\"_blank\" rel=\"noopener\">l\u2019\u00e9quilibre du microbiote intestinal<\/a>, d\u00e9j\u00e0 fragilis\u00e9.\u00a0<\/p>\n<p>R\u00e9sultat : un terrain propice au d\u00e9veloppement de pathologies digestives, dont le cancer colorectal.<\/p>\n<p>        Et maintenant, on fait quoi ?    <\/p>\n<p>Pas de panique, on ne parle pas ici d\u2019une condamnation \u00e0 mort pour tous les enfants porteurs de cette bact\u00e9rie. Mais cette d\u00e9couverte ouvre une piste pr\u00e9cieuse : celle d\u2019<a href=\"https:\/\/ma-sante.news\/oncologie-a-lyon-la-startup-msinsight-levee-fonds-detection-cancers\/\" target=\"_blank\" rel=\"noopener\">un d\u00e9pistage plus pr\u00e9coce et cibl\u00e9<\/a>, notamment pour les personnes ayant eu des troubles digestifs chroniques dans l\u2019enfance.\u00a0<\/p>\n<p>\u00c0 terme, des tests permettant de d\u00e9tecter la signature g\u00e9n\u00e9tique de la colibactine pourraient \u00eatre d\u00e9velopp\u00e9s, pour identifier les sujets \u00e0 risque bien avant l\u2019apparition des premiers sympt\u00f4mes.<\/p>\n<blockquote class=\"wp-block-quote is-layout-flow wp-block-quote-is-layout-flow\">\n<p><strong>\u00c0 SAVOIR<\/strong><\/p>\n<p>Quand l\u2019intestin est souvent enflamm\u00e9, comme dans la colite ou la maladie de Crohn, il devient plus fragile. Cela permet \u00e0 des toxines comme la colibactine de p\u00e9n\u00e9trer plus facilement et d\u2019ab\u00eemer les cellules, ce qui peut favoriser le cancer du c\u00f4lon.<\/p>\n<\/blockquote>\n<p>  <a class=\"gofollow\" data-track=\"MTIsMCwxLDYw\" href=\"https:\/\/ma-sante.news\/annonceurs\/\" target=\"_blank\" rel=\"noopener\"><img loading=\"lazy\" decoding=\"async\" width=\"2560\" height=\"2133\" src=\"data:image\/svg+xml,%3Csvg%20xmlns=\" http:=\"\" data-lazy-src=\"https:\/\/www.europesays.com\/fr\/wp-content\/uploads\/2025\/03\/pub-annonceurs-4-scaled.jpg\"\/><\/a>    <img loading=\"lazy\" decoding=\"async\" width=\"755\" height=\"495\" src=\"data:image\/svg+xml,%3Csvg%20xmlns=\" http:=\"\" data-lazy-src=\"https:\/\/www.europesays.com\/fr\/wp-content\/uploads\/2025\/03\/Image1.jpg\"\/>Inscrivez-vous \u00e0 notre newsletter <br \/>Ma Sant\u00e9                      <\/p>\n","protected":false},"excerpt":{"rendered":"Un cas sur cinq de cancer colorectal survient chez des personnes de moins de 55 ans. \u00a9 Freepik&hellip;\n","protected":false},"author":2,"featured_media":51467,"comment_status":"","ping_status":"","sticky":false,"template":"","format":"standard","meta":{"footnotes":""},"categories":[10],"tags":[1011,27,72,14463,71],"class_list":{"0":"post-51466","1":"post","2":"type-post","3":"status-publish","4":"format-standard","5":"has-post-thumbnail","7":"category-sante","8":"tag-fr","9":"tag-france","10":"tag-health","11":"tag-pru00e9vention-cancer","12":"tag-sante"},"share_on_mastodon":{"url":"https:\/\/pubeurope.com\/@fr\/114398020531152134","error":""},"_links":{"self":[{"href":"https:\/\/www.europesays.com\/fr\/wp-json\/wp\/v2\/posts\/51466","targetHints":{"allow":["GET"]}}],"collection":[{"href":"https:\/\/www.europesays.com\/fr\/wp-json\/wp\/v2\/posts"}],"about":[{"href":"https:\/\/www.europesays.com\/fr\/wp-json\/wp\/v2\/types\/post"}],"author":[{"embeddable":true,"href":"https:\/\/www.europesays.com\/fr\/wp-json\/wp\/v2\/users\/2"}],"replies":[{"embeddable":true,"href":"https:\/\/www.europesays.com\/fr\/wp-json\/wp\/v2\/comments?post=51466"}],"version-history":[{"count":0,"href":"https:\/\/www.europesays.com\/fr\/wp-json\/wp\/v2\/posts\/51466\/revisions"}],"wp:featuredmedia":[{"embeddable":true,"href":"https:\/\/www.europesays.com\/fr\/wp-json\/wp\/v2\/media\/51467"}],"wp:attachment":[{"href":"https:\/\/www.europesays.com\/fr\/wp-json\/wp\/v2\/media?parent=51466"}],"wp:term":[{"taxonomy":"category","embeddable":true,"href":"https:\/\/www.europesays.com\/fr\/wp-json\/wp\/v2\/categories?post=51466"},{"taxonomy":"post_tag","embeddable":true,"href":"https:\/\/www.europesays.com\/fr\/wp-json\/wp\/v2\/tags?post=51466"}],"curies":[{"name":"wp","href":"https:\/\/api.w.org\/{rel}","templated":true}]}}