{"id":514661,"date":"2025-11-05T23:59:27","date_gmt":"2025-11-05T23:59:27","guid":{"rendered":"https:\/\/www.europesays.com\/fr\/514661\/"},"modified":"2025-11-05T23:59:27","modified_gmt":"2025-11-05T23:59:27","slug":"compositions-chaine-tv-heure-et-cote","status":"publish","type":"post","link":"https:\/\/www.europesays.com\/fr\/514661\/","title":{"rendered":"Compositions, Cha\u00eene TV, Heure et Cote"},"content":{"rendered":"<p style=\"text-align: justify;\"><strong>LIGUE 1 2025-2026 \u2013 \u00c0 quelle heure et sur quelle cha\u00eene TV suivre le match de Ligue 1 entre le Paris FC et Rennes ? Retrouvez \u00e9galement les compositions probables des deux \u00e9quipes.<\/strong><\/p>\n<p style=\"text-align: justify;\">Le <strong>Paris FC<\/strong> a connu une fin de mois de novembre compliqu\u00e9 avec seulement un point en trois matchs. Les <strong>Parisiens<\/strong> ont obtenu un nul face \u00e0 <strong>Lyon<\/strong> mais s\u2019\u00e9tait inclin\u00e9 face \u00e0 <strong>Lens<\/strong> et <strong>Nantes<\/strong>. Le week-end dernier, le promu s\u2019est bien relanc\u00e9 en allant chercher un succ\u00e8s probant que la pelouse de <strong>Monaco<\/strong>, 1 \u00e0 0, gr\u00e2ce \u00e0 un but de <strong>Moses Simon.<\/strong><\/p>\n<p>Rennes pr\u00eat \u00e0 encha\u00eener ?<\/p>\n<p style=\"text-align: justify;\"><strong>Habib<\/strong> <strong>Beye<\/strong> \u00e9tait plus que jamais sur la sellette mais l\u2019entra\u00eeneur des <strong>Bretons<\/strong> a \u00e9t\u00e9 sauv\u00e9 le week-end dernier par le succ\u00e8s de son \u00e9quipe face \u00e0 <strong>Strasbourg<\/strong>. <strong>Esteban<\/strong> <strong>Lepaul<\/strong>, recrue de l\u2019intersaison, s\u2019est offert un beau tripl\u00e9 pour porter le <strong>Stade<\/strong> <strong>Rennais<\/strong>. Gr\u00e2ce \u00e0 ce succ\u00e8s, <strong>Rennes<\/strong> est remont\u00e9 \u00e0 la dixi\u00e8me place du classement de <strong>Ligue<\/strong> <strong>1<\/strong>.<\/p>\n<p style=\"text-align: justify;\">Les deux \u00e9quipes ne se sont jamais affront\u00e9es et ce sera donc une grande premi\u00e8re vendredi soir. Chez les bookmakers, le <strong>Paris<\/strong> <strong>FC<\/strong> est favori pour cette rencontre de Ligue 1.<\/p>\n<p>Ligue 1 : Le programme TV de Paris FC-Rennes<br \/>\nVendredi 7 novembre 2025<\/p>\n<p style=\"text-align: justify;\"><b>Match diffus\u00e9 sur Ligue 1 +<\/b><b>\u00a0: <\/b>D\u00e9but du match \u00e0<strong> 20h45.<\/strong><\/p>\n<p>Les compositions probables de Paris FC-Rennes<br \/>\nLa composition du Paris FC<\/p>\n<p style=\"text-align: justify;\">\u00c0 venir<\/p>\n<p>La composition de Rennes<\/p>\n<p style=\"text-align: justify;\">\u00c0 venir<\/p>\n<p>Les cotes de Paris FC-Rennes<\/p>\n<p style=\"text-align: justify;\">Tentez votre chance en profitant de votre <a href=\"https:\/\/www.winamax.fr\/registration\/landing\/affiliation_Bonus100?banid=33423\" target=\"_blank\" rel=\"noopener\">1er d\u00e9p\u00f4t doubl\u00e9 jusqu\u2019\u00e0 100 \u20ac<\/a> direct en paris gratuits sur Winamax !<\/p>\n","protected":false},"excerpt":{"rendered":"LIGUE 1 2025-2026 \u2013 \u00c0 quelle heure et sur quelle cha\u00eene TV suivre le match de Ligue 1&hellip;\n","protected":false},"author":2,"featured_media":514662,"comment_status":"","ping_status":"","sticky":false,"template":"","format":"standard","meta":{"footnotes":""},"categories":[2821],"tags":[1111,11,829,2113,1777,674,63,1011,27,66,12,445,502,584,25],"class_list":{"0":"post-514661","1":"post","2":"type-post","3":"status-publish","4":"format-standard","5":"has-post-thumbnail","7":"category-rennes","8":"tag-actu","9":"tag-actualites","10":"tag-bretagne","11":"tag-breve","12":"tag-eu","13":"tag-europe","14":"tag-football","15":"tag-fr","16":"tag-france","17":"tag-ligue-1","18":"tag-news","19":"tag-paris-fc","20":"tag-programme-tv","21":"tag-rennes","22":"tag-republique-francaise"},"share_on_mastodon":{"url":"https:\/\/pubeurope.com\/@fr\/115499812803559610","error":""},"_links":{"self":[{"href":"https:\/\/www.europesays.com\/fr\/wp-json\/wp\/v2\/posts\/514661","targetHints":{"allow":["GET"]}}],"collection":[{"href":"https:\/\/www.europesays.com\/fr\/wp-json\/wp\/v2\/posts"}],"about":[{"href":"https:\/\/www.europesays.com\/fr\/wp-json\/wp\/v2\/types\/post"}],"author":[{"embeddable":true,"href":"https:\/\/www.europesays.com\/fr\/wp-json\/wp\/v2\/users\/2"}],"replies":[{"embeddable":true,"href":"https:\/\/www.europesays.com\/fr\/wp-json\/wp\/v2\/comments?post=514661"}],"version-history":[{"count":0,"href":"https:\/\/www.europesays.com\/fr\/wp-json\/wp\/v2\/posts\/514661\/revisions"}],"wp:featuredmedia":[{"embeddable":true,"href":"https:\/\/www.europesays.com\/fr\/wp-json\/wp\/v2\/media\/514662"}],"wp:attachment":[{"href":"https:\/\/www.europesays.com\/fr\/wp-json\/wp\/v2\/media?parent=514661"}],"wp:term":[{"taxonomy":"category","embeddable":true,"href":"https:\/\/www.europesays.com\/fr\/wp-json\/wp\/v2\/categories?post=514661"},{"taxonomy":"post_tag","embeddable":true,"href":"https:\/\/www.europesays.com\/fr\/wp-json\/wp\/v2\/tags?post=514661"}],"curies":[{"name":"wp","href":"https:\/\/api.w.org\/{rel}","templated":true}]}}