{"id":514663,"date":"2025-11-06T00:00:39","date_gmt":"2025-11-06T00:00:39","guid":{"rendered":"https:\/\/www.europesays.com\/fr\/514663\/"},"modified":"2025-11-06T00:00:39","modified_gmt":"2025-11-06T00:00:39","slug":"une-nouvelle-salle-de-sport-simplante-dans-le-centre-ville","status":"publish","type":"post","link":"https:\/\/www.europesays.com\/fr\/514663\/","title":{"rendered":"une nouvelle salle de sport s\u2019implante dans le\u00a0centre-ville"},"content":{"rendered":"<p>\u00ab\u00a0Le fitness est entr\u00e9 dans les m\u0153urs. <a href=\"https:\/\/www.dna.fr\/economie\/2025\/02\/03\/les-salles-de-sport-se-multiplient-mais-la-competition-est-feroce\" target=\"_blank\" rel=\"nofollow noopener\">La salle<\/a> est d\u00e9sormais le troisi\u00e8me lieu de vie apr\u00e8s la maison et l\u2019entreprise\u00a0\u00bb. Dans le paysage pl\u00e9thorique des clubs sportifs, entre franchises, associations et salles ind\u00e9pendantes, la marque \u00ab\u00a0One Fitness Club\u00a0\u00bb se d\u00e9marque par sa strat\u00e9gie d\u2019expansion\u2026 Vigoureuse. Cr\u00e9\u00e9e en 2016, la soci\u00e9t\u00e9 de la famille Lariche et d\u2019Alexandre Bald, son vice-pr\u00e9sident, annonce l\u2019ouverture d\u2019une nouvelle salle dans le centre de Strasbourg, qui s\u2019ajoute aux quatre clubs d\u00e9j\u00e0 implant\u00e9s en Alsace\u00a0: Strasbourg Meinau, Fegersheim, <a href=\"https:\/\/www.dna.fr\/societe\/2022\/01\/05\/une-salle-de-sport-pour-federer-un-large-public\" target=\"_blank\" rel=\"nofollow noopener\">Reichstett<\/a> et <a href=\"https:\/\/www.dna.fr\/edition-de-colmar\/2019\/10\/10\/en-pleine-forme\" target=\"_blank\" rel=\"nofollow noopener\">Colmar<\/a>. \u00c0 l\u2019issue des travaux de finalisation, le site (1\u00a0700 m2 sur deux \u00e9tages au 9, rue Kageneck, dans le quartier Gare) ouvrira ses portes\u00a0mercredi 19 novembre pour une soir\u00e9e d\u2019inauguration.<\/p>\n<p>  Inauguration le 19 novembre<\/p>\n<p>\u00ab\u00a0Le concept de la nouvelle salle ne s\u2019\u00e9loigne pas du socle de l\u2019offre\u00a0\u00bb, explique Alexandre Bald, \u00ab\u00a0les activit\u00e9s se d\u00e9roulent selon trois principes\u00a0: sant\u00e9, d\u00e9foulement et performance [\u2026] que l\u2019on parle des coaches salari\u00e9s mobilis\u00e9s pour les cours collectifs, ou des autoentrepreneurs pour les encadrements personnalis\u00e9s, tous nos moniteurs sont dipl\u00f4m\u00e9s d\u2019\u00c9tat\u00a0\u00bb. \u00ab\u00a0L\u2019humain est au c\u0153ur du projet\u00a0\u00bb, continue-t-il, \u00ab\u00a0nous avons con\u00e7u un univers ouvert \u00e0 tous les \u00e2ges et \u00e0 tous les niveaux, o\u00f9 chaque espace est am\u00e9nag\u00e9 en prenant soin du style et de l\u2019ambiance. Nous sommes tr\u00e8s \u00e0 cheval sur la propret\u00e9.\u00a0\u00bb<\/p>\n<p>Ce contenu est bloqu\u00e9 car vous n&rsquo;avez pas accept\u00e9 les cookies et autres traceurs.<\/p>\n<p>En cliquant sur \u00ab J\u2019accepte \u00bb, les cookies et autres traceurs seront d\u00e9pos\u00e9s et vous pourrez visualiser les contenus  (<a href=\"\" class=\"consentModule_policy\" target=\"_blank\" title=\"Consulter la politique de protection des donn\u00e9es du fournisseur\">plus d&rsquo;informations<\/a>).<\/p>\n<p>En cliquant sur \u00ab J\u2019accepte tous les cookies \u00bb, vous autorisez des d\u00e9p\u00f4ts de cookies et autres traceurs pour le stockage de vos donn\u00e9es sur nos sites et applications \u00e0 des fins de personnalisation et de ciblage publicitaire.<\/p>\n<p class=\"consentModule_secondaryText\">Vous gardez la possibilit\u00e9 de retirer votre consentement \u00e0 tout moment en consultant notre <a href=\"https:\/\/www.dna.fr\/protection-des-donnees\" target=\"_blank\" title=\"Consulter notre politique de protection des donn\u00e9es\" rel=\"nofollow noopener\">politique de protection des donn\u00e9es<\/a>. <br \/>&#13;<br \/>\n            <a href=\"https:\/\/www.dna.fr\/culture-loisirs\/2025\/11\/05\/javascript:Didomi.notice.show()\" class=\"consentModule_cmp\" rel=\"nofollow noopener\" target=\"_blank\">G\u00e9rer mes choix<\/a>&#13;\n        <\/p>\n<p>&#13;<br \/>\n                        J&rsquo;accepte&#13;<br \/>\n            J&rsquo;accepte tous les cookies&#13;\n        <\/p>\n<p>  Pour contrer les salles low cost, le pari de l\u2019ancrage<\/p>\n<p>En poursuivant sur cette lanc\u00e9e, deux salles suppl\u00e9mentaires verront le jour \u00e0 l\u2019est de Strasbourg (d\u00e9but 2026) et \u00e0 l\u2019ouest (pour fin 2027) \u00ab\u00a0pour un maillage complet dans l\u2019agglom\u00e9ration\u00a0\u00bb, r\u00e9v\u00e8le-t-il. Dans un march\u00e9 o\u00f9 s\u00e9vissent les enseignes low cost, \u00ab\u00a0nous faisons le pari de l\u2019ancrage. Tous les exploitants dans la r\u00e9gion sont alsaciens. Chez nous, pas de fonds d\u2019investissement \u00e9trangers\u00a0\u00bb.<\/p>\n<p class=\"note\">Abonnements entre 35\u20ac\u00a0 et 55\u20ac\u00a0\/ 4 semaines hors adh\u00e9sion<\/p>\n","protected":false},"excerpt":{"rendered":"\u00ab\u00a0Le fitness est entr\u00e9 dans les m\u0153urs. La salle est d\u00e9sormais le troisi\u00e8me lieu de vie apr\u00e8s la&hellip;\n","protected":false},"author":2,"featured_media":514664,"comment_status":"","ping_status":"","sticky":false,"template":"","format":"standard","meta":{"footnotes":""},"categories":[2820],"tags":[1111,11,1687,2880,1777,674,107,1011,27,775,12,25,640,2879],"class_list":{"0":"post-514663","1":"post","2":"type-post","3":"status-publish","4":"format-standard","5":"has-post-thumbnail","7":"category-strasbourg","8":"tag-actu","9":"tag-actualites","10":"tag-culture-loisirs","11":"tag-edition-strasbourg","12":"tag-eu","13":"tag-europe","14":"tag-fil-info","15":"tag-fr","16":"tag-france","17":"tag-grand-est","18":"tag-news","19":"tag-republique-francaise","20":"tag-strasbourg","21":"tag-strasbourg-ville"},"share_on_mastodon":{"url":"https:\/\/pubeurope.com\/@fr\/115499815627014539","error":""},"_links":{"self":[{"href":"https:\/\/www.europesays.com\/fr\/wp-json\/wp\/v2\/posts\/514663","targetHints":{"allow":["GET"]}}],"collection":[{"href":"https:\/\/www.europesays.com\/fr\/wp-json\/wp\/v2\/posts"}],"about":[{"href":"https:\/\/www.europesays.com\/fr\/wp-json\/wp\/v2\/types\/post"}],"author":[{"embeddable":true,"href":"https:\/\/www.europesays.com\/fr\/wp-json\/wp\/v2\/users\/2"}],"replies":[{"embeddable":true,"href":"https:\/\/www.europesays.com\/fr\/wp-json\/wp\/v2\/comments?post=514663"}],"version-history":[{"count":0,"href":"https:\/\/www.europesays.com\/fr\/wp-json\/wp\/v2\/posts\/514663\/revisions"}],"wp:featuredmedia":[{"embeddable":true,"href":"https:\/\/www.europesays.com\/fr\/wp-json\/wp\/v2\/media\/514664"}],"wp:attachment":[{"href":"https:\/\/www.europesays.com\/fr\/wp-json\/wp\/v2\/media?parent=514663"}],"wp:term":[{"taxonomy":"category","embeddable":true,"href":"https:\/\/www.europesays.com\/fr\/wp-json\/wp\/v2\/categories?post=514663"},{"taxonomy":"post_tag","embeddable":true,"href":"https:\/\/www.europesays.com\/fr\/wp-json\/wp\/v2\/tags?post=514663"}],"curies":[{"name":"wp","href":"https:\/\/api.w.org\/{rel}","templated":true}]}}