{"id":514665,"date":"2025-11-06T00:02:17","date_gmt":"2025-11-06T00:02:17","guid":{"rendered":"https:\/\/www.europesays.com\/fr\/514665\/"},"modified":"2025-11-06T00:02:17","modified_gmt":"2025-11-06T00:02:17","slug":"mamadou-sarr-le-jeune-talent-de-strasbourg-et-chelsea-choisit-de-representer-le-senegal-2","status":"publish","type":"post","link":"https:\/\/www.europesays.com\/fr\/514665\/","title":{"rendered":"Mamadou Sarr, le jeune talent de Strasbourg (et Chelsea), choisit de repr\u00e9senter le S\u00e9n\u00e9gal"},"content":{"rendered":"<p class=\"mb-4 text-lg md:leading-8 break-words\">C\u2019est une information r\u00e9v\u00e9l\u00e9e ce mercredi par RMC Sport. Apr\u00e8s avoir repr\u00e9sent\u00e9 la France dans toutes les s\u00e9lections de jeunes, <a href=\"https:\/\/fr.news.yahoo.com\/sport\/%C3%A0-17-ans-lattaquant-psg-192400489.html\" data-ylk=\"slk:l&#039;attaquant du PSG, Ibrahim Mbaye, a choisi de porter les couleurs du S\u00e9n\u00e9gal;elm:context_link;itc:0;sec:content-canvas;outcm:mb_qualified_link;_E:mb_qualified_link;ct:story;\" class=\"link  yahoo-link\" target=\"_blank\" rel=\"noopener\">l&rsquo;attaquant du PSG, Ibrahim Mbaye, a choisi de porter les couleurs du S\u00e9n\u00e9gal<\/a>. Le jeune Titi de 17 ans croit au projet ambitieux des Lions de la Teranga\u2026 et il n\u2019est pas le seul. Le Strasbourgeois Mamadou Sarr (20 ans) va aussi jouer pour le S\u00e9n\u00e9gal et sera dans la prochaine liste du s\u00e9lectionneur Pape Thiaw, pour le match face au Br\u00e9sil qui se jouera le 15 novembre \u00e0 Londres.<\/p>\n<p>Une cour assidue de Pape Thiaw<\/p>\n<p class=\"mb-4 text-lg md:leading-8 break-words\">Fils de Pape Sarr, ancien international s\u00e9n\u00e9galais ayant notamment disput\u00e9 la Coupe du monde 2002, Mamadou Sarr a pris la d\u00e9cision de jouer pour le S\u00e9n\u00e9gal malgr\u00e9 la volont\u00e9 de la F\u00e9d\u00e9ration fran\u00e7aise de le garder dans son giron. Ambitieux, avec <a href=\"https:\/\/fr.news.yahoo.com\/sport\/d%C3%A9lai-tr%C3%A8s-juste-can-verdict-152307709.html\" data-ylk=\"slk:en ligne de mire la Coupe d\u2019Afrique des nations;elm:context_link;itc:0;sec:content-canvas;outcm:mb_qualified_link;_E:mb_qualified_link;ct:story;\" class=\"link  yahoo-link\" target=\"_blank\" rel=\"noopener\">en ligne de mire la Coupe d\u2019Afrique des nations<\/a> et la Coupe du monde, le prometteur d\u00e9fenseur central rejoint la s\u00e9lection s\u00e9n\u00e9galaise avec joie, pour \u00e9crire son histoire dans les pas de son p\u00e8re. Depuis sa nomination fin 2024 \u00e0 la t\u00eate des Lions de la Teranga, Pape Thiaw lui a fait une cour assidue, conscient de l\u2019immense potentiel de l\u2019ancien Lyonnais.<\/p>\n<p class=\"mb-4 text-lg md:leading-8 break-words\">International fran\u00e7ais dans les cat\u00e9gories de jeunes, Mamadou Sarr s\u2019est v\u00e9ritablement r\u00e9v\u00e9l\u00e9 la saison derni\u00e8re avec le Racing. Transf\u00e9r\u00e9 cet \u00e9t\u00e9 \u00e0 <a href=\"https:\/\/rmcsport.bfmtv.com\/football\/premier-league\/chelsea_DN-202304160370.html\" rel=\"nofollow noopener\" target=\"_blank\" data-ylk=\"slk:Chelsea;elm:context_link;itc:0;sec:content-canvas\" class=\"link \">Chelsea<\/a> jusqu\u2019en 2033, il a dans la foul\u00e9e \u00e9t\u00e9 pr\u00eat\u00e9 \u00e0\u2026 Strasbourg pour un an, sans option d\u2019achat, afin de poursuivre sa progression sous les ordres de Liam Rosenior.<\/p>\n<p class=\"mb-4 text-lg md:leading-8 break-words\"><a href=\"https:\/\/rmcsport.bfmtv.com\/football\/equipe-de-france\/mamadou-sarr-le-jeune-talent-de-strasbourg-et-chelsea-choisit-de-representer-le-senegal_AV-202511050952.html#xtor=AL-68\" rel=\"nofollow noopener\" target=\"_blank\" data-ylk=\"slk:Article original publi\u00e9 sur RMC Sport;elm:context_link;itc:0;sec:content-canvas\" class=\"link \">Article original publi\u00e9 sur RMC Sport<\/a><\/p>\n","protected":false},"excerpt":{"rendered":"C\u2019est une information r\u00e9v\u00e9l\u00e9e ce mercredi par RMC Sport. Apr\u00e8s avoir repr\u00e9sent\u00e9 la France dans toutes les s\u00e9lections&hellip;\n","protected":false},"author":2,"featured_media":514666,"comment_status":"","ping_status":"","sticky":false,"template":"","format":"standard","meta":{"footnotes":""},"categories":[2820],"tags":[1111,11,63506,1777,674,1011,27,775,1610,63505,29641,12,56371,93,25,22935,640],"class_list":{"0":"post-514665","1":"post","2":"type-post","3":"status-publish","4":"format-standard","5":"has-post-thumbnail","7":"category-strasbourg","8":"tag-actu","9":"tag-actualites","10":"tag-coupe-du-monde-2002","11":"tag-eu","12":"tag-europe","13":"tag-fr","14":"tag-france","15":"tag-grand-est","16":"tag-ibrahim-mbaye","17":"tag-lions-de-la-teranga","18":"tag-mamadou-sarr","19":"tag-news","20":"tag-pape-thiaw","21":"tag-psg","22":"tag-republique-francaise","23":"tag-rmc-sport","24":"tag-strasbourg"},"share_on_mastodon":{"url":"https:\/\/pubeurope.com\/@fr\/115499823557680745","error":""},"_links":{"self":[{"href":"https:\/\/www.europesays.com\/fr\/wp-json\/wp\/v2\/posts\/514665","targetHints":{"allow":["GET"]}}],"collection":[{"href":"https:\/\/www.europesays.com\/fr\/wp-json\/wp\/v2\/posts"}],"about":[{"href":"https:\/\/www.europesays.com\/fr\/wp-json\/wp\/v2\/types\/post"}],"author":[{"embeddable":true,"href":"https:\/\/www.europesays.com\/fr\/wp-json\/wp\/v2\/users\/2"}],"replies":[{"embeddable":true,"href":"https:\/\/www.europesays.com\/fr\/wp-json\/wp\/v2\/comments?post=514665"}],"version-history":[{"count":0,"href":"https:\/\/www.europesays.com\/fr\/wp-json\/wp\/v2\/posts\/514665\/revisions"}],"wp:featuredmedia":[{"embeddable":true,"href":"https:\/\/www.europesays.com\/fr\/wp-json\/wp\/v2\/media\/514666"}],"wp:attachment":[{"href":"https:\/\/www.europesays.com\/fr\/wp-json\/wp\/v2\/media?parent=514665"}],"wp:term":[{"taxonomy":"category","embeddable":true,"href":"https:\/\/www.europesays.com\/fr\/wp-json\/wp\/v2\/categories?post=514665"},{"taxonomy":"post_tag","embeddable":true,"href":"https:\/\/www.europesays.com\/fr\/wp-json\/wp\/v2\/tags?post=514665"}],"curies":[{"name":"wp","href":"https:\/\/api.w.org\/{rel}","templated":true}]}}