{"id":514671,"date":"2025-11-06T00:05:16","date_gmt":"2025-11-06T00:05:16","guid":{"rendered":"https:\/\/www.europesays.com\/fr\/514671\/"},"modified":"2025-11-06T00:05:16","modified_gmt":"2025-11-06T00:05:16","slug":"navibus-bientot-le-top-depart-pour-le-nouvel-embarcadere-sur-la-loire-a-nantes-2","status":"publish","type":"post","link":"https:\/\/www.europesays.com\/fr\/514671\/","title":{"rendered":"Navibus\u00a0: bient\u00f4t le top d\u00e9part pour le nouvel embarcad\u00e8re sur la Loire \u00e0 Nantes"},"content":{"rendered":"<p>La mise en service de la ligne de Navibus reliant Trentemoult (Rez\u00e9) au Bas-Chantenay (Nantes) est imminente. Le voyage inaugural est programm\u00e9 dans quelques jours, autour de la mi-novembre.<\/p>\n<p>Le nouvel embarcad\u00e8re peut accueillir deux Navibus simultan\u00e9ment<\/p>\n<p>L\u2019heure est aux finitions -tests \u00e9lectriques, \u00e9clairage, vid\u00e9osurveillance, marquage au sol- autour du &#8230;<\/p>\n<p>\u00a0<\/p>\n","protected":false},"excerpt":{"rendered":"La mise en service de la ligne de Navibus reliant Trentemoult (Rez\u00e9) au Bas-Chantenay (Nantes) est imminente. Le&hellip;\n","protected":false},"author":2,"featured_media":514196,"comment_status":"","ping_status":"","sticky":false,"template":"","format":"standard","meta":{"footnotes":""},"categories":[2818],"tags":[1111,11,10334,3985,23199,1777,674,1011,27,3367,766,63481,12,10542,2636,25,3030],"class_list":{"0":"post-514671","1":"post","2":"type-post","3":"status-publish","4":"format-standard","5":"has-post-thumbnail","7":"category-nantes","8":"tag-actu","9":"tag-actualites","10":"tag-bientot","11":"tag-depart","12":"tag-embarcadere","13":"tag-eu","14":"tag-europe","15":"tag-fr","16":"tag-france","17":"tag-loire","18":"tag-nantes","19":"tag-navibus","20":"tag-news","21":"tag-nouvel","22":"tag-pays-de-la-loire","23":"tag-republique-francaise","24":"tag-top"},"share_on_mastodon":{"url":"https:\/\/pubeurope.com\/@fr\/115499835344418888","error":""},"_links":{"self":[{"href":"https:\/\/www.europesays.com\/fr\/wp-json\/wp\/v2\/posts\/514671","targetHints":{"allow":["GET"]}}],"collection":[{"href":"https:\/\/www.europesays.com\/fr\/wp-json\/wp\/v2\/posts"}],"about":[{"href":"https:\/\/www.europesays.com\/fr\/wp-json\/wp\/v2\/types\/post"}],"author":[{"embeddable":true,"href":"https:\/\/www.europesays.com\/fr\/wp-json\/wp\/v2\/users\/2"}],"replies":[{"embeddable":true,"href":"https:\/\/www.europesays.com\/fr\/wp-json\/wp\/v2\/comments?post=514671"}],"version-history":[{"count":0,"href":"https:\/\/www.europesays.com\/fr\/wp-json\/wp\/v2\/posts\/514671\/revisions"}],"wp:featuredmedia":[{"embeddable":true,"href":"https:\/\/www.europesays.com\/fr\/wp-json\/wp\/v2\/media\/514196"}],"wp:attachment":[{"href":"https:\/\/www.europesays.com\/fr\/wp-json\/wp\/v2\/media?parent=514671"}],"wp:term":[{"taxonomy":"category","embeddable":true,"href":"https:\/\/www.europesays.com\/fr\/wp-json\/wp\/v2\/categories?post=514671"},{"taxonomy":"post_tag","embeddable":true,"href":"https:\/\/www.europesays.com\/fr\/wp-json\/wp\/v2\/tags?post=514671"}],"curies":[{"name":"wp","href":"https:\/\/api.w.org\/{rel}","templated":true}]}}