{"id":514678,"date":"2025-11-06T00:09:13","date_gmt":"2025-11-06T00:09:13","guid":{"rendered":"https:\/\/www.europesays.com\/fr\/514678\/"},"modified":"2025-11-06T00:09:13","modified_gmt":"2025-11-06T00:09:13","slug":"enviropro-sud-ouest-de-nouveau-a-toulouse","status":"publish","type":"post","link":"https:\/\/www.europesays.com\/fr\/514678\/","title":{"rendered":"EnviroPRo Sud-Ouest de nouveau \u00e0 Toulouse"},"content":{"rendered":"<p>Les 19 et 20\u00a0novembre, le Meett de Toulouse accueillera la nouvelle \u00e9dition d\u2019EnviroPRo Sud-Ouest, \u00e9v\u00e9nement r\u00e9gional d\u00e9di\u00e9 aux services, solutions et \u00e9quipements environnementaux pour les professionnels.<\/p>\n<p>Au programme, notamment, une zone d\u2019exposition avec des centaines de solutions et d\u2019innovations dans tous les secteurs, un village d\u00e9di\u00e9 aux solutions pour pr\u00e9venir et g\u00e9rer les risques environnementaux ou encore des conf\u00e9rences et ateliers sur divers sujets. <a href=\"https:\/\/www.enviropro-salon.com\/fr-fr\/toulouse\/\" class=\"spip_out\" rel=\"external noopener\" target=\"_blank\">Plus d\u2019informations<\/a> et <a href=\"https:\/\/visiter.nexfairs.fr\/prepage\/EnviroPro%20Sud-Ouest\/Toulouse\/2025?ori=siteweb\" class=\"spip_out\" rel=\"external noopener\" target=\"_blank\">inscriptions<\/a> en ligne.<\/p>\n<p>EnviroPRo Sud-Ouest. Les mercredis 19 et jeudi 20\u00a0novembre 2025, de 9 \u00e0 18 heures le mercredi et de 9 \u00e0 17 heures le jeudi, au Meett de Toulouse, avenue Concorde, \u00e0 Aussonne.<\/p>\n","protected":false},"excerpt":{"rendered":"Les 19 et 20\u00a0novembre, le Meett de Toulouse accueillera la nouvelle \u00e9dition d\u2019EnviroPRo Sud-Ouest, \u00e9v\u00e9nement r\u00e9gional d\u00e9di\u00e9 aux&hellip;\n","protected":false},"author":2,"featured_media":373637,"comment_status":"","ping_status":"","sticky":false,"template":"","format":"standard","meta":{"footnotes":""},"categories":[2816],"tags":[1111,11,12223,1777,674,22942,1011,27,11064,12,2680,25,2312,16155],"class_list":{"0":"post-514678","1":"post","2":"type-post","3":"status-publish","4":"format-standard","5":"has-post-thumbnail","7":"category-toulouse","8":"tag-actu","9":"tag-actualites","10":"tag-durable","11":"tag-eu","12":"tag-europe","13":"tag-evenementiel","14":"tag-fr","15":"tag-france","16":"tag-meett","17":"tag-news","18":"tag-occitanie","19":"tag-republique-francaise","20":"tag-toulouse","21":"tag-transition-ecologique"},"share_on_mastodon":{"url":"https:\/\/pubeurope.com\/@fr\/115499851100454205","error":""},"_links":{"self":[{"href":"https:\/\/www.europesays.com\/fr\/wp-json\/wp\/v2\/posts\/514678","targetHints":{"allow":["GET"]}}],"collection":[{"href":"https:\/\/www.europesays.com\/fr\/wp-json\/wp\/v2\/posts"}],"about":[{"href":"https:\/\/www.europesays.com\/fr\/wp-json\/wp\/v2\/types\/post"}],"author":[{"embeddable":true,"href":"https:\/\/www.europesays.com\/fr\/wp-json\/wp\/v2\/users\/2"}],"replies":[{"embeddable":true,"href":"https:\/\/www.europesays.com\/fr\/wp-json\/wp\/v2\/comments?post=514678"}],"version-history":[{"count":0,"href":"https:\/\/www.europesays.com\/fr\/wp-json\/wp\/v2\/posts\/514678\/revisions"}],"wp:featuredmedia":[{"embeddable":true,"href":"https:\/\/www.europesays.com\/fr\/wp-json\/wp\/v2\/media\/373637"}],"wp:attachment":[{"href":"https:\/\/www.europesays.com\/fr\/wp-json\/wp\/v2\/media?parent=514678"}],"wp:term":[{"taxonomy":"category","embeddable":true,"href":"https:\/\/www.europesays.com\/fr\/wp-json\/wp\/v2\/categories?post=514678"},{"taxonomy":"post_tag","embeddable":true,"href":"https:\/\/www.europesays.com\/fr\/wp-json\/wp\/v2\/tags?post=514678"}],"curies":[{"name":"wp","href":"https:\/\/api.w.org\/{rel}","templated":true}]}}