{"id":514689,"date":"2025-11-06T00:15:15","date_gmt":"2025-11-06T00:15:15","guid":{"rendered":"https:\/\/www.europesays.com\/fr\/514689\/"},"modified":"2025-11-06T00:15:15","modified_gmt":"2025-11-06T00:15:15","slug":"le-jacquard-francais-excellence-et-ecoresponsabilite","status":"publish","type":"post","link":"https:\/\/www.europesays.com\/fr\/514689\/","title":{"rendered":"Le Jacquard Fran\u00e7ais : excellence et \u00e9coresponsabilit\u00e9&#8230;"},"content":{"rendered":"<p>Le Jacquard Fran\u00e7ais, manufacture historique fond\u00e9e en 1888 \u00e0 G\u00e9rardmer dans les Vosges, s\u2019implante au c\u0153ur de Lyon, sur la Presqu\u2019\u00eele, \u00e0 deux pas des Jacobins.<\/p>\n<p>Lyon est une ville dont l\u2019histoire est intrins\u00e8quement li\u00e9e \u00e0 la <strong>soie<\/strong> et au <strong>tissage<\/strong>. L\u2019installation du <strong>Jacquard Fran\u00e7ais<\/strong> sur la <strong>Presqu\u2019\u00eele<\/strong> lyonnaise, au <strong>41, rue de Brest<\/strong>, symbolise la vitalit\u00e9 d\u2019une maison qui parvient \u00e0 concilier son <strong><a href=\"https:\/\/www.le-jacquard-francais.fr\/\" target=\"_blank\" rel=\"noreferrer noopener\">savoir-faire d\u2019excellence<\/a><\/strong> et une <strong>vision r\u00e9solument moderne et \u00e9co-responsable<\/strong> de l\u2019<strong>art de vivre<\/strong>.<\/p>\n<p>Nous avons rencontr\u00e9 <strong>B\u00e9atrice Brandt<\/strong>, directrice g\u00e9n\u00e9rale de l\u2019entreprise <strong>Le Jacquard Fran\u00e7ais<\/strong>.<\/p>\n<p>Ecoutez aussi : <a href=\"https:\/\/www.lyondemain.fr\/enjoue-jouets-occasion-seconde-main-noel\/\" target=\"_blank\" rel=\"noreferrer noopener\">Enjou\u00e9 : des jouets d\u2019occasion dans la hotte du P\u00e8re No\u00ebl<\/a><\/p>\n<blockquote class=\"instagram-media\" data-instgrm-captioned=\"\" data-instgrm-permalink=\"https:\/\/www.instagram.com\/reel\/DQrdqHXiOsj\/?utm_source=ig_embed&amp;utm_campaign=loading\" data-instgrm-version=\"14\" style=\" background:#FFF; border:0; border-radius:3px; box-shadow:0 0 1px 0 rgba(0,0,0,0.5),0 1px 10px 0 rgba(0,0,0,0.15); margin: 1px; max-width:540px; min-width:326px; padding:0; width:99.375%; width:-webkit-calc(100% - 2px); width:calc(100% - 2px);\"\/>\n<p>Qualit\u00e9 , innovation et \u00e9coresponsabilit\u00e9\u2026 l\u2019ADN du Jacquard Fran\u00e7ais<\/p>\n<p>\u00ab\u00a0L\u2019<strong>innovation<\/strong>, c\u2019est dans la <strong>beaut\u00e9 des dessins<\/strong> mais c\u2019est aussi dans l\u2019<strong>impact environnemental<\/strong>. On essaie de trouver des <strong>mati\u00e8res<\/strong> autres que le <strong>coton<\/strong>. Le <strong>lin<\/strong> n\u00e9cessite tr\u00e8s peu d\u2019eau pour pousser. Il pousse pr\u00e8s de chez nous. Il est fil\u00e9 pr\u00e8s de chez nous aussi, en Europe. Si dans 30 ans, on manque vraiment d\u2019eau, que va-t-on faire ? Il faut <strong>trouver des mati\u00e8res alternatives<\/strong>. Le <strong>recyclage<\/strong> permet aussi de r\u00e9injecter de la mati\u00e8re. L\u2019<strong>innovation<\/strong> va \u00eatre sous plein d\u2019aspects. Elle est vraiment partie int\u00e9grante de notre ADN\u00a0\u00bb.<\/p>\n<p>Ecoutez le podcast<\/p>\n<p>Le Jacquard Fran\u00e7ais s\u2019installe en Presqu\u2019\u00eele<\/p>\n<p><img fetchpriority=\"high\" decoding=\"async\" width=\"1200\" height=\"675\" src=\"https:\/\/www.europesays.com\/fr\/wp-content\/uploads\/2025\/11\/Le-Jacquard-Francais-Beatrice-Brandt.jpg\" alt=\"B\u00e9atrice Brandt\" class=\"wp-image-252277\"  \/>B\u00e9atrice Brandt<\/p>\n<p>S\u2019installer \u00e0 <strong>Lyon, capitale historique de la soie<\/strong> et haut lieu de la <strong>cr\u00e9ation textile fran\u00e7aise<\/strong>, n\u2019est pas anodin. C\u2019est un retour aux sources pour le proc\u00e9d\u00e9 <strong>Jacquard <\/strong>et un hommage au riche pass\u00e9 de la ville.<\/p>\n<p>Ecoutez aussi : <a href=\"https:\/\/www.lyondemain.fr\/la-seconde-main-atelier-fil-en-forme\/\" target=\"_blank\" rel=\"noreferrer noopener\">La Seconde main vs la fast-fashion<\/a><\/p>\n<p>Linge de maison et arts de la table<\/p>\n<p>\u00ab\u00a0Nous voulions pr\u00e9senter l\u2019enti\u00e8ret\u00e9 de notre offre et on voulait aussi que les clients puissent se projeter sur leur propre int\u00e9rieur. Ici, on pr\u00e9sente les produits en situation. Lyon \u00e7a nous paraissait \u00eatre une ville parfaite pour cette culture textile tr\u00e8s forte. Avec des gens qui sont habitu\u00e9s\u2026 Qui connaissent les <strong>belles mati\u00e8res<\/strong>. On n\u2019est pas lyonnais, on est Vosgien, mais c\u2019est quand m\u00eame pas tr\u00e8s loin. Et il y a cette <strong>culture de la gastronomie<\/strong>. Les arts de la table signifient quelque chose ici. Quand on passe \u00e0 table, c\u2019est pour ce qu\u2019on a dans l\u2019assiette mais c\u2019est aussi pour ce qu\u2019on a sous l\u2019assiette. Lyon \u00e9tait une ville qui nous paraissait \u00e9vidente pour notre premi\u00e8re ouverture, hors de nos deux boutiques \u00e0 Paris. Lyon est un bel endroit. La client\u00e8le touristique internationale est aussi au rendez-vous. Surtout ici en <strong>Presqu\u2019\u00eele<\/strong>\u2026\u00a0\u00bb explique <strong>B\u00e9atrice Brandt<\/strong>.<\/p>\n<p><strong>Le Jacquard Fran\u00e7ais<\/strong>, c\u2019est un savoir-faire alliant <strong>artisanat<\/strong> et <strong>industrie<\/strong>. Un process couronn\u00e9 par l\u2019obtention du <strong>label Entreprise du Patrimoine Vivant<\/strong> (EPV) en 2010. Ce label t\u00e9moigne de l\u2019excellence de ses cr\u00e9ations et aussi de la richesse de son h\u00e9ritage textile.<\/p>\n<p><strong>Le Jacquard Fran\u00e7ais<\/strong> se positionne aujourd\u2019hui sur un segment premium. Mais l\u2019entreprise affiche aussi des prix abordables pour n\u2019exclure personne.<\/p>\n<p>Ecoutez aussi : <a href=\"https:\/\/www.lyondemain.fr\/la-ligne-vertuose-menuiserie-reemploi\/\" target=\"_blank\" rel=\"noreferrer noopener\">La Ligne Vertuose : s\u2019initier \u00e0 la menuiserie pour un nouveau d\u00e9part<\/a><\/p>\n<p>L\u2019excellence \u00e0 tous les prix<\/p>\n<p>\u00ab\u00a0On a comme client toutes les institutions : <strong>l\u2019Elys\u00e9e<\/strong>, l\u2019<strong>Assembl\u00e9e Nationale<\/strong>, le <strong>S\u00e9nat<\/strong>, on est pr\u00e9sent dans toutes les belles maisons, les royaut\u00e9s diverses et vari\u00e9es. Mais on a aussi des<strong> torchons<\/strong> qu\u2019on vend \u00e0 19 euros ou un <strong>essuie-main<\/strong> \u00e0 15 euros. On n\u2019est pas qu\u2019une marque inaccessible.  On peut se faire plaisir et avoir une <strong>nappe sur mesure<\/strong> pour un <strong>yacht<\/strong>, pour un <strong>ch\u00e2teau<\/strong>, etc. Mais ce n\u2019est pas notre seule et unique client\u00e8le. Nos produits sont de bonne qualit\u00e9 et vont durer. Quand on ach\u00e8te de la <strong>bonne qualit\u00e9<\/strong>, c\u2019est jamais trop cher\u2026\u00a0\u00bb explique<strong> B\u00e9atrice<\/strong>.<\/p>\n<blockquote class=\"instagram-media\" data-instgrm-captioned=\"\" data-instgrm-permalink=\"https:\/\/www.instagram.com\/p\/DN-PYs4gEne\/?utm_source=ig_embed&amp;utm_campaign=loading\" data-instgrm-version=\"14\" style=\" background:#FFF; border:0; border-radius:3px; box-shadow:0 0 1px 0 rgba(0,0,0,0.5),0 1px 10px 0 rgba(0,0,0,0.15); margin: 1px; max-width:540px; min-width:326px; padding:0; width:99.375%; width:-webkit-calc(100% - 2px); width:calc(100% - 2px);\"\/>\n<p>La <strong>durabilit\u00e9<\/strong> est l\u2019identit\u00e9 premi\u00e8re du Jacquard Fran\u00e7ais, permettant aux produits d\u2019\u00eatre transmis de g\u00e9n\u00e9ration en g\u00e9n\u00e9ration. \u00ab\u00a0Nos clients nous disent qu\u2019ils ont h\u00e9rit\u00e9 du <strong>linge de maison<\/strong> de leurs parents, de leur famille. Et c\u2019est <strong>un linge qui est tout bonnement increvable<\/strong>. Encore faut-il savoir l\u2019entretenir. Donc \u00e7a n\u00e9cessite d\u2019en prendre soin\u2026.\u00a0\u00bb<\/p>\n<p>L\u2019implantation lyonnaise permet au Jacquard Fran\u00e7ais de faire rayonner l\u2019\u00e9l\u00e9gance textile \u00ab\u00a0Made in France\u00a0\u00bb aupr\u00e8s d\u2019une client\u00e8le locale et aussi internationale.<\/p>\n<p><strong>Le Jacquard Fran\u00e7ais, 41, rue de Brest, 69 002 LYON<\/strong><\/p>\n<p>Ecoutez aussi : <a href=\"https:\/\/www.lyondemain.fr\/bel-air-textile-villeurbanne-tiers-lieu\/\" target=\"_blank\" rel=\"noreferrer noopener\">Bel Air Textile : \u00ab\u00a0\u00catre un r\u00e9acteur \u00e0 innovation\u00a0\u00bb<\/a><\/p>\n<p><img loading=\"lazy\" decoding=\"async\" width=\"1200\" height=\"675\" src=\"https:\/\/www.europesays.com\/fr\/wp-content\/uploads\/2025\/11\/Le-Jacquard-Francais-literie.jpg\" alt=\"literie\" class=\"wp-image-252287\"  \/><\/p>\n<p>.<\/p>\n<p>J\u2019aime \u00e7a\u00a0:<\/p>\n<p>J\u2019aime chargement\u2026<\/p>\n<p><a class=\"sd-link-color\"\/><\/p>\n<p>\n\tArticles similaires\n<\/p>\n<p>\t\t\t\t<img decoding=\"async\" src=\"https:\/\/www.europesays.com\/fr\/wp-content\/uploads\/2025\/11\/7866158698e17e8ed633c05e8f8e7fe5d9e057ad78661c4dc34e413abb6b9f19\" alt=\"G\u00e9rald Bouchon\"\/><\/p>\n<p>Pionnier des radios libres, passionn\u00e9 de radio, journaliste et dirigeant de m\u00e9dias \u00e9co-responsables..<\/p>\n<p>\t\t\t<script async src=\"\/\/www.instagram.com\/embed.js\"><\/script><\/p>\n","protected":false},"excerpt":{"rendered":"Le Jacquard Fran\u00e7ais, manufacture historique fond\u00e9e en 1888 \u00e0 G\u00e9rardmer dans les Vosges, s\u2019implante au c\u0153ur de Lyon,&hellip;\n","protected":false},"author":2,"featured_media":514690,"comment_status":"","ping_status":"","sticky":false,"template":"","format":"standard","meta":{"footnotes":""},"categories":[1889],"tags":[1111,11,1477,2430,63511,57240,1777,674,1011,27,1661,5701,35074,32349,63512,2425,2428,12,34978,2809,3887,12391,25,63513,24640],"class_list":{"0":"post-514689","1":"post","2":"type-post","3":"status-publish","4":"format-standard","5":"has-post-thumbnail","7":"category-lyon","8":"tag-actu","9":"tag-actualites","10":"tag-artisanat","11":"tag-auvergne-rhone-alpes","12":"tag-beatrice-brandt","13":"tag-ecoresponsable","14":"tag-eu","15":"tag-europe","16":"tag-fr","17":"tag-france","18":"tag-gastronomie","19":"tag-innovation","20":"tag-jacquard","21":"tag-le-jacquard-francais","22":"tag-linge-de-maison","23":"tag-luxe","24":"tag-lyon","25":"tag-news","26":"tag-preservation-de-leau","27":"tag-presquile","28":"tag-recyclage","29":"tag-reemploi","30":"tag-republique-francaise","31":"tag-soie","32":"tag-textiles"},"share_on_mastodon":{"url":"https:\/\/pubeurope.com\/@fr\/115499875393013562","error":""},"_links":{"self":[{"href":"https:\/\/www.europesays.com\/fr\/wp-json\/wp\/v2\/posts\/514689","targetHints":{"allow":["GET"]}}],"collection":[{"href":"https:\/\/www.europesays.com\/fr\/wp-json\/wp\/v2\/posts"}],"about":[{"href":"https:\/\/www.europesays.com\/fr\/wp-json\/wp\/v2\/types\/post"}],"author":[{"embeddable":true,"href":"https:\/\/www.europesays.com\/fr\/wp-json\/wp\/v2\/users\/2"}],"replies":[{"embeddable":true,"href":"https:\/\/www.europesays.com\/fr\/wp-json\/wp\/v2\/comments?post=514689"}],"version-history":[{"count":0,"href":"https:\/\/www.europesays.com\/fr\/wp-json\/wp\/v2\/posts\/514689\/revisions"}],"wp:featuredmedia":[{"embeddable":true,"href":"https:\/\/www.europesays.com\/fr\/wp-json\/wp\/v2\/media\/514690"}],"wp:attachment":[{"href":"https:\/\/www.europesays.com\/fr\/wp-json\/wp\/v2\/media?parent=514689"}],"wp:term":[{"taxonomy":"category","embeddable":true,"href":"https:\/\/www.europesays.com\/fr\/wp-json\/wp\/v2\/categories?post=514689"},{"taxonomy":"post_tag","embeddable":true,"href":"https:\/\/www.europesays.com\/fr\/wp-json\/wp\/v2\/tags?post=514689"}],"curies":[{"name":"wp","href":"https:\/\/api.w.org\/{rel}","templated":true}]}}