{"id":514706,"date":"2025-11-06T00:24:25","date_gmt":"2025-11-06T00:24:25","guid":{"rendered":"https:\/\/www.europesays.com\/fr\/514706\/"},"modified":"2025-11-06T00:24:25","modified_gmt":"2025-11-06T00:24:25","slug":"angelina-jolie-aurait-visite-des-etablissements-medicaux-a-kherson-dans-le-sud-du-pays","status":"publish","type":"post","link":"https:\/\/www.europesays.com\/fr\/514706\/","title":{"rendered":"Angelina Jolie aurait visit\u00e9 des \u00e9tablissements m\u00e9dicaux \u00e0 Kherson, dans le sud du pays"},"content":{"rendered":"<p>\n    La star hollywoodienne, ancienne \u00e9missaire de l\u2019ONU pour les r\u00e9fugi\u00e9s, aurait visit\u00e9 une maternit\u00e9 et un h\u00f4pital pour enfants selon des m\u00e9dias ukrainiens.<\/p>\n<p class=\"fig-paragraph\">La star hollywoodienne\u00a0<a href=\"http:\/\/www.lefigaro.fr\/cinema\/j-aime-mon-pays-mais-je-ne-le-reconnais-pas-angelina-jolie-s-inquiete-de-l-etat-de-la-liberte-d-expression-aux-etats-unis-20250922\" data-fig-type=\"Article\" data-gtm-custom-categorie=\"navigation\" data-gtm-custom-action=\"crossclick\" data-gtm-custom-label=\"Contextuel\" data-gtm-event=\"customEventSPE\" data-fig-domain=\"LEFIGARO\" rel=\"nofollow noopener\" target=\"_blank\">Angelina Jolie<\/a>, ancienne \u00e9missaire de l&rsquo;ONU pour les r\u00e9fugi\u00e9s, a effectu\u00e9 mercredi une visite surprise \u00e0 Kherson, dans le sud de l&rsquo;<a href=\"http:\/\/www.lefigaro.fr\/international\/l-allemagne-compte-augmenter-de-3-milliards-d-euros-son-aide-a-l-ukraine-en-2026-20251104\" data-fig-type=\"NewsFlash\" data-gtm-custom-categorie=\"navigation\" data-gtm-custom-action=\"crossclick\" data-gtm-custom-label=\"Contextuel\" data-gtm-event=\"customEventSPE\" data-fig-domain=\"LEFIGARO\" rel=\"nofollow noopener\" target=\"_blank\">Ukraine<\/a>, ont rapport\u00e9 des m\u00e9dias ukrainiens. L&rsquo;actrice am\u00e9ricaine a visit\u00e9 des \u00e9tablissements m\u00e9dicaux, dont une maternit\u00e9 et un h\u00f4pital pour enfants dans cette ville occup\u00e9e par la Russie pendant plusieurs mois en 2022, selon des m\u00e9dias locaux et nationaux ukrainiens.<\/p>\n<p class=\"fig-paragraph\">Un responsable local, Vitali\u00ef Bogdanov, a publi\u00e9 sur Facebook une photo montrant Angelina Jolie en gilet pare-balles avec des insignes ukrainiens. L&rsquo;actrice ou le gouvernement ukrainien n&rsquo;ont pas communiqu\u00e9 sur cette visite. La star hollywoodienne, qui a \u00e9t\u00e9 \u00e9missaire de l&rsquo;ONU pour les r\u00e9fugi\u00e9s entre 2012 et 2022, avait d\u00e9j\u00e0 visit\u00e9 l&rsquo;Ukraine quelques mois apr\u00e8s le d\u00e9but de l&rsquo;invasion russe et rencontr\u00e9 des d\u00e9plac\u00e9s \u00e0 Lviv, dans l&rsquo;Ouest.<\/p>\n","protected":false},"excerpt":{"rendered":"La star hollywoodienne, ancienne \u00e9missaire de l\u2019ONU pour les r\u00e9fugi\u00e9s, aurait visit\u00e9 une maternit\u00e9 et un h\u00f4pital pour&hellip;\n","protected":false},"author":2,"featured_media":514707,"comment_status":"","ping_status":"","sticky":false,"template":"","format":"standard","meta":{"footnotes":""},"categories":[1590],"tags":[11,15216,1777,674,131,12,220],"class_list":{"0":"post-514706","1":"post","2":"type-post","3":"status-publish","4":"format-standard","5":"has-post-thumbnail","7":"category-ukraine","8":"tag-actualites","9":"tag-angelina-jolie","10":"tag-eu","11":"tag-europe","12":"tag-guerre-en-ukraine","13":"tag-news","14":"tag-ukraine"},"share_on_mastodon":{"url":"https:\/\/pubeurope.com\/@fr\/115499910001578095","error":""},"_links":{"self":[{"href":"https:\/\/www.europesays.com\/fr\/wp-json\/wp\/v2\/posts\/514706","targetHints":{"allow":["GET"]}}],"collection":[{"href":"https:\/\/www.europesays.com\/fr\/wp-json\/wp\/v2\/posts"}],"about":[{"href":"https:\/\/www.europesays.com\/fr\/wp-json\/wp\/v2\/types\/post"}],"author":[{"embeddable":true,"href":"https:\/\/www.europesays.com\/fr\/wp-json\/wp\/v2\/users\/2"}],"replies":[{"embeddable":true,"href":"https:\/\/www.europesays.com\/fr\/wp-json\/wp\/v2\/comments?post=514706"}],"version-history":[{"count":0,"href":"https:\/\/www.europesays.com\/fr\/wp-json\/wp\/v2\/posts\/514706\/revisions"}],"wp:featuredmedia":[{"embeddable":true,"href":"https:\/\/www.europesays.com\/fr\/wp-json\/wp\/v2\/media\/514707"}],"wp:attachment":[{"href":"https:\/\/www.europesays.com\/fr\/wp-json\/wp\/v2\/media?parent=514706"}],"wp:term":[{"taxonomy":"category","embeddable":true,"href":"https:\/\/www.europesays.com\/fr\/wp-json\/wp\/v2\/categories?post=514706"},{"taxonomy":"post_tag","embeddable":true,"href":"https:\/\/www.europesays.com\/fr\/wp-json\/wp\/v2\/tags?post=514706"}],"curies":[{"name":"wp","href":"https:\/\/api.w.org\/{rel}","templated":true}]}}