{"id":514708,"date":"2025-11-06T00:25:13","date_gmt":"2025-11-06T00:25:13","guid":{"rendered":"https:\/\/www.europesays.com\/fr\/514708\/"},"modified":"2025-11-06T00:25:13","modified_gmt":"2025-11-06T00:25:13","slug":"au-moins-11-morts-dans-un-crash-aerien-a-louisville","status":"publish","type":"post","link":"https:\/\/www.europesays.com\/fr\/514708\/","title":{"rendered":"au moins 11 morts dans un crash a\u00e9rien \u00e0 Louisville"},"content":{"rendered":"<p>Le bilan \u00ab\u00a0est maintenant de 11 morts, mais devrait atteindre 12 d&rsquo;ici la fin de journ\u00e9e\u00a0\u00bb, a affirm\u00e9 le gouverneur de l&rsquo;Etat, Andy Beshear.<\/p>\n<p>L&rsquo;appareil, un McDonnell Douglas MD-11 du transporteur am\u00e9ricain UPS qui devait rejoindre Hawa\u00ef, s&rsquo;est \u00e9cras\u00e9 mardi en fin d&rsquo;apr\u00e8s-midi, d\u00e9truisant des b\u00e2timents et engendrant un impressionnant panache d&rsquo;\u00e9paisse fum\u00e9e.<\/p>\n<p>Selon un des enqu\u00eateurs de l&rsquo;Agence am\u00e9ricaine de s\u00e9curit\u00e9 des transports (NTSB) d\u00e9p\u00each\u00e9s sur place, Todd Inman, les images des cam\u00e9ras de surveillance de l&rsquo;a\u00e9roport \u00ab\u00a0montrent le moteur gauche qui se d\u00e9tache de l&rsquo;aile pendant l&rsquo;acc\u00e9l\u00e9ration au d\u00e9collage\u00a0\u00bb.<\/p>\n<p>Le moteur est rest\u00e9 \u00ab\u00a0sur le terrain d&rsquo;aviation\u00a0\u00bb, a-t-il dit \u00e0 des journalistes, ajoutant que les deux enregistreurs de vol, commun\u00e9ment appel\u00e9s \u00ab\u00a0bo\u00eetes noires\u00a0\u00bb, avaient \u00e9t\u00e9 envoy\u00e9es \u00e0 Washington pour analyse.<\/p>\n<p>Une vid\u00e9o amateur diffus\u00e9e par la cha\u00eene locale WLKY a montr\u00e9 le moteur gauche de l&rsquo;avion en feu tandis que l&rsquo;appareil rasait le sol en tentant de d\u00e9coller, avant d&rsquo;exploser plus loin. D&rsquo;autres images ont ensuite montr\u00e9 un grand brasier s&rsquo;\u00e9talant sur plusieurs centaines de m\u00e8tres dans une zone de hangars et de parkings.<\/p>\n<p>L&rsquo;appareil a termin\u00e9 sa course \u00e0 pr\u00e8s de 5 km de l&rsquo;a\u00e9roport, selon la police, et aurait percut\u00e9 \u00ab\u00a0de mani\u00e8re assez directe\u00a0\u00bb une installation de recyclage de p\u00e9trole, d&rsquo;apr\u00e8s le gouverneur du Kentucky.<\/p>\n<p>Trois membres d&rsquo;\u00e9quipage \u00e9taient \u00e0 bord, selon UPS, dont la division a\u00e9rienne est install\u00e9e \u00e0 Louisville, son principal hub a\u00e9rien aux Etats-Unis.<\/p>\n<p><strong>Suppressions de vols <\/strong><\/p>\n<p>D\u00e9but septembre, UPS Airlines op\u00e9rait une flotte d&rsquo;environ 500 avions de transport de marchandises, dont 27 MD-11.<\/p>\n<p>Mercredi, le groupe am\u00e9ricain de messagerie et de livraison de colis a suspendu toutes ses op\u00e9rations de tri \u00e0 Louisville pour la deuxi\u00e8me journ\u00e9e cons\u00e9cutive.<\/p>\n<p>Annul\u00e9s la veille au soir, les vols ont \u00e9t\u00e9 r\u00e9tablis mercredi \u00e0 l&rsquo;a\u00e9roport international Mohamed-Ali de Louisville, a annonc\u00e9 le maire de la ville, Craig Greenberg.<\/p>\n<p>L&rsquo;accident intervient au moment o\u00f9 les cons\u00e9quences de la paralysie budg\u00e9taire, due \u00e0 un d\u00e9saccord entre r\u00e9publicains et d\u00e9mocrates au Congr\u00e8s, se font particuli\u00e8rement ressentir dans le domaine du transport a\u00e9rien aux Etats-Unis.<\/p>\n<p><strong>Paralysie budg\u00e9taire<\/strong><\/p>\n<p>L&rsquo;accident de mardi intervient au moment o\u00f9 les cons\u00e9quences de la paralysie budg\u00e9taire, due \u00e0 un d\u00e9saccord entre r\u00e9publicains et d\u00e9mocrates au Congr\u00e8s, se font particuli\u00e8rement ressentir dans le domaine du transport a\u00e9rien.<\/p>\n<p>Depuis plusieurs semaines, des p\u00e9nuries de contr\u00f4leurs a\u00e9riens &#8211; qui travaillent depuis le 1er octobre sans \u00eatre pay\u00e9s &#8211; entra\u00eenent retards et annulations de vols \u00e0 travers le pays.<\/p>\n<p>Si la paralysie budg\u00e9taire se prolonge au-del\u00e0 de cette semaine, l&rsquo;espace a\u00e9rien am\u00e9ricain pourrait m\u00eame \u00eatre partiellement ferm\u00e9, a mis en garde mardi le ministre des Transports, Sean Duffy.<\/p>\n<p>UPS Airlines, la division a\u00e9rienne du groupe am\u00e9ricain de messagerie et de livraison de colis, op\u00e9rait d\u00e9but septembre une flotte d&rsquo;environ 500 avions de transport de marchandises, dont 27 MD-11, l&rsquo;appareil impliqu\u00e9 dans l&rsquo;accident de mardi.<\/p>\n<p>Le dernier accident a\u00e9rien majeur aux Etats-Unis s&rsquo;est produit le 29 janvier dernier \u00e0 proximit\u00e9 de l&rsquo;a\u00e9roport Ronald-Reagan de Washington, quand un h\u00e9licopt\u00e8re militaire est entr\u00e9 en collision avec un avion de ligne sur le point d&rsquo;atterrir, tuant 67 personnes au total.<\/p>\n","protected":false},"excerpt":{"rendered":"Le bilan \u00ab\u00a0est maintenant de 11 morts, mais devrait atteindre 12 d&rsquo;ici la fin de journ\u00e9e\u00a0\u00bb, a affirm\u00e9&hellip;\n","protected":false},"author":2,"featured_media":514709,"comment_status":"","ping_status":"","sticky":false,"template":"","format":"standard","meta":{"footnotes":""},"categories":[1589],"tags":[11,73,1866,12,1864,1865,1863,308],"class_list":{"0":"post-514708","1":"post","2":"type-post","3":"status-publish","4":"format-standard","5":"has-post-thumbnail","7":"category-etats-unis","8":"tag-actualites","9":"tag-etats-unis","10":"tag-etats-unis-damerique","11":"tag-news","12":"tag-united-states","13":"tag-united-states-of-america","14":"tag-us","15":"tag-usa"},"share_on_mastodon":{"url":"https:\/\/pubeurope.com\/@fr\/115499914023271689","error":""},"_links":{"self":[{"href":"https:\/\/www.europesays.com\/fr\/wp-json\/wp\/v2\/posts\/514708","targetHints":{"allow":["GET"]}}],"collection":[{"href":"https:\/\/www.europesays.com\/fr\/wp-json\/wp\/v2\/posts"}],"about":[{"href":"https:\/\/www.europesays.com\/fr\/wp-json\/wp\/v2\/types\/post"}],"author":[{"embeddable":true,"href":"https:\/\/www.europesays.com\/fr\/wp-json\/wp\/v2\/users\/2"}],"replies":[{"embeddable":true,"href":"https:\/\/www.europesays.com\/fr\/wp-json\/wp\/v2\/comments?post=514708"}],"version-history":[{"count":0,"href":"https:\/\/www.europesays.com\/fr\/wp-json\/wp\/v2\/posts\/514708\/revisions"}],"wp:featuredmedia":[{"embeddable":true,"href":"https:\/\/www.europesays.com\/fr\/wp-json\/wp\/v2\/media\/514709"}],"wp:attachment":[{"href":"https:\/\/www.europesays.com\/fr\/wp-json\/wp\/v2\/media?parent=514708"}],"wp:term":[{"taxonomy":"category","embeddable":true,"href":"https:\/\/www.europesays.com\/fr\/wp-json\/wp\/v2\/categories?post=514708"},{"taxonomy":"post_tag","embeddable":true,"href":"https:\/\/www.europesays.com\/fr\/wp-json\/wp\/v2\/tags?post=514708"}],"curies":[{"name":"wp","href":"https:\/\/api.w.org\/{rel}","templated":true}]}}