{"id":514723,"date":"2025-11-06T00:33:10","date_gmt":"2025-11-06T00:33:10","guid":{"rendered":"https:\/\/www.europesays.com\/fr\/514723\/"},"modified":"2025-11-06T00:33:10","modified_gmt":"2025-11-06T00:33:10","slug":"un-honneur-pour-charlie-woods","status":"publish","type":"post","link":"https:\/\/www.europesays.com\/fr\/514723\/","title":{"rendered":"Un honneur pour Charlie Woods"},"content":{"rendered":"<p class=\"c-paragraph\">Charlie Woods suit les traces de son p\u00e8re, Tiger, pour au moins un prix. L\u2019Association de golf junior am\u00e9ricain a nomm\u00e9 Charlie sur la premi\u00e8re \u00e9quipe d\u2019\u00e9toiles. <\/p>\n<p class=\"c-paragraph\">Un total de 12 joueurs ont re\u00e7u cet honneur et c\u2019est Miles Russell, \u00e2g\u00e9 de 17 ans, qui s\u2019est vu d\u00e9cerner le titre de joueur de l\u2019ann\u00e9e. Il m\u00e9ritait cet honneur pour une deuxi\u00e8me fois. <\/p>\n<p class=\"c-paragraph\">Tiger Woods avait quant \u00e0 lui \u00e9t\u00e9 nomm\u00e9 joueur de l\u2019ann\u00e9e par l\u2019association en 1991 et 1992. <\/p>\n<p class=\"c-paragraph\">Charlies Woods a remport\u00e9 son premier titre d\u00e9terminant en mai \u00e0 l\u2019Invitation de l\u2019\u00c9quipe TaylorMade. <\/p>\n","protected":false},"excerpt":{"rendered":"Charlie Woods suit les traces de son p\u00e8re, Tiger, pour au moins un prix. L\u2019Association de golf junior&hellip;\n","protected":false},"author":2,"featured_media":514724,"comment_status":"","ping_status":"","sticky":false,"template":"","format":"standard","meta":{"footnotes":""},"categories":[1418],"tags":[1011,27,1472,60],"class_list":{"0":"post-514723","1":"post","2":"type-post","3":"status-publish","4":"format-standard","5":"has-post-thumbnail","7":"category-golf","8":"tag-fr","9":"tag-france","10":"tag-golf","11":"tag-sports"},"share_on_mastodon":{"url":"https:\/\/pubeurope.com\/@fr\/115499945331200116","error":""},"_links":{"self":[{"href":"https:\/\/www.europesays.com\/fr\/wp-json\/wp\/v2\/posts\/514723","targetHints":{"allow":["GET"]}}],"collection":[{"href":"https:\/\/www.europesays.com\/fr\/wp-json\/wp\/v2\/posts"}],"about":[{"href":"https:\/\/www.europesays.com\/fr\/wp-json\/wp\/v2\/types\/post"}],"author":[{"embeddable":true,"href":"https:\/\/www.europesays.com\/fr\/wp-json\/wp\/v2\/users\/2"}],"replies":[{"embeddable":true,"href":"https:\/\/www.europesays.com\/fr\/wp-json\/wp\/v2\/comments?post=514723"}],"version-history":[{"count":0,"href":"https:\/\/www.europesays.com\/fr\/wp-json\/wp\/v2\/posts\/514723\/revisions"}],"wp:featuredmedia":[{"embeddable":true,"href":"https:\/\/www.europesays.com\/fr\/wp-json\/wp\/v2\/media\/514724"}],"wp:attachment":[{"href":"https:\/\/www.europesays.com\/fr\/wp-json\/wp\/v2\/media?parent=514723"}],"wp:term":[{"taxonomy":"category","embeddable":true,"href":"https:\/\/www.europesays.com\/fr\/wp-json\/wp\/v2\/categories?post=514723"},{"taxonomy":"post_tag","embeddable":true,"href":"https:\/\/www.europesays.com\/fr\/wp-json\/wp\/v2\/tags?post=514723"}],"curies":[{"name":"wp","href":"https:\/\/api.w.org\/{rel}","templated":true}]}}