{"id":514727,"date":"2025-11-06T00:36:13","date_gmt":"2025-11-06T00:36:13","guid":{"rendered":"https:\/\/www.europesays.com\/fr\/514727\/"},"modified":"2025-11-06T00:36:13","modified_gmt":"2025-11-06T00:36:13","slug":"lorenzo-musetti-domine-stan-wawrinka-a-athenes-et-peut-encore-rever-des-finales-atp-lequipe","status":"publish","type":"post","link":"https:\/\/www.europesays.com\/fr\/514727\/","title":{"rendered":"Lorenzo Musetti domine Stan Wawrinka \u00e0 Ath\u00e8nes et peut encore r\u00eaver des Finales ATP &#8211; L&#039;\u00c9quipe"},"content":{"rendered":"<ol>\n<li><a href=\"https:\/\/news.google.com\/rss\/articles\/CBMizAFBVV95cUxNdHZKN1ZDVW13X2hwdmF5X1pnbmw2ZEhTQ3p3eVVmdTdBYkVHYkVzY2ktckVUWWY2OWdYQ1NxZWJTMTNTV2hXLWxCMDBQb21McXdwTkcyY3BxZk1wT011WkNtWUZIc091Ujc0OVhfcmstVjdWcVNOaHFHejZNQW81cTBmMXdXRDVaMTFvWi1IV01MWEFIR21YN29YYlVXUGh2MlRfUWVISW40OHRGRGpRLXowWlBubl9GTHNuNERPU3ZoblM4V0RYZjJqNWo?oc=5\" target=\"_blank\" rel=\"nofollow noopener\">Lorenzo Musetti domine Stan Wawrinka \u00e0 Ath\u00e8nes et peut encore r\u00eaver des Finales ATP<\/a>&nbsp;&nbsp;L&rsquo;\u00c9quipe<\/li>\n<li><a href=\"https:\/\/news.google.com\/rss\/articles\/CBMihwFBVV95cUxQOFVlOEpzMkN5ZzBOamZIaHFaZlV2bGFrU0hHNk5zc0NvcXlYVnJNWlRLTUttRS0tV25DX2N2bEZMMk5McFdBSEFkTmZVSzhMTXpRU0hvWm1uSzRIWjNGdERfTzZiWVVxdHU5WlNBeXhXMUNPRDJOeUM3SUhGbnVzSXYwV1FmdzQ?oc=5\" target=\"_blank\" rel=\"nofollow noopener\">Ath\u00e8nes: Stan \u00e9choue \u00e0 rien d\u2019une victoire face \u00e0 un top 10 ! | blue News<\/a>&nbsp;&nbsp;bluewin E-Mail<\/li>\n<li><a href=\"https:\/\/news.google.com\/rss\/articles\/CBMihAFBVV95cUxOdmNHOGNrU2xBUGVDajVDM2Y2N3Y0RmdlNW9pS3JLaTdZZWpPVm9ZRE5DMXd1YmFnaUxReDFXR2ZTYU4zMU9kQmVmTFVkdDdCQ2xNYUhwOXpuMXRzWkZ5VDJKamU3ZS01OWRGbnc2SURyTGRzNmd6aGhxOC1BOThtcmdNQm4?oc=5\" target=\"_blank\" rel=\"nofollow noopener\">ATP Ath\u00e8nes : Musetti \u00e9carte difficilement Wawrinka et reste en vie dans la course au Masters<\/a>&nbsp;&nbsp;Tennis Temple<\/li>\n<li><a href=\"https:\/\/news.google.com\/rss\/articles\/CBMi0AFBVV95cUxPMGJ4aWFydmNKUS1xSEpTWllpRUFsZDhtNmJBTUFLTEdvUmk2TXpRVWJxY2lCalNyWHJSXzZyX1lhMVNfNmhOOTlYR1AzTDFPMURRRUl6MUtRdC0zVFBvalJIcW5sZmVIaXpBSTBNc194QW9lWjFndHpPejVSRkp2TGhKZW4xVGViTTRxdlFuZWs2dEt4OUpfYkxBZi1NZFFJUmpsSzlMbmhMT19rM2JmVXI2MFM5OGRJSHFxbmtkd3RwVzk5VVVCcVRRc0lNU1po?oc=5\" target=\"_blank\" rel=\"nofollow noopener\">Musetti maintient vivante la flamme des ATP Finals apr\u00e8s avoir surv\u00e9cu \u00e0 un thriller contre Wawrinka<\/a>&nbsp;&nbsp;Punto de Break<\/li>\n<li><a href=\"https:\/\/news.google.com\/rss\/articles\/CBMixAFBVV95cUxQTWlrbnNBTV80V1p6Qngzb0RoRGtXVUZrUjRsb3VHY1dNdm55aXlGeThIaFJ4VThHbDRMU0p0WmVyQVplQW4xeDJrcE96TXNkcFhnM1psSkx0S2JTaHJBMHJWLXVsTjhXREhUNmdVcV9QM0VlN2g2VXJveG1wRHhSRWVkV2trdDd6cGpQc3JPaE91RFJhVzhaUlZKcXZfQ2F4QlllaFJGamNreDlINHJILUNxN2hBMGdMazFEaS1DQlNPZmhs?oc=5\" target=\"_blank\" rel=\"nofollow noopener\">ATP 250 Ath\u00e8nes : Musetti fr\u00f4le la catastrophe face \u00e0 Wawrinka mais rejoint les quarts<\/a>&nbsp;&nbsp;Univers Tennis<\/li>\n<\/ol>\n","protected":false},"excerpt":{"rendered":"Lorenzo Musetti domine Stan Wawrinka \u00e0 Ath\u00e8nes et peut encore r\u00eaver des Finales ATP&nbsp;&nbsp;L&rsquo;\u00c9quipe Ath\u00e8nes: Stan \u00e9choue \u00e0&hellip;\n","protected":false},"author":2,"featured_media":514728,"comment_status":"","ping_status":"","sticky":false,"template":"","format":"standard","meta":{"footnotes":""},"categories":[1415],"tags":[1011,27,60,1467],"class_list":{"0":"post-514727","1":"post","2":"type-post","3":"status-publish","4":"format-standard","5":"has-post-thumbnail","7":"category-tennis","8":"tag-fr","9":"tag-france","10":"tag-sports","11":"tag-tennis"},"share_on_mastodon":{"url":"https:\/\/pubeurope.com\/@fr\/115499957151748424","error":""},"_links":{"self":[{"href":"https:\/\/www.europesays.com\/fr\/wp-json\/wp\/v2\/posts\/514727","targetHints":{"allow":["GET"]}}],"collection":[{"href":"https:\/\/www.europesays.com\/fr\/wp-json\/wp\/v2\/posts"}],"about":[{"href":"https:\/\/www.europesays.com\/fr\/wp-json\/wp\/v2\/types\/post"}],"author":[{"embeddable":true,"href":"https:\/\/www.europesays.com\/fr\/wp-json\/wp\/v2\/users\/2"}],"replies":[{"embeddable":true,"href":"https:\/\/www.europesays.com\/fr\/wp-json\/wp\/v2\/comments?post=514727"}],"version-history":[{"count":0,"href":"https:\/\/www.europesays.com\/fr\/wp-json\/wp\/v2\/posts\/514727\/revisions"}],"wp:featuredmedia":[{"embeddable":true,"href":"https:\/\/www.europesays.com\/fr\/wp-json\/wp\/v2\/media\/514728"}],"wp:attachment":[{"href":"https:\/\/www.europesays.com\/fr\/wp-json\/wp\/v2\/media?parent=514727"}],"wp:term":[{"taxonomy":"category","embeddable":true,"href":"https:\/\/www.europesays.com\/fr\/wp-json\/wp\/v2\/categories?post=514727"},{"taxonomy":"post_tag","embeddable":true,"href":"https:\/\/www.europesays.com\/fr\/wp-json\/wp\/v2\/tags?post=514727"}],"curies":[{"name":"wp","href":"https:\/\/api.w.org\/{rel}","templated":true}]}}