{"id":514777,"date":"2025-11-06T01:22:15","date_gmt":"2025-11-06T01:22:15","guid":{"rendered":"https:\/\/www.europesays.com\/fr\/514777\/"},"modified":"2025-11-06T01:22:15","modified_gmt":"2025-11-06T01:22:15","slug":"pour-la-premiere-fois-une-zone-de-repit-sera-installee-en-hypercentre","status":"publish","type":"post","link":"https:\/\/www.europesays.com\/fr\/514777\/","title":{"rendered":"pour la premi\u00e8re fois, une \u00ab\u00a0zone de r\u00e9pit\u00a0\u00bb sera install\u00e9e\u00a0en\u00a0hypercentre"},"content":{"rendered":"<p>            Par<br \/>\n        <strong><br \/>\n            <a href=\"https:\/\/actu.fr\/auteur\/thomas-blanc\" title=\"Consulter tous les articles de Thomas Blanc\" target=\"_blank\" rel=\"noopener\">Thomas Blanc<\/a><br \/>\n        <\/strong><\/p>\n<p>        Publi\u00e9 le<\/p>\n<p>            5 nov. 2025 \u00e0 18h57        <\/p>\n<p>Lors du <a href=\"https:\/\/actu.fr\/tag\/marche-de-noel-de-strasbourg\" target=\"_blank\" rel=\"noopener\">march\u00e9 de No\u00ebl de Strasbourg<\/a> \u00e9dition 2025, dont le grand lancement sera c\u00e9l\u00e9br\u00e9 le <strong>26 novembre prochain \u00e0 14h<\/strong>, une nouvelle salle sera disponible au sein de L\u2019Aubette sur la place Kl\u00e9ber. Entre les salons o\u00f9 se tiendront comme chaque ann\u00e9e des <strong>brocantes et des march\u00e9s d\u2019artisans<\/strong>, les visiteurs pourront prendre le temps de <strong>d\u00e9couvrir une \u00ab\u2009zone de r\u00e9pit\u2009\u00bb<\/strong>.<\/p>\n<p>Une \u00ab\u2009zone de r\u00e9pit\u2009\u00bb pour se mettre \u00e0 l\u2019abri du bruit mais qui aura d\u2019autres utilit\u00e9s<\/p>\n<p class=\" wall-content\">Le r\u00f4le de cette \u00ab\u2009zone de r\u00e9pit\u2009\u00bb n\u2019est pas encore clairement d\u00e9fini, \u00ab\u2009c\u2019est encore en cours de r\u00e9flexion, on regarde ce que l\u2019on peut mettre dedans, mais c\u2019est bel et bien <strong>le grand test de cette ann\u00e9e<\/strong>\u2009\u00bb, explique Guillaume Libsig, adjoint \u00e0 la maire de <a href=\"https:\/\/actu.fr\/strasbourg\/\" target=\"_blank\" rel=\"noopener\">Strasbourg<\/a> en charge entre autres de la coordination du march\u00e9 de <a href=\"https:\/\/actu.fr\/tag\/noel\" target=\"_blank\" rel=\"noopener\">No\u00ebl<\/a>.<\/p>\n<p class=\" wall-content\">Ce qui est s\u00fbr, c\u2019est qu\u2019elle permettra aux personnes qui le d\u00e9sirent de se mettre <strong>\u00e0 l\u2019abri du bruit<\/strong> autant de temps qu\u2019elles le d\u00e9sirent. La municipalit\u00e9 pr\u00e9voit d\u2019y mettre \u00ab\u2009une zone de repos, des \u00e9quipements de silence [casques anti-bruit, bouchons d\u2019oreilles\u2026, NDLR] et si possible un espace parents-nourrisson et <strong>une cabine d\u2019allaitement<\/strong>\u2009\u00bb.<\/p>\n<p>Une inspiration de la \u00ab\u2009safe zone\u2009\u00bb du march\u00e9 OFF<\/p>\n<p class=\" wall-content\">D\u2019autres \u00e9l\u00e9ments peuvent donc encore \u00eatre rajout\u00e9s dans ces derni\u00e8res semaines avant le lancement du march\u00e9 afin de satisfaire<strong> les personnes \u00e2g\u00e9es, les personnes sensibles aux bruits, les familles<\/strong> et d\u2019autres publics pas encore identifi\u00e9s.<\/p>\n<p class=\" wall-content\">Un espace similaire existe d\u00e9j\u00e0 depuis deux ans au sein du march\u00e9 OFF, place Grimmeissen. Ils appellent cela \u00ab\u2009une zone de repos\u2009\u00bb ou la \u00ab<strong>\u2009safe zone<\/strong>\u2009\u00bb. Son but est d\u2019offrir \u00ab<strong>\u2009un espace calme et inclusif<\/strong> aux personnes en situation de handicap en qu\u00eate de qui\u00e9tude et de tranquillit\u00e9\u2009\u00bb.<\/p>\n<p class=\" wall-content\">Guillaume Libsig ne cache pas s\u2019en \u00eatre largement inspir\u00e9 et envisage, si le test s\u2019av\u00e8re concluant, d\u2019<strong>en d\u00e9ployer une douzaine sur tout le march\u00e9 de No\u00ebl<\/strong> dans les prochaines ann\u00e9es.<\/p>\n<p class=\" wall-content\">Personnalisez votre actualit\u00e9 en ajoutant vos villes et m\u00e9dias en favori avec <a href=\"https:\/\/moncompte.actu.fr\" title=\"D\u00e9couvez Mon Actu\" rel=\"nofollow noopener\" data-trk=\"{&quot;cta&quot;:{&quot;action&quot;:&quot;https:\\\/\\\/moncompte.actu.fr&quot;,&quot;category&quot;:&quot;mon compte&quot;,&quot;from&quot;:&quot;article footer&quot;,&quot;name&quot;:&quot;Mon actu&quot;,&quot;type&quot;:&quot;cta&quot;}}\" target=\"_blank\">Mon Actu<\/a>.<\/p>\n","protected":false},"excerpt":{"rendered":"Par Thomas Blanc Publi\u00e9 le 5 nov. 2025 \u00e0 18h57 Lors du march\u00e9 de No\u00ebl de Strasbourg \u00e9dition&hellip;\n","protected":false},"author":2,"featured_media":514778,"comment_status":"","ping_status":"","sticky":false,"template":"","format":"standard","meta":{"footnotes":""},"categories":[2820],"tags":[1111,11,1777,674,1011,27,775,1652,56596,12,15830,25,640],"class_list":{"0":"post-514777","1":"post","2":"type-post","3":"status-publish","4":"format-standard","5":"has-post-thumbnail","7":"category-strasbourg","8":"tag-actu","9":"tag-actualites","10":"tag-eu","11":"tag-europe","12":"tag-fr","13":"tag-france","14":"tag-grand-est","15":"tag-loisirs-culture","16":"tag-marche-de-noel-de-strasbourg","17":"tag-news","18":"tag-noel","19":"tag-republique-francaise","20":"tag-strasbourg"},"share_on_mastodon":{"url":"https:\/\/pubeurope.com\/@fr\/115500138123448129","error":""},"_links":{"self":[{"href":"https:\/\/www.europesays.com\/fr\/wp-json\/wp\/v2\/posts\/514777","targetHints":{"allow":["GET"]}}],"collection":[{"href":"https:\/\/www.europesays.com\/fr\/wp-json\/wp\/v2\/posts"}],"about":[{"href":"https:\/\/www.europesays.com\/fr\/wp-json\/wp\/v2\/types\/post"}],"author":[{"embeddable":true,"href":"https:\/\/www.europesays.com\/fr\/wp-json\/wp\/v2\/users\/2"}],"replies":[{"embeddable":true,"href":"https:\/\/www.europesays.com\/fr\/wp-json\/wp\/v2\/comments?post=514777"}],"version-history":[{"count":0,"href":"https:\/\/www.europesays.com\/fr\/wp-json\/wp\/v2\/posts\/514777\/revisions"}],"wp:featuredmedia":[{"embeddable":true,"href":"https:\/\/www.europesays.com\/fr\/wp-json\/wp\/v2\/media\/514778"}],"wp:attachment":[{"href":"https:\/\/www.europesays.com\/fr\/wp-json\/wp\/v2\/media?parent=514777"}],"wp:term":[{"taxonomy":"category","embeddable":true,"href":"https:\/\/www.europesays.com\/fr\/wp-json\/wp\/v2\/categories?post=514777"},{"taxonomy":"post_tag","embeddable":true,"href":"https:\/\/www.europesays.com\/fr\/wp-json\/wp\/v2\/tags?post=514777"}],"curies":[{"name":"wp","href":"https:\/\/api.w.org\/{rel}","templated":true}]}}