{"id":514781,"date":"2025-11-06T01:24:16","date_gmt":"2025-11-06T01:24:16","guid":{"rendered":"https:\/\/www.europesays.com\/fr\/514781\/"},"modified":"2025-11-06T01:24:16","modified_gmt":"2025-11-06T01:24:16","slug":"nice-un-hopital-sans-tabac-2","status":"publish","type":"post","link":"https:\/\/www.europesays.com\/fr\/514781\/","title":{"rendered":"Nice. Un h\u00f4pital sans tabac\u2026"},"content":{"rendered":"<p><img decoding=\"async\" alt=\"\" src=\"https:\/\/www.europesays.com\/fr\/wp-content\/uploads\/2025\/11\/8550-lenval-2011.jpg\" title=\"\"\/><br \/>&#8211; photo (c) PCA &#8211;<\/p>\n<p>Le Centre Antoine Lacassagne devient le premier \u00e9tablissement hospitalier dans les Alpes-Maritimes \u00e0 signer la charte \u00ab\u00a0Lieu de Sant\u00e9 Sans Tabac\u00a0\u00bb, marquant son engagement pour un \u00e9tablissement sans tabac et sans vapotage en int\u00e9rieur et en ext\u00e9rieur. Cet acte symbolique marque l&rsquo;aboutissement d&rsquo;un objectif collectif port\u00e9 par l\u2019ensemble des \u00e9quipes du Centre, en partenariat avec le R\u00e9seau de Pr\u00e9vention des Addictions, l\u2019Agence r\u00e9gionale de sant\u00e9 Paca et l\u2019Association R\u00e9gionale de Coordination en Addictologie de la r\u00e9gion Sud.\u00a0<\/p>\n<p>Tous se r\u00e9uniront pour affirmer une ambition commune\u00a0: faire du Centre Antoine Lacassagne un lieu de soins plus sain, prot\u00e9ger les patients, les usagers et les professionnels, accompagner les fumeurs vers le sevrage et incarner l\u2019exemplarit\u00e9 en mati\u00e8re de pr\u00e9vention et de promotion de la sant\u00e9. Premier facteur de risque de cancer, le tabac est responsable de pr\u00e8s de 45 000 d\u00e9c\u00e8s par cancer chaque ann\u00e9e en France, soit un tiers des d\u00e9c\u00e8s \u00e9vitables li\u00e9s \u00e0 la maladie.<\/p>\n<p>En tant que Centre de Lutte contre le Cancer, le Centre Antoine Lacassagne s\u2019engage pleinement \u00e0 agir contre ce risque en int\u00e9grant la pr\u00e9vention et la promotion de la sant\u00e9 au c\u0153ur de sa mission de soins. Ainsi, depuis d\u00e9but octobre, l\u2019ensemble des espaces int\u00e9rieurs et ext\u00e9rieurs, y compris les parkings, sont d\u00e9sormais non-fumeurs et sans vapotage, faisant du site un environnement de soins 100\u00a0% sans tabac. Cette mesure s\u2019inscrit dans une d\u00e9marche globale et coh\u00e9rente de pr\u00e9vention et de promotion de la sant\u00e9, visant \u00e0 prot\u00e9ger patients, professionnels, usagers et visiteurs tout en favorisant un cadre de soins exemplaire.<\/p>\n<p>\u00ab\u00a0En tant qu\u2019\u00e9tablissement de r\u00e9f\u00e9rence en canc\u00e9rologie, nous avons le devoir d\u2019incarner les valeurs de pr\u00e9vention et d\u2019exemplarit\u00e9. Ce label renforce notre engagement collectif \u00e0 prot\u00e9ger les plus fragiles et \u00e0 promouvoir la sant\u00e9 pour tous.\u00bb\u00a0d\u00e9clarait Pr Emmanuel Barranger, DG du Centre.<\/p>\n<ul>\n<li>Cette initiative s\u2019inscrit dans le Plan National de Lutte contre le Tabac 2023-2027 et dans le Projet R\u00e9gional de Sant\u00e9 de l\u2019Ars et est coordonn\u00e9e par le Respadd, qui f\u00e9d\u00e8re aujourd\u2019hui plus de 1000 \u00e9tablissements de sant\u00e9 engag\u00e9s dans cette d\u00e9marche.<\/li>\n<\/ul>\n<p><img decoding=\"async\" alt=\"\" src=\"https:\/\/www.europesays.com\/fr\/wp-content\/uploads\/2025\/11\/8550-lacassagne-tabac.png\" title=\"\"\/><\/p>\n","protected":false},"excerpt":{"rendered":"&#8211; photo (c) PCA &#8211; Le Centre Antoine Lacassagne devient le premier \u00e9tablissement hospitalier dans les Alpes-Maritimes \u00e0&hellip;\n","protected":false},"author":2,"featured_media":507831,"comment_status":"","ping_status":"","sticky":false,"template":"","format":"standard","meta":{"footnotes":""},"categories":[2819],"tags":[1111,47,11,1777,674,1011,27,1110,1031,12,2401,882,25],"class_list":{"0":"post-514781","1":"post","2":"type-post","3":"status-publish","4":"format-standard","5":"has-post-thumbnail","7":"category-nice","8":"tag-actu","9":"tag-actualite","10":"tag-actualites","11":"tag-eu","12":"tag-europe","13":"tag-fr","14":"tag-france","15":"tag-informations","16":"tag-magazine","17":"tag-news","18":"tag-nice","19":"tag-provence-alpes-cote-dazur","20":"tag-republique-francaise"},"share_on_mastodon":{"url":"https:\/\/pubeurope.com\/@fr\/115500146616743484","error":""},"_links":{"self":[{"href":"https:\/\/www.europesays.com\/fr\/wp-json\/wp\/v2\/posts\/514781","targetHints":{"allow":["GET"]}}],"collection":[{"href":"https:\/\/www.europesays.com\/fr\/wp-json\/wp\/v2\/posts"}],"about":[{"href":"https:\/\/www.europesays.com\/fr\/wp-json\/wp\/v2\/types\/post"}],"author":[{"embeddable":true,"href":"https:\/\/www.europesays.com\/fr\/wp-json\/wp\/v2\/users\/2"}],"replies":[{"embeddable":true,"href":"https:\/\/www.europesays.com\/fr\/wp-json\/wp\/v2\/comments?post=514781"}],"version-history":[{"count":0,"href":"https:\/\/www.europesays.com\/fr\/wp-json\/wp\/v2\/posts\/514781\/revisions"}],"wp:featuredmedia":[{"embeddable":true,"href":"https:\/\/www.europesays.com\/fr\/wp-json\/wp\/v2\/media\/507831"}],"wp:attachment":[{"href":"https:\/\/www.europesays.com\/fr\/wp-json\/wp\/v2\/media?parent=514781"}],"wp:term":[{"taxonomy":"category","embeddable":true,"href":"https:\/\/www.europesays.com\/fr\/wp-json\/wp\/v2\/categories?post=514781"},{"taxonomy":"post_tag","embeddable":true,"href":"https:\/\/www.europesays.com\/fr\/wp-json\/wp\/v2\/tags?post=514781"}],"curies":[{"name":"wp","href":"https:\/\/api.w.org\/{rel}","templated":true}]}}