{"id":514784,"date":"2025-11-06T01:26:21","date_gmt":"2025-11-06T01:26:21","guid":{"rendered":"https:\/\/www.europesays.com\/fr\/514784\/"},"modified":"2025-11-06T01:26:21","modified_gmt":"2025-11-06T01:26:21","slug":"zaho-de-sagazan-remet-quelques-places-en-vente-pour-ses-concerts-symphoniques-a-nantes-2","status":"publish","type":"post","link":"https:\/\/www.europesays.com\/fr\/514784\/","title":{"rendered":"Zaho de\u00a0Sagazan remet quelques places en vente pour ses concerts symphoniques \u00e0 Nantes"},"content":{"rendered":"<p>Les stories de Zaho de\u00a0Sagazan ont tendance \u00e0 illuminer les visages de ses fans mais la derni\u00e8re, post\u00e9e le mercredi 5\u00a0novembre devrait ravir encore plus ses followers de Loire-Atlantique. La chanteuse annonce avoir <strong>\u00ab\u00a0remis quelques places pour les concerts symphoniques \u00e0 Nantes\u00a0\u00bb.<\/strong><\/p>\n<p><strong>Lire aussi\u00a0:<\/strong> <a href=\"https:\/\/nantes.maville.com\/actu\/actudet_-deux-places-a-gagner-pour-zaho-de-sagazan-au-zenith-de-nantes-vendredi-14-novembre-_8-7049734_actu.Htm\" target=\"_self\" rel=\"noopener\">Deux places \u00e0 gagner pour Zaho de Sagazan au Z\u00e9nith de Nantes, vendredi 14\u00a0novembre<\/a><\/p>\n<p>\u00c0 15\u00a0h, des places \u00e9taient encore r\u00e9servables <a href=\"https:\/\/www.fnacspectacles.com\/artist\/zaho-de-sagazan\/zaho-de-sagazan-symphonique-orchestre-national-des-pays-de-la-loire-3963716\/\" target=\"_self\" rel=\"noopener\">sur le site de la Fnac,<\/a> pour les concerts des jeudi\u00a013 et vendredi 14\u00a0novembre au Z\u00e9nith de Nantes. La chanteuse sera accompagn\u00e9e de l\u2019Orchestre national des Pays de la Loire.<\/p>\n<p>\u00a0<\/p>\n","protected":false},"excerpt":{"rendered":"Les stories de Zaho de\u00a0Sagazan ont tendance \u00e0 illuminer les visages de ses fans mais la derni\u00e8re, post\u00e9e&hellip;\n","protected":false},"author":2,"featured_media":514075,"comment_status":"","ping_status":"","sticky":false,"template":"","format":"standard","meta":{"footnotes":""},"categories":[2818],"tags":[1111,11,4156,1777,674,1011,27,766,12,2636,18433,5970,25,51177,63479,4100,51176],"class_list":{"0":"post-514784","1":"post","2":"type-post","3":"status-publish","4":"format-standard","5":"has-post-thumbnail","7":"category-nantes","8":"tag-actu","9":"tag-actualites","10":"tag-concerts","11":"tag-eu","12":"tag-europe","13":"tag-fr","14":"tag-france","15":"tag-nantes","16":"tag-news","17":"tag-pays-de-la-loire","18":"tag-places","19":"tag-remet","20":"tag-republique-francaise","21":"tag-sagazan","22":"tag-symphoniques","23":"tag-vente","24":"tag-zaho"},"share_on_mastodon":{"url":"https:\/\/pubeurope.com\/@fr\/115500153871458252","error":""},"_links":{"self":[{"href":"https:\/\/www.europesays.com\/fr\/wp-json\/wp\/v2\/posts\/514784","targetHints":{"allow":["GET"]}}],"collection":[{"href":"https:\/\/www.europesays.com\/fr\/wp-json\/wp\/v2\/posts"}],"about":[{"href":"https:\/\/www.europesays.com\/fr\/wp-json\/wp\/v2\/types\/post"}],"author":[{"embeddable":true,"href":"https:\/\/www.europesays.com\/fr\/wp-json\/wp\/v2\/users\/2"}],"replies":[{"embeddable":true,"href":"https:\/\/www.europesays.com\/fr\/wp-json\/wp\/v2\/comments?post=514784"}],"version-history":[{"count":0,"href":"https:\/\/www.europesays.com\/fr\/wp-json\/wp\/v2\/posts\/514784\/revisions"}],"wp:featuredmedia":[{"embeddable":true,"href":"https:\/\/www.europesays.com\/fr\/wp-json\/wp\/v2\/media\/514075"}],"wp:attachment":[{"href":"https:\/\/www.europesays.com\/fr\/wp-json\/wp\/v2\/media?parent=514784"}],"wp:term":[{"taxonomy":"category","embeddable":true,"href":"https:\/\/www.europesays.com\/fr\/wp-json\/wp\/v2\/categories?post=514784"},{"taxonomy":"post_tag","embeddable":true,"href":"https:\/\/www.europesays.com\/fr\/wp-json\/wp\/v2\/tags?post=514784"}],"curies":[{"name":"wp","href":"https:\/\/api.w.org\/{rel}","templated":true}]}}