{"id":514803,"date":"2025-11-06T01:36:11","date_gmt":"2025-11-06T01:36:11","guid":{"rendered":"https:\/\/www.europesays.com\/fr\/514803\/"},"modified":"2025-11-06T01:36:11","modified_gmt":"2025-11-06T01:36:11","slug":"gerald-darmanin-attendu-a-lyon-pour-un-deplacement-de-deux-jours-consacre-a-la-justice","status":"publish","type":"post","link":"https:\/\/www.europesays.com\/fr\/514803\/","title":{"rendered":"G\u00e9rald Darmanin attendu \u00e0 Lyon pour un d\u00e9placement de deux jours consacr\u00e9 \u00e0 la justice"},"content":{"rendered":"<p itemprop=\"description\"><strong>Le garde des Sceaux G\u00e9rald Darmanin sera en d\u00e9placement dans le Rh\u00f4ne jeudi et vendredi.<\/strong><\/p>\n<p>Cette visite doit s&rsquo;articuler autour d&rsquo;une s\u00e9rie de rencontres et de visites institutionnelles autour des acteurs de la justice lyonnaise.<\/p>\n<p>Le ministre de la Justice d\u00e9butera sa visite jeudi matin au tribunal judiciaire de Lyon, o\u00f9 il assistera \u00e0 l\u2019inauguration du Service d\u2019accueil unique du justiciable (SAUJ). Ce guichet unique, destin\u00e9 \u00e0 simplifier les d\u00e9marches des citoyens et \u00e0 mieux orienter les justiciables, s\u2019inscrit dans la politique de modernisation de l\u2019acc\u00e8s au droit engag\u00e9e par le minist\u00e8re.<\/p>\n<p>G\u00e9rald Darmanin visitera \u00e9galement l\u2019espace victime, avant un temps d\u2019\u00e9changes avec les autorit\u00e9s judiciaires locales.<\/p>\n<p>Dans l\u2019apr\u00e8s-midi, le garde des Sceaux se rendra \u00e0 la cour d\u2019appel de Lyon dans le 5e arrondissement pour \u00e9changer avec les magistrats et les agents des deux juridictions.<\/p>\n<p>Le lendemain, vendredi, G\u00e9rald Darmanin poursuivra son d\u00e9placement par une r\u00e9union au si\u00e8ge de l\u2019Ordre des avocats du barreau de Lyon, avant de rencontrer la Chambre interd\u00e9partementale des notaires du Rh\u00f4ne. Ces deux s\u00e9quences, organis\u00e9es \u00e0 huis clos, seront consacr\u00e9es aux \u00e9changes avec les repr\u00e9sentants des professions du droit sur les enjeux d\u2019organisation judiciaire et de r\u00e9forme des m\u00e9tiers juridiques.<\/p>\n","protected":false},"excerpt":{"rendered":"Le garde des Sceaux G\u00e9rald Darmanin sera en d\u00e9placement dans le Rh\u00f4ne jeudi et vendredi. Cette visite doit&hellip;\n","protected":false},"author":2,"featured_media":514804,"comment_status":"","ping_status":"","sticky":false,"template":"","format":"standard","meta":{"footnotes":""},"categories":[1889],"tags":[1111,11,2813,2190,2430,1109,251,1112,2811,1777,674,118,1011,27,1922,1110,1114,2428,2810,12,241,316,25,2812,517,800],"class_list":{"0":"post-514803","1":"post","2":"type-post","3":"status-publish","4":"format-standard","5":"has-post-thumbnail","7":"category-lyon","8":"tag-actu","9":"tag-actualites","10":"tag-article","11":"tag-asvel","12":"tag-auvergne-rhone-alpes","13":"tag-breves","14":"tag-culture","15":"tag-depeches","16":"tag-economique","17":"tag-eu","18":"tag-europe","19":"tag-faits-divers","20":"tag-fr","21":"tag-france","22":"tag-info","23":"tag-informations","24":"tag-infos","25":"tag-lyon","26":"tag-lyonmag","27":"tag-news","28":"tag-ol","29":"tag-politique","30":"tag-republique-francaise","31":"tag-sociale","32":"tag-sport","33":"tag-transports"},"share_on_mastodon":{"url":"https:\/\/pubeurope.com\/@fr\/115500193204022098","error":""},"_links":{"self":[{"href":"https:\/\/www.europesays.com\/fr\/wp-json\/wp\/v2\/posts\/514803","targetHints":{"allow":["GET"]}}],"collection":[{"href":"https:\/\/www.europesays.com\/fr\/wp-json\/wp\/v2\/posts"}],"about":[{"href":"https:\/\/www.europesays.com\/fr\/wp-json\/wp\/v2\/types\/post"}],"author":[{"embeddable":true,"href":"https:\/\/www.europesays.com\/fr\/wp-json\/wp\/v2\/users\/2"}],"replies":[{"embeddable":true,"href":"https:\/\/www.europesays.com\/fr\/wp-json\/wp\/v2\/comments?post=514803"}],"version-history":[{"count":0,"href":"https:\/\/www.europesays.com\/fr\/wp-json\/wp\/v2\/posts\/514803\/revisions"}],"wp:featuredmedia":[{"embeddable":true,"href":"https:\/\/www.europesays.com\/fr\/wp-json\/wp\/v2\/media\/514804"}],"wp:attachment":[{"href":"https:\/\/www.europesays.com\/fr\/wp-json\/wp\/v2\/media?parent=514803"}],"wp:term":[{"taxonomy":"category","embeddable":true,"href":"https:\/\/www.europesays.com\/fr\/wp-json\/wp\/v2\/categories?post=514803"},{"taxonomy":"post_tag","embeddable":true,"href":"https:\/\/www.europesays.com\/fr\/wp-json\/wp\/v2\/tags?post=514803"}],"curies":[{"name":"wp","href":"https:\/\/api.w.org\/{rel}","templated":true}]}}