{"id":514807,"date":"2025-11-06T01:39:27","date_gmt":"2025-11-06T01:39:27","guid":{"rendered":"https:\/\/www.europesays.com\/fr\/514807\/"},"modified":"2025-11-06T01:39:27","modified_gmt":"2025-11-06T01:39:27","slug":"ile-de-france-lars-rappelle-les-gestes-simples-pour-eviter-la-bronchiolite","status":"publish","type":"post","link":"https:\/\/www.europesays.com\/fr\/514807\/","title":{"rendered":"\u00cele-de-France\u00a0: l&rsquo;ARS rappelle les gestes simples pour \u00e9viter la bronchiolite"},"content":{"rendered":"\n<p lang=\"fr-FR\" style=\"margin-bottom: 0cm; font-style: normal; font-weight: normal;\">La bronchiolite, caus\u00e9e par le virus respiratoire syncytial (VRS), circule actuellement en \u00cele-de-France. Elle touche chaque ann\u00e9e pr\u00e8s de 30 % des enfants de moins de deux ans, rappelle l&rsquo;agence r\u00e9gionale de sant\u00e9. Pour limiter sa propagation, les autorit\u00e9s sanitaires soulignent l\u2019importance de gestes simples : porter un masque en cas de rhume ou de fi\u00e8vre, se laver r\u00e9guli\u00e8rement les mains, a\u00e9rer son logement, mais aussi \u00e9viter les contacts rapproch\u00e9s avec les personnes malades. Il est d\u00e9conseill\u00e9 de partager les biberons, t\u00e9tines ou couverts non lav\u00e9s.<\/p>\n<p lang=\"fr-FR\" style=\"margin-bottom: 0cm; font-style: normal; font-weight: normal;\">Nicolas Chacun<\/p>\n<p>!function(f,b,e,v,n,t,s){if(f.fbq)return;n=f.fbq=function(){n.callMethod?<br \/>\nn.callMethod.apply(n,arguments):n.queue.push(arguments)};if(!f._fbq)f._fbq=n;<br \/>\nn.push=n;n.loaded=!0;n.version=&rsquo;2.0&prime;;n.queue=[];t=b.createElement(e);t.async=!0;<br \/>\nt.src=v;s=b.getElementsByTagName(e)[0];s.parentNode.insertBefore(t,s)}(window,<br \/>\ndocument,&rsquo;script&rsquo;,&rsquo;https:\/\/connect.facebook.net\/en_US\/fbevents.js&rsquo;);<br \/>\nfbq(&lsquo;init&rsquo;, &lsquo;278974969201861&rsquo;); \/\/ Insert your pixel ID here.<br \/>\nfbq(&lsquo;track&rsquo;, &lsquo;PageView&rsquo;);<\/p>\n","protected":false},"excerpt":{"rendered":"La bronchiolite, caus\u00e9e par le virus respiratoire syncytial (VRS), circule actuellement en \u00cele-de-France. Elle touche chaque ann\u00e9e pr\u00e8s&hellip;\n","protected":false},"author":2,"featured_media":514808,"comment_status":"","ping_status":"","sticky":false,"template":"","format":"standard","meta":{"footnotes":""},"categories":[1592],"tags":[1111,11,1933,1936,1777,1939,674,1011,27,662,1934,12,1940,626,1935,25,1937,1941,1938],"class_list":{"0":"post-514807","1":"post","2":"type-post","3":"status-publish","4":"format-standard","5":"has-post-thumbnail","7":"category-ile-de-france","8":"tag-actu","9":"tag-actualites","10":"tag-actualites-locales","11":"tag-essonne","12":"tag-eu","13":"tag-eure-et-loir","14":"tag-europe","15":"tag-fr","16":"tag-france","17":"tag-ile-de-france","18":"tag-infos-locales","19":"tag-news","20":"tag-oise","21":"tag-paris","22":"tag-pres-de-chez-vous","23":"tag-republique-francaise","24":"tag-seine-et-marne","25":"tag-somme","26":"tag-yvelines"},"share_on_mastodon":{"url":"https:\/\/pubeurope.com\/@fr\/115500204957066077","error":""},"_links":{"self":[{"href":"https:\/\/www.europesays.com\/fr\/wp-json\/wp\/v2\/posts\/514807","targetHints":{"allow":["GET"]}}],"collection":[{"href":"https:\/\/www.europesays.com\/fr\/wp-json\/wp\/v2\/posts"}],"about":[{"href":"https:\/\/www.europesays.com\/fr\/wp-json\/wp\/v2\/types\/post"}],"author":[{"embeddable":true,"href":"https:\/\/www.europesays.com\/fr\/wp-json\/wp\/v2\/users\/2"}],"replies":[{"embeddable":true,"href":"https:\/\/www.europesays.com\/fr\/wp-json\/wp\/v2\/comments?post=514807"}],"version-history":[{"count":0,"href":"https:\/\/www.europesays.com\/fr\/wp-json\/wp\/v2\/posts\/514807\/revisions"}],"wp:featuredmedia":[{"embeddable":true,"href":"https:\/\/www.europesays.com\/fr\/wp-json\/wp\/v2\/media\/514808"}],"wp:attachment":[{"href":"https:\/\/www.europesays.com\/fr\/wp-json\/wp\/v2\/media?parent=514807"}],"wp:term":[{"taxonomy":"category","embeddable":true,"href":"https:\/\/www.europesays.com\/fr\/wp-json\/wp\/v2\/categories?post=514807"},{"taxonomy":"post_tag","embeddable":true,"href":"https:\/\/www.europesays.com\/fr\/wp-json\/wp\/v2\/tags?post=514807"}],"curies":[{"name":"wp","href":"https:\/\/api.w.org\/{rel}","templated":true}]}}