{"id":514817,"date":"2025-11-06T01:44:13","date_gmt":"2025-11-06T01:44:13","guid":{"rendered":"https:\/\/www.europesays.com\/fr\/514817\/"},"modified":"2025-11-06T01:44:13","modified_gmt":"2025-11-06T01:44:13","slug":"angelina-jolie-a-kherson-ville-occupee-plusieurs-mois-par-la-russie","status":"publish","type":"post","link":"https:\/\/www.europesays.com\/fr\/514817\/","title":{"rendered":"Angelina Jolie \u00e0 Kherson, ville occup\u00e9e plusieurs mois par la Russie"},"content":{"rendered":"<p><a href=\"https:\/\/www.20minutes.fr\/people\/angelina_jolie\/\" target=\"_blank\" class=\"c-link c-link--is-underlined\" rel=\"nofollow noopener\">Angelina Jolie<\/a> a tenu mercredi \u00e0 afficher une nouvelle fois son soutien aux victimes civiles de <a href=\"https:\/\/www.20minutes.fr\/monde\/ukraine\/4183844-20251105-guerre-ukraine-poutine-riposte-trump-menace-relancer-propres-essais-armes-nucleaires\" target=\"_blank\" class=\"c-link c-link--is-underlined\" rel=\"nofollow noopener\">la guerre lanc\u00e9e par Moscou contre Kiev<\/a>. L\u2019ancienne \u00e9missaire de l\u2019ONU pour les r\u00e9fugi\u00e9s, entre\u00a02012 et\u00a02022, a pour cela effectu\u00e9 une visite surprise \u00e0 Kherson, dans le sud de l\u2019<a href=\"https:\/\/www.20minutes.fr\/monde\/ukraine\/\" target=\"_blank\" class=\"c-link c-link--is-underlined\" rel=\"nofollow noopener\">Ukraine<\/a>.<\/p>\n<p>L\u2019actrice hollywoodienne a visit\u00e9 des \u00e9tablissements m\u00e9dicaux, dont une maternit\u00e9 et un h\u00f4pital pour enfants dans cette ville occup\u00e9e par la Russie pendant plusieurs mois en\u00a02022, selon des m\u00e9dias locaux et nationaux ukrainiens.<\/p>\n<p>Gilet pare-balles et insignes ukrainiens<\/p>\n<p>Un responsable local, Vitali\u00ef Bogdanov, a publi\u00e9 sur Facebook une photo montrant Angelina Jolie en gilet pare-balles avec des insignes ukrainiens.<\/p>\n<\/p>\n<p>L\u2019actrice et le gouvernement ukrainien n\u2019ont pas communiqu\u00e9 sur cette visite.<\/p>\n<p><a href=\"https:\/\/www.20minutes.fr\/monde\/ukraine\/\" target=\"_blank\" class=\"c-link c-btn c-btn--primary\" rel=\"nofollow noopener\">Notre dossier sur la Guerre en Ukraine<\/a><\/p>\n<p>La star avait d\u00e9j\u00e0 visit\u00e9 l\u2019Ukraine quelques mois apr\u00e8s le d\u00e9but de l\u2019invasion russe et rencontr\u00e9 des d\u00e9plac\u00e9s \u00e0 Lviv, dans l\u2019Ouest.<\/p>\n","protected":false},"excerpt":{"rendered":"Angelina Jolie a tenu mercredi \u00e0 afficher une nouvelle fois son soutien aux victimes civiles de la guerre&hellip;\n","protected":false},"author":2,"featured_media":514818,"comment_status":"","ping_status":"","sticky":false,"template":"","format":"standard","meta":{"footnotes":""},"categories":[1591],"tags":[47,11,15216,1887,131,74,12,1885,1886,132,133,135,134],"class_list":{"0":"post-514817","1":"post","2":"type-post","3":"status-publish","4":"format-standard","5":"has-post-thumbnail","7":"category-russie","8":"tag-actualite","9":"tag-actualites","10":"tag-angelina-jolie","11":"tag-federation-de-russie","12":"tag-guerre-en-ukraine","13":"tag-monde","14":"tag-news","15":"tag-russia","16":"tag-russian-federation","17":"tag-russie","18":"tag-video","19":"tag-vladimir-poutine","20":"tag-volodymyr-zelensky"},"share_on_mastodon":{"url":"https:\/\/pubeurope.com\/@fr\/115500224769785210","error":""},"_links":{"self":[{"href":"https:\/\/www.europesays.com\/fr\/wp-json\/wp\/v2\/posts\/514817","targetHints":{"allow":["GET"]}}],"collection":[{"href":"https:\/\/www.europesays.com\/fr\/wp-json\/wp\/v2\/posts"}],"about":[{"href":"https:\/\/www.europesays.com\/fr\/wp-json\/wp\/v2\/types\/post"}],"author":[{"embeddable":true,"href":"https:\/\/www.europesays.com\/fr\/wp-json\/wp\/v2\/users\/2"}],"replies":[{"embeddable":true,"href":"https:\/\/www.europesays.com\/fr\/wp-json\/wp\/v2\/comments?post=514817"}],"version-history":[{"count":0,"href":"https:\/\/www.europesays.com\/fr\/wp-json\/wp\/v2\/posts\/514817\/revisions"}],"wp:featuredmedia":[{"embeddable":true,"href":"https:\/\/www.europesays.com\/fr\/wp-json\/wp\/v2\/media\/514818"}],"wp:attachment":[{"href":"https:\/\/www.europesays.com\/fr\/wp-json\/wp\/v2\/media?parent=514817"}],"wp:term":[{"taxonomy":"category","embeddable":true,"href":"https:\/\/www.europesays.com\/fr\/wp-json\/wp\/v2\/categories?post=514817"},{"taxonomy":"post_tag","embeddable":true,"href":"https:\/\/www.europesays.com\/fr\/wp-json\/wp\/v2\/tags?post=514817"}],"curies":[{"name":"wp","href":"https:\/\/api.w.org\/{rel}","templated":true}]}}