{"id":514821,"date":"2025-11-06T01:47:25","date_gmt":"2025-11-06T01:47:25","guid":{"rendered":"https:\/\/www.europesays.com\/fr\/514821\/"},"modified":"2025-11-06T01:47:25","modified_gmt":"2025-11-06T01:47:25","slug":"des-taxes-imposees-aux-americains-la-cour-supreme-sceptique-face-aux-droits-de-douane-de-donald-trump","status":"publish","type":"post","link":"https:\/\/www.europesays.com\/fr\/514821\/","title":{"rendered":"\u00ab\u00a0Des taxes impos\u00e9es aux Am\u00e9ricains\u00a0\u00bb\u00a0: la Cour supr\u00eame sceptique face aux droits de douane de Donald Trump"},"content":{"rendered":"<p class=\"paragraph text_align_left lp-f-body-02\">C\u2019est loin d\u2019\u00eatre gagn\u00e9 pour <a href=\"https:\/\/www.leparisien.fr\/international\/etats-unis\/donald-trump\/\" target=\"_blank\" rel=\"noreferrer nofollow noopener\">Donald Trump<\/a> : une majorit\u00e9 de la Cour supr\u00eame a sembl\u00e9 douter mercredi de la l\u00e9galit\u00e9 d\u2019une bonne partie des droits de douane impos\u00e9s par le pr\u00e9sident <a href=\"https:\/\/www.leparisien.fr\/international\/etats-unis\/\" target=\"_blank\" rel=\"noreferrer nofollow noopener\">am\u00e9ricain<\/a>, devenus un instrument majeur de sa politique \u00e9conomique et diplomatique.<\/p>\n<p class=\"paragraph text_align_left lp-f-body-02\">L\u2019audience de pr\u00e8s de trois heures s\u2019est tenue tout juste un an apr\u00e8s l\u2019\u00e9lection qui a ramen\u00e9 Donald Trump \u00e0 la Maison Blanche, d\u2019o\u00f9 il a lanc\u00e9 une offensive protectionniste sans pr\u00e9c\u00e9dent, \u00e0 coups de droits de douane impos\u00e9s \u00e0 tous les pays de la plan\u00e8te.<\/p>\n<p class=\"paragraph text_align_left lp-f-body-02\">En jeu devant les neuf juges, six conservateurs et trois progressistes, la l\u00e9galit\u00e9 de son recours \u00e0 la loi d\u2019urgence \u00e9conomique IEEPA de 1977 pour d\u00e9cr\u00e9ter plusieurs salves de droits de douane, qu\u2019il a ensuite modul\u00e9s au fil des n\u00e9gociations ou brouilles avec les pays vis\u00e9s.<\/p>\n<p class=\"title-embed-dailymotion lp-color-text lp-f-subtitle-04\">Vid\u00e9oTrump met fin \u00e0 des n\u00e9gociations avec le Canada \u00e0 cause d&rsquo;une pub<\/p>\n<p class=\"paragraph text_align_left lp-f-body-02\">Ces droits de douane se traduisent \u00ab par l\u2019imposition de taxes aux Am\u00e9ricains, ce qui a toujours \u00e9t\u00e9 un pouvoir fondamental du Congr\u00e8s \u00bb et non de l\u2019ex\u00e9cutif, a object\u00e9 le pr\u00e9sident de la cour, John Roberts, au conseiller juridique du gouvernement, John Sauer.<\/p>\n<p class=\"paragraph text_align_left lp-f-body-02\">\u00ab Vous dites que les droits de douane ne sont pas des taxes, mais c\u2019est exactement ce qu\u2019ils sont \u00bb, a \u00e9galement relev\u00e9 la juge progressiste Sonia Sotomayor. \u00ab Les droits de douane sont une incitation, un moyen de pression \u00bb, a plaid\u00e9 John Sauer, assurant que l\u2019objectif \u00e9tait \u00ab d\u2019amener les autres pays \u00e0 changer leur comportement et \u00e0 traiter les urgences \u00bb, et non pas d\u2019en tirer des recettes.<\/p>\n<p class=\"paragraph text_align_left lp-f-body-02\">Ces taxes sur les produits import\u00e9s g\u00e9n\u00e8rent des milliards de dollars de recettes et ont permis d\u2019arracher aux partenaires des \u00c9tats-Unis des promesses d\u2019investissements et des conditions plus favorables pour les exportateurs am\u00e9ricains.<\/p>\n<p>\u00ab Ce pr\u00e9sident a d\u00e9moli toute l\u2019architecture \u00bb<\/p>\n<p class=\"paragraph text_align_left lp-f-body-02\">\u00ab Ce pr\u00e9sident a d\u00e9moli toute l\u2019architecture du syst\u00e8me de droits de douane \u00bb, a r\u00e9pliqu\u00e9 Neal Katyal, l\u2019avocat des PME qui les contestent en justice. Jamais le Congr\u00e8s en adoptant la loi IEEPA n\u2019a eu l\u2019intention de permettre au pr\u00e9sident \u00ab de fixer et de modifier les droits de douane sur tous les produits, de tous les pays et \u00e0 tout moment \u00bb, a-t-il affirm\u00e9.<\/p>\n<p class=\"paragraph text_align_left lp-f-body-02\">Le juge conservateur Neil Gorsuch s\u2019est par ailleurs inqui\u00e9t\u00e9 de l\u2019irr\u00e9versibilit\u00e9 d\u2019une d\u00e9l\u00e9gation aussi large des pouvoirs du Congr\u00e8s que l\u2019envisage l\u2019ex\u00e9cutif dans ce dossier. \u00ab Une fois que le Congr\u00e8s d\u00e9l\u00e8gue ses pouvoirs par une majorit\u00e9 simple et que le pr\u00e9sident l\u2019accepte &#8211; et bien s\u00fbr tout pr\u00e9sident signera une loi qui lui donne plus de pouvoir &#8211; le Congr\u00e8s ne pourra pas les r\u00e9cup\u00e9rer sans une super majorit\u00e9 \u00bb, a-t-il pr\u00e9venu.<\/p>\n<p class=\"paragraph text_align_left lp-f-body-02\">Donald Trump, qui a qualifi\u00e9 mardi le maintien de ces droits de douane de <a href=\"https:\/\/www.leparisien.fr\/international\/etats-unis\/une-question-de-vie-ou-de-mort-donald-trump-met-la-pression-sur-la-cour-supreme-qui-va-statuer-sur-les-droits-de-douane-05-11-2025-UKR7OTL3EJEU3KY5PWTOACSLDA.php\" target=\"_blank\" rel=\"noreferrer nofollow noopener\">\u00ab question de vie ou de mort \u00bb<\/a> pour les \u00c9tats-Unis, a d\u00e9p\u00each\u00e9 des responsables de premier plan dans la salle d\u2019audience. Le ministre des Finances Scott Bessent \u00e9tait ainsi pr\u00e9sent. Donald Trump d\u00e9crit les droits de douane comme une solution universelle aux probl\u00e8mes des \u00c9tats-Unis.<\/p>\n<p class=\"paragraph text_align_left lp-f-body-02\">Il se targue de pouvoir ainsi r\u00e9industrialiser le pays, r\u00e9duire son d\u00e9ficit commercial chronique, engranger des recettes fiscales, n\u00e9gocier en position de force avec les autres pays, mais aussi &#8211; en imposant des taxes contre le Mexique, le Canada et la Chine &#8211; juguler la crise du fentanyl, un puissant opiac\u00e9 qui tue par overdose des dizaines de milliers d\u2019Am\u00e9ricains chaque ann\u00e9e.<\/p>\n<p class=\"paragraph text_align_left lp-f-body-02\">Les droits de douane en question mercredi &#8211; distincts de ceux frappant des secteurs pr\u00e9cis, comme l\u2019automobile et l\u2019acier &#8211; ont \u00e9t\u00e9 d\u00e9clar\u00e9s ill\u00e9gaux par plusieurs juridictions f\u00e9d\u00e9rales mais sont rest\u00e9s en vigueur en attendant que la Cour supr\u00eame tranche.<\/p>\n<p class=\"paragraph text_align_left lp-f-body-02\">En cas de rejet de son recours l\u2019administration Trump pourra toujours invoquer d\u2019autres textes, pour imposer des droits de douane, certes avec moins de latitude.<\/p>\n<p class=\"paragraph text_align_left lp-f-body-02\">La Cour se prononcera d\u2019ici le terme de sa session annuelle fin juin, mais sa d\u00e9cision pourrait intervenir rapidement puisqu\u2019elle a accept\u00e9 d\u2019examiner ce dossier selon un calendrier acc\u00e9l\u00e9r\u00e9.<\/p>\n<p class=\"paragraph text_align_left lp-f-body-02\">Elle doit d\u2019ailleurs statuer sur d\u2019autres questions portant sur l\u2019\u00e9tendue des pouvoirs pr\u00e9sidentiels, notamment de r\u00e9vocation des responsables d\u2019organismes ind\u00e9pendants, en particulier \u00e0 la R\u00e9serve f\u00e9d\u00e9rale (banque centrale).<\/p>\n","protected":false},"excerpt":{"rendered":"C\u2019est loin d\u2019\u00eatre gagn\u00e9 pour Donald Trump : une majorit\u00e9 de la Cour supr\u00eame a sembl\u00e9 douter mercredi&hellip;\n","protected":false},"author":2,"featured_media":514822,"comment_status":"","ping_status":"","sticky":false,"template":"","format":"standard","meta":{"footnotes":""},"categories":[1589],"tags":[11,73,1866,14,12,1864,1865,1863,308],"class_list":{"0":"post-514821","1":"post","2":"type-post","3":"status-publish","4":"format-standard","5":"has-post-thumbnail","7":"category-etats-unis","8":"tag-actualites","9":"tag-etats-unis","10":"tag-etats-unis-damerique","11":"tag-international","12":"tag-news","13":"tag-united-states","14":"tag-united-states-of-america","15":"tag-us","16":"tag-usa"},"share_on_mastodon":{"url":"https:\/\/pubeurope.com\/@fr\/115500236392425154","error":""},"_links":{"self":[{"href":"https:\/\/www.europesays.com\/fr\/wp-json\/wp\/v2\/posts\/514821","targetHints":{"allow":["GET"]}}],"collection":[{"href":"https:\/\/www.europesays.com\/fr\/wp-json\/wp\/v2\/posts"}],"about":[{"href":"https:\/\/www.europesays.com\/fr\/wp-json\/wp\/v2\/types\/post"}],"author":[{"embeddable":true,"href":"https:\/\/www.europesays.com\/fr\/wp-json\/wp\/v2\/users\/2"}],"replies":[{"embeddable":true,"href":"https:\/\/www.europesays.com\/fr\/wp-json\/wp\/v2\/comments?post=514821"}],"version-history":[{"count":0,"href":"https:\/\/www.europesays.com\/fr\/wp-json\/wp\/v2\/posts\/514821\/revisions"}],"wp:featuredmedia":[{"embeddable":true,"href":"https:\/\/www.europesays.com\/fr\/wp-json\/wp\/v2\/media\/514822"}],"wp:attachment":[{"href":"https:\/\/www.europesays.com\/fr\/wp-json\/wp\/v2\/media?parent=514821"}],"wp:term":[{"taxonomy":"category","embeddable":true,"href":"https:\/\/www.europesays.com\/fr\/wp-json\/wp\/v2\/categories?post=514821"},{"taxonomy":"post_tag","embeddable":true,"href":"https:\/\/www.europesays.com\/fr\/wp-json\/wp\/v2\/tags?post=514821"}],"curies":[{"name":"wp","href":"https:\/\/api.w.org\/{rel}","templated":true}]}}