{"id":514825,"date":"2025-11-06T01:50:25","date_gmt":"2025-11-06T01:50:25","guid":{"rendered":"https:\/\/www.europesays.com\/fr\/514825\/"},"modified":"2025-11-06T01:50:25","modified_gmt":"2025-11-06T01:50:25","slug":"attaque-incendiaire-contre-la-voiture-du-president-du-groupe-parlementaire-de-lafd-%f0%9f%94%b4-info-libertaire","status":"publish","type":"post","link":"https:\/\/www.europesays.com\/fr\/514825\/","title":{"rendered":"Attaque incendiaire contre la voiture du pr\u00e9sident du groupe parlementaire de l\u2019AfD \u2013 \ud83d\udd34 Info Libertaire"},"content":{"rendered":"<p><\/p>\n<p><a href=\"https:\/\/gsxbcjvcrdl66ycimkwra2nxzwvy2idef4twi7elojuzm5ztt5abqyid.onion\/node\/548975\" target=\"_blank\" rel=\"noopener\">de.indymedia.org<\/a> \/ lundi 3 novembre 2025<\/p>\n<p><strong>Attaque incendiaire contre la voiture du pr\u00e9sident du groupe parlementaire de l\u2019AfD au Bundestag Bernd Baumann<\/strong><\/p>\n<p><a href=\"https:\/\/attaque.noblogs.org\/files\/2025\/11\/HH.jpg\" target=\"_blank\" rel=\"noopener\">Des salutations enflamm\u00e9es aux antifas poursuivi.es par la justice, en taule ou en cavale\u00a0!<\/p>\n<p><\/p>\n<p>Dans la nuit du 3 novembre 2025, nous avons d\u00e9truit, avec un engin incendiaire, la BMW de Bernd Baumann, pr\u00e9sident du groupe des d\u00e9put\u00e9s de l\u2019AfD au Bundestag*, qui \u00e9tait gar\u00e9e au 111 Trenknerweg, dans le quartier Othmarschen de Hambourg.<br \/>Dans quelques semaines, deux grands proc\u00e8s contre des antifas commenceront, \u00e0 Dresde et \u00e0 D\u00fcsseldorf. Treize compas sont accus\u00e9.es de plusieurs attaques contre des nazis et leurs structures, en Allemagne et en Hongrie. Les lourdes condamnations dans le premier proc\u00e8s appel\u00e9 \u00ab\u00a0Antifa Ost\u00a0\u00bb** et dans celui contre Hanna***, en septembre, indiquent une forte volont\u00e9 de condamnation, de la part de la r\u00e9pression. Jusqu\u2019\u00e0 pr\u00e9sent, la justice rencontrait souvent des difficult\u00e9s \u00e0 prononcer des condamnations pour appartenance \u00e0 une organisation criminelle ou terroriste, contre la gauche militante qui n\u2019est pas organis\u00e9e en groupes de gu\u00e9rilla. Maintenant, les dominants essayent d\u2019\u00e9tablir de nouveaux crit\u00e8res. En Hongrie, aux Pays-Bas et aux \u00c9tats-Unis, l\u2019\u00ab\u00a0Antifa\u00a0\u00bb a \u00e9t\u00e9 inscrit sur la liste des opposants \u00ab terroristes \u00bb.<\/p>\n<p>\u00c0 une \u00e9poque o\u00f9 la pratique quotidienne meurtri\u00e8re et raciste des nazis, des gens ordinaires et des flics ne cessent de s\u2019intensifier, o\u00f9 la fermeture face aux r\u00e9fugi\u00e9.es, garantie militairement, de l\u2019Europe, de l\u2019Allemagne ou des \u00c9tats-Unis augmente et o\u00f9 le pr\u00e9sident \u00e9tats-unien radote en disant qu\u2019il aime l\u2019odeur des d\u00e9portations au matin et utilise l\u2019arm\u00e9e contre les protestations antiracistes et la r\u00e9sistance, dans cette \u00e9poque il est urgent de s\u2019organiser de mani\u00e8re militante contre le fascisme. Donc, de faire exactement ce qu\u2019on reproche aujourd\u2019hui aux antifas poursuivi.es par la justice.<\/p>\n<p>Formez une, deux, trois, plusieurs bandes du marteau\u00a0!<\/p>\n<p>Alerta antifascista, que ce soit avec un marteau ou un cocktail Molotov !<\/p>\n<p>Nous ne voulons pas voir de sexistes, de racistes et de fascistes en ville !<\/p>\n<p>All you damn\u2019 MAGAfreaks, you will follow Kirk to hell! [Vous tous, foutus obs\u00e9d\u00e9s du MAGA, vous allez suivre Kirk en enfer !]<\/p>\n<p>Clara, Emmi, Luca, Nele, Moritz, Paula, Henry, Johann, Julian, Melissa, Nanuk, Paul et Tobias\u00a0: beaucoup de force \u00e0 vous, le combat continue\u00a0!<\/p>\n<p>Libert\u00e9 pour Maja, pas d\u2019extradition en Hongrie pour Zaid\u00a0!<\/p>\n<p>Notes d\u2019Attaque\u00a0:<br \/>* le Bundestag est l\u2019\u00e9quivalent de l\u2019Assembl\u00e9e nationale fran\u00e7aise. Le parti d\u2019extr\u00eame droite Alternative f\u00fcr Deutschland y est pr\u00e9sent avec 151 d\u00e9put\u00e9s et il est donc le plus important groupe d\u2019opposition \u00e0 la \u00ab grande coalition \u00bb de gouvernement, compos\u00e9e par la droite (CDU-CSU) et le centre-gauche (SPD).<br \/>** Une affaire r\u00e9pressive par laquelle la justice du Land de Saxe (dans l\u2019est du pays) a jug\u00e9, en mai 2023, quatre camarades antifascistes pour une s\u00e9rie d\u2019agressions contre des n\u00e9onazis, entre 2018 et 2020. Les peines sont all\u00e9es de deux ans et demi \u00e0 cinq ans et trois mois de prison (pour blessures graves et appartenance \u00e0 une organisation criminelle). Lina, la camarade condamn\u00e9e le plus lourdement, car consid\u00e9r\u00e9e comme la cheffe du groupe que flics et journalistes appellent \u00ab\u00a0Hammerband\u00a0\u00bb (bande du marteau), se trouve actuellement en prison.<br \/>Un deuxi\u00e8me proc\u00e8s contre sept antifascistes accus\u00e9.es des m\u00eames faits commencera \u00e0 Dresde le 25 novembre (voir <a href=\"https:\/\/attaque.noblogs.org\/post\/2025\/11\/02\/prison-de-moabit-allemagne-une-breve-mise-a-jour-sur-la-situation-de-nanuk\/\" target=\"_blank\" rel=\"noopener\">ici<\/a> pour ce qui concerne l\u2019un des inculp\u00e9.es).<br \/>*** Camarade antifasciste de Nuremberg, Hanna a \u00e9t\u00e9 condamn\u00e9e \u00e0 cinq ans de prison pour blessures graves et appartenance \u00e0 une organisation criminelle (le parquet l\u2019avait aussi accus\u00e9e de tentative de meurtre), pour les attaques contre des n\u00e9onazis lors de leur c\u00e9l\u00e9bration du \u00ab\u00a0Jour de l\u2019Honneur\u00a0\u00bb, \u00e0 Budapest, en f\u00e9vrier 2023 (dans le cadre donc des multiples proc\u00e8s, qui ont lieu en Hongrie et en Allemagne, pour l\u2019affaire des \u00ab <a href=\"https:\/\/attaque.noblogs.org\/post\/2025\/09\/28\/allemagne-et-hongrie-des-mises-a-jour-sur-les-proces-pour-laffaire-des-antifas-de-budapest\/\" target=\"_blank\" rel=\"noopener\">antifas de Budapest<\/a> \u00bb).<br \/>En plus du proc\u00e8s actuellement en cours \u00e0 Budapest <a href=\"https:\/\/attaque.noblogs.org\/post\/2025\/10\/31\/budapest-hongrie-la-sentence-pour-maja-devrait-tomber-le-22-janvier-prochain\/\" target=\"_blank\" rel=\"noopener\">contre Maja<\/a>, six autres antifas seront <a href=\"https:\/\/attaque.noblogs.org\/post\/2025\/09\/28\/allemagne-et-hongrie-des-mises-a-jour-sur-les-proces-pour-laffaire-des-antifas-de-budapest\/\" target=\"_blank\" rel=\"noopener\">bient\u00f4t jug\u00e9.es<\/a> \u00e0 D\u00fcsseldorf, avec les chefs d\u2019inculpation tr\u00e8s lourds de \u00ab tentative de meurtre \u00bb et \u00ab appartenance \u00e0 une organisation criminelle \u00bb.<\/p>\n<p>L\u2019image de la voiture de Baumann est issue des m\u00e9dias grand public.<\/p>\n<p><br clear=\"both\"\/><\/p>\n<p><\/p>\n<p>\t\t<strong>Source:<\/strong> <a href=\"https:\/\/attaque.noblogs.org\/post\/2025\/11\/05\/hambourg-allemagne-attaque-incendiaire-contre-la-voiture-du-president-du-groupe-parlementaire-de-lafd\/\" target=\"_blank\" rel=\"nofollow noopener\">Attaque.noblogs.org<\/a><br \/>\n\t\t<\/p>\n","protected":false},"excerpt":{"rendered":"de.indymedia.org \/ lundi 3 novembre 2025 Attaque incendiaire contre la voiture du pr\u00e9sident du groupe parlementaire de l\u2019AfD&hellip;\n","protected":false},"author":2,"featured_media":514826,"comment_status":"","ping_status":"","sticky":false,"template":"","format":"standard","meta":{"footnotes":""},"categories":[1587],"tags":[11,672,1804,1805,1803,1777,674,1801,12,1802],"class_list":{"0":"post-514825","1":"post","2":"type-post","3":"status-publish","4":"format-standard","5":"has-post-thumbnail","7":"category-allemagne","8":"tag-actualites","9":"tag-allemagne","10":"tag-bundesrepublik-deutschland","11":"tag-de","12":"tag-deutschland","13":"tag-eu","14":"tag-europe","15":"tag-germany","16":"tag-news","17":"tag-republique-federale-dallemagne"},"share_on_mastodon":{"url":"https:\/\/pubeurope.com\/@fr\/115500248424566198","error":""},"_links":{"self":[{"href":"https:\/\/www.europesays.com\/fr\/wp-json\/wp\/v2\/posts\/514825","targetHints":{"allow":["GET"]}}],"collection":[{"href":"https:\/\/www.europesays.com\/fr\/wp-json\/wp\/v2\/posts"}],"about":[{"href":"https:\/\/www.europesays.com\/fr\/wp-json\/wp\/v2\/types\/post"}],"author":[{"embeddable":true,"href":"https:\/\/www.europesays.com\/fr\/wp-json\/wp\/v2\/users\/2"}],"replies":[{"embeddable":true,"href":"https:\/\/www.europesays.com\/fr\/wp-json\/wp\/v2\/comments?post=514825"}],"version-history":[{"count":0,"href":"https:\/\/www.europesays.com\/fr\/wp-json\/wp\/v2\/posts\/514825\/revisions"}],"wp:featuredmedia":[{"embeddable":true,"href":"https:\/\/www.europesays.com\/fr\/wp-json\/wp\/v2\/media\/514826"}],"wp:attachment":[{"href":"https:\/\/www.europesays.com\/fr\/wp-json\/wp\/v2\/media?parent=514825"}],"wp:term":[{"taxonomy":"category","embeddable":true,"href":"https:\/\/www.europesays.com\/fr\/wp-json\/wp\/v2\/categories?post=514825"},{"taxonomy":"post_tag","embeddable":true,"href":"https:\/\/www.europesays.com\/fr\/wp-json\/wp\/v2\/tags?post=514825"}],"curies":[{"name":"wp","href":"https:\/\/api.w.org\/{rel}","templated":true}]}}