{"id":514827,"date":"2025-11-06T01:51:12","date_gmt":"2025-11-06T01:51:12","guid":{"rendered":"https:\/\/www.europesays.com\/fr\/514827\/"},"modified":"2025-11-06T01:51:12","modified_gmt":"2025-11-06T01:51:12","slug":"avortement-amnesty-alerte-sur-une-vague-de-politiques-regressives-a-travers-leurope","status":"publish","type":"post","link":"https:\/\/www.europesays.com\/fr\/514827\/","title":{"rendered":"Avortement\u00a0: Amnesty alerte sur \u00ab\u00a0une vague de politiques r\u00e9gressives\u00a0\u00bb \u00e0 travers l\u2019Europe"},"content":{"rendered":"<p>Les droits reproductifs, et notamment l\u2019avortement, sont la cible des attaques des r\u00e9actionnaires partout dans le monde. Et <a href=\"https:\/\/www.humanite.fr\/politique\/anti-avortement\/850-millions-deuros-pour-empecher-les-femmes-europeennes-davorter-comment-les-mouvements-anti-ivg-sont-devenus-toujours-plus-riches\" target=\"_blank\" rel=\"noopener\">l\u2019Europe n\u2019\u00e9chappe pas \u00e0 ce constat alarmant<\/a>. Ce sont les conclusions d\u2019un rapport d\u2019Amnesty International publi\u00e9 jeudi 6\u00a0novembre. \u00ab\u00a0La dure r\u00e9alit\u00e9, c\u2019est que malgr\u00e9 d\u2019importants progr\u00e8s r\u00e9alis\u00e9s en Europe, l\u2019acc\u00e8s \u00e0 l\u2019avortement est toujours restreint par un ensemble perturbant d\u2019obstacles visibles et invisibles\u00a0\u00bb, a d\u00e9clar\u00e9 Monica Costa Riba, responsable du travail de campagne sur les droits des femmes \u00e0 Amnesty International.<\/p>\n<p>Hongrie, Turquie, Italie\u2026<\/p>\n<p>\u00ab\u00a0Des victoires durement acquises en mati\u00e8re de droits reproductifs courent un risque grave d\u2019\u00eatre compromises par une vague de politiques r\u00e9gressives soutenues par le mouvement anti-genre et d\u00e9fendues par des politiciens et politiciennes populistes ayant recours \u00e0 des pratiques autoritaires\u00a0\u00bb, s\u2019alarme Monica Costa Riba.<\/p>\n<p>Amnesty dresse <a href=\"https:\/\/www.humanite.fr\/societe\/anti-avortement\/avorter-est-encore-parfois-un-parcours-de-la-combattante-50-ans-apres-sa-legalisation-lacces-a-livg-reste-entrave\" target=\"_blank\" rel=\"noopener\">une longue liste d\u2019obstacles<\/a> administratifs, sociaux et pratiques emp\u00eachant un acc\u00e8s universel \u00e0 l\u2019avortement. En mati\u00e8re m\u00e9dicale par exemple\u00a0: refus de soins pour raisons de conscience, manque de professionnels form\u00e9s, d\u00e9lais d\u2019interruption de grossesse, co\u00fbts \u00e9lev\u00e9s, rendent l\u2019acc\u00e8s \u00e0 l\u2019IVG difficile en Europe.<\/p>\n<p>L\u2019organisation pointe particuli\u00e8rement l\u2019impact de ces obstacles sur \u00ab\u00a0les communaut\u00e9s marginalis\u00e9es\u00a0\u00bb\u00a0: personnes \u00e0 faibles revenus, adolescents, personnes en situation de handicap, personnes LGBTIQ +, travailleuses et travailleurs du sexe, personnes demandeuses d\u2019asile\u2026 Plusieurs \u00c9tats \u00ab\u00a0manquent \u00e0 leur devoir de garantir l\u2019acc\u00e8s \u00e0 l\u2019avortement\u00a0\u00bb, alerte Amnesty International, pointant <a href=\"https:\/\/www.humanite.fr\/societe\/droit-a-lavortement\/en-italie-un-droit-a-livg-en-partie-avorte\" target=\"_blank\" rel=\"noopener\">notamment l\u2019Italie<\/a> ou la Croatie, o\u00f9 les refus de soins \u00ab\u00a0pour des raisons de conscience sont tr\u00e8s r\u00e9pandus\u00a0\u00bb, ou encore la Roumanie o\u00f9 leur nombre augmente.<\/p>\n<p>\u00ab\u00a0Douze pays europ\u00e9ens au moins appliquent toujours un d\u00e9lai d\u2019attente obligatoire m\u00e9dicalement non justifi\u00e9 avant de pouvoir obtenir un avortement l\u00e9gal\u00a0\u00bb, rel\u00e8ve l\u2019ONG, et \u00ab\u00a0treize pays obligent les personnes enceintes \u00e0 assister \u00e0 des consultations de conseil\u00a0\u00bb. En Albanie, en Allemagne, en Belgique, en Hongrie, en Lettonie et au Portugal, le d\u00e9lai d\u2019attente et la consultation de conseil sont tous deux obligatoires, compl\u00e8te Amnesty.<\/p>\n<p>En Hongrie, pays dirig\u00e9 par <a href=\"https:\/\/www.humanite.fr\/medias\/extreme-droite-europeenne\/avec-le-rachat-du-journal-le-plus-lu-en-hongrie-par-ses-proches-viktor-orban-consolide-son-hegemonie\" target=\"_blank\" rel=\"noopener\">le Premier ministre d\u2019extr\u00eame droite Viktor Orb\u00e1n<\/a>, \u00ab\u00a0les personnes qui souhaitent avorter sont oblig\u00e9es d\u2019\u00e9couter les battements de c\u0153ur du f\u0153tus\u00a0\u00bb. En Turquie, les femmes mari\u00e9es de plus de 18\u00a0ans sont oblig\u00e9es d\u2019obtenir le consentement du conjoint pour mettre un terme \u00e0 une grossesse dans le d\u00e9lai limite de 10\u00a0semaines qui leur est imparti.<\/p>\n<p>R\u00e9sultat d\u2019une \u00ab\u00a0rh\u00e9torique raciste et fallacieuse\u00a0\u00bb<\/p>\n<p>\u00ab\u00a0Les efforts d\u00e9ploy\u00e9s pour faire reculer l\u2019acc\u00e8s \u00e0 l\u2019avortement en Europe sont le fait d\u2019un mouvement anti-genre bien financ\u00e9 et transnational\u00a0\u00bb, d\u00e9nonce Amnesty. Ce mouvement est \u00ab\u00a0compos\u00e9 d\u2019institutions et de groupes conservateurs et religieux, de groupes de r\u00e9flexion, d\u2019organisations de la soci\u00e9t\u00e9 civile et <a href=\"https:\/\/www.humanite.fr\/societe\/doctrine-sociale-de-leglise\/extreme-droite-et-cathos-a-la-tete-de-la-reconquista-digitale-des-influenceurs-de-combat\" target=\"_blank\" rel=\"noopener\">d\u2019influenceur\u00b7euse\u00b7s sur les r\u00e9seaux sociaux<\/a>\u00a0\u00bb, selon l\u2019organisation.<\/p>\n<p>L\u00e0 encore, l\u2019ONG pointe la mont\u00e9e en puissance des id\u00e9ologies anti-droits dans la sph\u00e8re politique dans plusieurs pays, notamment <a href=\"https:\/\/www.humanite.fr\/monde\/slovaquie\/union-europeenne-les-pays-de-lest-pronent-un-retour-aux-valeurs-familiales\" target=\"_blank\" rel=\"noopener\">la Croatie, la Slovaquie, l\u2019Italie et la Hongrie<\/a>. Dans ce dernier pays, en plus de la limitation des droits \u00e0 l\u2019avortement, Amnesty rel\u00e8ve \u00e9galement une restriction d\u2019un acc\u00e8s \u00e0 la contraception et \u00e0 la planification familiale. Souvent, ces d\u00e9cisions politiques sont justifi\u00e9es par le faible taux de natalit\u00e9, et par \u00ab\u00a0une rh\u00e9torique raciste et fallacieuse selon laquelle les migrant\u00b7e\u00b7s seraient en train de <a href=\"https:\/\/www.humanite.fr\/politique\/valerie-pecresse\/grand-remplacement-aux-origines-dune-theorie-raciste\" target=\"_blank\" rel=\"noopener\">\u201dremplacer\u201d la population blanche<\/a> \u201dnative\u201d du pays\u00a0\u00bb, observe l\u2019ONG.<\/p>\n<p>Amnesty rel\u00e8ve \u00e9galement la multiplication des actions anti-droits, lors desquels \u00ab\u00a0des militant\u00b7e\u00b7s antiavortement agressifs, parfois violents, manifestent et occupent les abords des \u00e9tablissements sp\u00e9cialis\u00e9s dans la sant\u00e9 sexuelle et reproductive\u00a0\u00bb. En Pologne par exemple, \u00ab\u00a0un centre d\u2019avortement install\u00e9 \u00e0 Varsovie en mars 2025 a r\u00e9guli\u00e8rement fait l\u2019objet de harc\u00e8lement et d\u2019actes d\u2019intimidation de la part de groupes manifestant \u00e0 l\u2019ext\u00e9rieur de l\u2019\u00e9tablissement\u00a0\u00bb, relate l\u2019organisation, qui pointe aussi les attaques de ces m\u00eames groupes <a href=\"https:\/\/www.humanite.fr\/feminisme\/crise-financiere\/entre-coupes-budgetaires-et-offensive-reactionnaire-le-planning-familial-alerte-sur-sa-survie\" target=\"_blank\" rel=\"noopener\">sur des centres de planification familiale en France<\/a>.<\/p>\n<p>\u00ab\u00a0Les gouvernements et les institutions europ\u00e9ens doivent prendre des mesures d\u00e9cisives pour que la fourniture de soins d\u2019avortement soit conforme aux normes internationales en d\u00e9p\u00e9nalisant la proc\u00e9dure, en \u00e9liminant les obstacles existants \u00e0 son acc\u00e8s et en opposant une r\u00e9sistance ferme \u00e0 toute tentative, de la part de groupes anti-droits, de bloquer l\u2019acc\u00e8s en temps opportun \u00e0 des soins d\u2019avortement s\u00fbrs, ce qui constitue un acte dangereux mena\u00e7ant la vie et la sant\u00e9 des personnes\u00a0\u00bb, appelle Monica Costa Riba.<\/p>\n<p>Le journal des intelligences libres<\/p>\n<p>\u00ab C\u2019est par des informations \u00e9tendues et exactes que nous voudrions donner \u00e0 toutes les intelligences libres <strong>le moyen de comprendre et de juger elles-m\u00eames les \u00e9v\u00e9nements du monde<\/strong>. \u00bb<br \/>Tel \u00e9tait <strong>\u00ab\u00a0Notre but\u00a0\u00bb<\/strong>, comme l\u2019\u00e9crivait Jean Jaur\u00e8s dans le premier \u00e9ditorial de l\u2019Humanit\u00e9.<br \/><strong>120 ans plus tard, il n\u2019a pas chang\u00e9. <br \/>Gr\u00e2ce \u00e0 vous. <\/strong><br \/>Soutenez-nous\u00a0! Votre don sera d\u00e9fiscalis\u00e9\u00a0: donner 5\u20ac vous reviendra \u00e0 1.65\u20ac. Le prix d\u2019un caf\u00e9.<br \/><a href=\"https:\/\/www.humanite.fr\/lhumanite-cest-vous\" target=\"_blank\" rel=\"noopener\">Je veux en savoir plus\u00a0!<\/a><\/p>\n","protected":false},"excerpt":{"rendered":"Les droits reproductifs, et notamment l\u2019avortement, sont la cible des attaques des r\u00e9actionnaires partout dans le monde. Et&hellip;\n","protected":false},"author":2,"featured_media":514828,"comment_status":"","ping_status":"","sticky":false,"template":"","format":"standard","meta":{"footnotes":""},"categories":[1586],"tags":[11,4946,63522,475,27689,1777,674,1011,27,7085,12,25],"class_list":{"0":"post-514827","1":"post","2":"type-post","3":"status-publish","4":"format-standard","5":"has-post-thumbnail","7":"category-europe","8":"tag-actualites","9":"tag-amnesty-international","10":"tag-anti-avortement","11":"tag-avortement","12":"tag-droit-u00e0-lavortement","13":"tag-eu","14":"tag-europe","15":"tag-fr","16":"tag-france","17":"tag-ivg","18":"tag-news","19":"tag-republique-francaise"},"share_on_mastodon":{"url":"https:\/\/pubeurope.com\/@fr\/115500252125650518","error":""},"_links":{"self":[{"href":"https:\/\/www.europesays.com\/fr\/wp-json\/wp\/v2\/posts\/514827","targetHints":{"allow":["GET"]}}],"collection":[{"href":"https:\/\/www.europesays.com\/fr\/wp-json\/wp\/v2\/posts"}],"about":[{"href":"https:\/\/www.europesays.com\/fr\/wp-json\/wp\/v2\/types\/post"}],"author":[{"embeddable":true,"href":"https:\/\/www.europesays.com\/fr\/wp-json\/wp\/v2\/users\/2"}],"replies":[{"embeddable":true,"href":"https:\/\/www.europesays.com\/fr\/wp-json\/wp\/v2\/comments?post=514827"}],"version-history":[{"count":0,"href":"https:\/\/www.europesays.com\/fr\/wp-json\/wp\/v2\/posts\/514827\/revisions"}],"wp:featuredmedia":[{"embeddable":true,"href":"https:\/\/www.europesays.com\/fr\/wp-json\/wp\/v2\/media\/514828"}],"wp:attachment":[{"href":"https:\/\/www.europesays.com\/fr\/wp-json\/wp\/v2\/media?parent=514827"}],"wp:term":[{"taxonomy":"category","embeddable":true,"href":"https:\/\/www.europesays.com\/fr\/wp-json\/wp\/v2\/categories?post=514827"},{"taxonomy":"post_tag","embeddable":true,"href":"https:\/\/www.europesays.com\/fr\/wp-json\/wp\/v2\/tags?post=514827"}],"curies":[{"name":"wp","href":"https:\/\/api.w.org\/{rel}","templated":true}]}}