{"id":514835,"date":"2025-11-06T01:56:13","date_gmt":"2025-11-06T01:56:13","guid":{"rendered":"https:\/\/www.europesays.com\/fr\/514835\/"},"modified":"2025-11-06T01:56:13","modified_gmt":"2025-11-06T01:56:13","slug":"le-golf-de-la-riviere-hatee-cherche-preneur","status":"publish","type":"post","link":"https:\/\/www.europesays.com\/fr\/514835\/","title":{"rendered":"Le Golf de la Rivi\u00e8re-H\u00e2t\u00e9e cherche preneur"},"content":{"rendered":"<p><strong>Disponible sur le march\u00e9 depuis 2022, le Golf de la Rivi\u00e8re-H\u00e2t\u00e9e n\u2019a toujours pas trouv\u00e9 preneur. Les propri\u00e9taires, L\u00e9once Ouellet et Olivette D\u2019Astous, lancent une nouvelle offensive pour vendre le parcours neuf trous, l\u2019une des rares dans l\u2019Est-du-Qu\u00e9bec, offert au prix de 760 000 $.<\/strong><\/p>\n<p>La transaction comprend \u00e9galement le champ de pratique, les parcours de mini-golf, frisbee golf, foot golf et foot billard, ainsi que les b\u00e2timents et \u00e9quipements.<\/p>\n<p><a data-no-instant=\"1\" href=\"https:\/\/www.sepaq.com\/chasse\/petit-gibier\/index.dot?language_id=2&amp;utm_source=pronature&amp;utm_medium=email&amp;utm_campaign=sepaq-petit-gibier\" rel=\"noopener nofollow sponsored\" class=\"a2t-link\" target=\"_blank\" aria-label=\"600x500_PGWEB-3230_Petit-gibier\"><img loading=\"lazy\" decoding=\"async\" src=\"https:\/\/www.europesays.com\/fr\/wp-content\/uploads\/2025\/11\/600x500_PGWEB-3230_Petit-gibier.gif\" alt=\"\" width=\"600\" height=\"500\"\/><\/a><\/p>\n<p>Fond\u00e9 en 1991, le Golf de la Rivi\u00e8re-H\u00e2t\u00e9e se distingue en \u00e9tant le seul parcours \u00e9clair\u00e9 de l\u2019Est-du-Qu\u00e9bec. <\/p>\n<p>Il fait partie des cinq terrains situ\u00e9s \u00e0 Rimouski, aux c\u00f4t\u00e9s du Bic sur Mer, des Saules, de L\u2019Empress et de Val-Neigette.<\/p>\n<p><img loading=\"lazy\" decoding=\"async\" width=\"960\" height=\"720\" src=\"https:\/\/www.europesays.com\/fr\/wp-content\/uploads\/2025\/11\/572476108_1416119560522486_6402673911506859291_n.jpg\" alt=\"\" class=\"wp-image-150570\"  \/>Le Golf Rivi\u00e8re-Hat\u00e9e (Photo courtoisie)<\/p>\n","protected":false},"excerpt":{"rendered":"Disponible sur le march\u00e9 depuis 2022, le Golf de la Rivi\u00e8re-H\u00e2t\u00e9e n\u2019a toujours pas trouv\u00e9 preneur. Les propri\u00e9taires,&hellip;\n","protected":false},"author":2,"featured_media":514836,"comment_status":"","ping_status":"","sticky":false,"template":"","format":"standard","meta":{"footnotes":""},"categories":[1418],"tags":[1011,27,1472,60],"class_list":{"0":"post-514835","1":"post","2":"type-post","3":"status-publish","4":"format-standard","5":"has-post-thumbnail","7":"category-golf","8":"tag-fr","9":"tag-france","10":"tag-golf","11":"tag-sports"},"share_on_mastodon":{"url":"https:\/\/pubeurope.com\/@fr\/115500272331039526","error":""},"_links":{"self":[{"href":"https:\/\/www.europesays.com\/fr\/wp-json\/wp\/v2\/posts\/514835","targetHints":{"allow":["GET"]}}],"collection":[{"href":"https:\/\/www.europesays.com\/fr\/wp-json\/wp\/v2\/posts"}],"about":[{"href":"https:\/\/www.europesays.com\/fr\/wp-json\/wp\/v2\/types\/post"}],"author":[{"embeddable":true,"href":"https:\/\/www.europesays.com\/fr\/wp-json\/wp\/v2\/users\/2"}],"replies":[{"embeddable":true,"href":"https:\/\/www.europesays.com\/fr\/wp-json\/wp\/v2\/comments?post=514835"}],"version-history":[{"count":0,"href":"https:\/\/www.europesays.com\/fr\/wp-json\/wp\/v2\/posts\/514835\/revisions"}],"wp:featuredmedia":[{"embeddable":true,"href":"https:\/\/www.europesays.com\/fr\/wp-json\/wp\/v2\/media\/514836"}],"wp:attachment":[{"href":"https:\/\/www.europesays.com\/fr\/wp-json\/wp\/v2\/media?parent=514835"}],"wp:term":[{"taxonomy":"category","embeddable":true,"href":"https:\/\/www.europesays.com\/fr\/wp-json\/wp\/v2\/categories?post=514835"},{"taxonomy":"post_tag","embeddable":true,"href":"https:\/\/www.europesays.com\/fr\/wp-json\/wp\/v2\/tags?post=514835"}],"curies":[{"name":"wp","href":"https:\/\/api.w.org\/{rel}","templated":true}]}}