{"id":514847,"date":"2025-11-06T02:06:18","date_gmt":"2025-11-06T02:06:18","guid":{"rendered":"https:\/\/www.europesays.com\/fr\/514847\/"},"modified":"2025-11-06T02:06:18","modified_gmt":"2025-11-06T02:06:18","slug":"cet-appartement-prouve-que-le-vert-sauge-est-lantidote-parfait-au-chaos","status":"publish","type":"post","link":"https:\/\/www.europesays.com\/fr\/514847\/","title":{"rendered":"Cet appartement prouve que le vert sauge est l\u2019antidote parfait au chaos"},"content":{"rendered":"<p>Au lieu de dissimuler les grosses poutres en b\u00e9ton, dont certaines d\u00e9passaient de 50 centim\u00e8tres, David Iriondo a d\u00e9cid\u00e9 de les int\u00e9grer : \u00ab Nous avons d\u00e9cid\u00e9 d\u2019incorporer les poutres dans la conception de la nouvelle distribution au lieu de les recouvrir, ce qui nous a permis d\u2019obtenir des pi\u00e8ces avec des <a href=\"https:\/\/www.admagazine.fr\/article\/murs-plafonds-bois-tendance\" target=\"_blank\" rel=\"noopener\">plafonds<\/a> pouvant atteindre 270 centim\u00e8tres de hauteur. \u00bb Une d\u00e9cision qui a \u00e9galement marqu\u00e9 l\u2019identit\u00e9 du projet : int\u00e9grer la structure dans le langage architectural.<\/p>\n<p><img decoding=\"async\" alt=\"\u00ab Nous voulions que tous les espaces bnficient de la lumi\u00e8re naturelle et soient aussi lumineux que possible \u00bb souligne...\" loading=\"lazy\" class=\"ResponsiveImageContainer-eNxvmU cfBbTk responsive-image__image\"   src=\"https:\/\/www.europesays.com\/fr\/wp-content\/uploads\/2025\/11\/DIRIONDO%20STUDIO_12&#038;13_JUNIO_2025_DSF3110.jpg\"\/><\/p>\n<p>\u00ab Nous voulions que tous les espaces b\u00e9n\u00e9ficient de la lumi\u00e8re naturelle et soient aussi lumineux que possible \u00bb, souligne l\u2019architecte.<\/p>\n<p>Pablo Gomez Ogando<\/p>\n<p>Le choix des mat\u00e9riaux renforce cette lecture continue de l\u2019espace. Un sol en micro-quartz recouvre toute la maison, \u00e9liminant les joints et les plinthes pour cr\u00e9er une sensation d\u2019espace et de l\u00e9g\u00e8ret\u00e9. Les plafonds, avec une l\u00e9g\u00e8re nuance d\u2019\u00e9mail brillant, multiplient la <a href=\"https:\/\/www.admagazine.fr\/adinspiration\/article\/petits-espaces-6-conseils-faire-entrer-lumiere\" target=\"_blank\" rel=\"noopener\">lumi\u00e8re<\/a> naturelle et adoucissent les transitions.<\/p>\n<p>Une d\u00e9claration d\u2019amour au vert sauge<\/p>\n<p>La touche chromatique la plus reconnaissable du projet est son choix du vert sauge, une teinte subtile mais pleine de caract\u00e8re, appliqu\u00e9e avec intelligence et sans saturation. \u00ab Nous recherchions une couleur qui compl\u00e8te les autres mat\u00e9riaux que nous utilisions : bois de noyer, acier inoxydable bross\u00e9, marbre de Carrare \u00bb, explique David Iriondo. \u00ab Nous avons envisag\u00e9 plusieurs couleurs, et c\u2019est le vert sauge qui nous a convaincus. C\u2019est une <a href=\"https:\/\/www.admagazine.fr\/article\/tendances-2025-couleurs-salon\" target=\"_blank\" rel=\"noopener\">couleur<\/a> nuanc\u00e9e : parfois elle semble plus grise, parfois plus verte, selon la fa\u00e7on dont la lumi\u00e8re la frappe. \u00bb<\/p>\n<p><img decoding=\"async\" alt=\"La douche de lune des salles de bains attenantes.\" loading=\"lazy\" class=\"ResponsiveImageContainer-eNxvmU cfBbTk responsive-image__image\"   src=\"https:\/\/www.europesays.com\/fr\/wp-content\/uploads\/2025\/11\/DIRIONDO%20STUDIO_12&#038;13_JUNIO_2025_DSF3136.jpg\"\/><\/p>\n<p>La douche de l\u2019une des salles de bains attenantes.<\/p>\n<p>Pablo Gomez Ogando<img decoding=\"async\" alt=\"Le marbre de Carrare est \u00e0 lhonneur dans les salles de bains con\u00e7ues comme des espaces de bien\u00eatre et de soins personnels.\" loading=\"lazy\" class=\"ResponsiveImageContainer-eNxvmU cfBbTk responsive-image__image\"   src=\"https:\/\/www.europesays.com\/fr\/wp-content\/uploads\/2025\/11\/DIRIONDO%20STUDIO_12&#038;13_JUNIO_2025_DSF3083.jpg\"\/><\/p>\n<p>Le marbre de Carrare est \u00e0 l\u2019honneur dans les salles de bains, con\u00e7ues comme des espaces de bien-\u00eatre et de soins personnels.<\/p>\n<p>Pablo Gomez Ogando<\/p>\n<p>Il s\u2019agit d\u2019une couleur qui provient de la nature, mais sans tomber dans le litt\u00e9ral. Elle fonctionne comme une couche suppl\u00e9mentaire dans cette palette neutre et min\u00e9rale, un contrepoint chromatique qui rompt l\u2019homog\u00e9n\u00e9it\u00e9 et donne du sens \u00e0 un <a href=\"https:\/\/www.admagazine.fr\/article\/tendances-incontournables-interieur-design-2025\" target=\"_blank\" rel=\"noopener\">int\u00e9rieur<\/a> sobre mais chaleureux.<\/p>\n<p>Le label Iriondo<\/p>\n<p>David Iriondo lui-m\u00eame mentionne une r\u00e9f\u00e9rence qui d\u00e9finit bien l\u2019atmosph\u00e8re du projet : \u00ab Comme source d\u2019inspiration et point de d\u00e9part, nous avons toujours eu \u00e0 l\u2019esprit des espaces tr\u00e8s flexibles, polyvalents, avec une certaine esth\u00e9tique de galerie d\u2019art, le minimalisme de Donald Judd, etc. \u00bb Cette influence se per\u00e7oit dans les volumes affirm\u00e9s, les proportions et l\u2019absence d\u2019artifice. La maison est accueillante parce qu\u2019elle est bien pens\u00e9e.<\/p>\n","protected":false},"excerpt":{"rendered":"Au lieu de dissimuler les grosses poutres en b\u00e9ton, dont certaines d\u00e9passaient de 50 centim\u00e8tres, David Iriondo a&hellip;\n","protected":false},"author":2,"featured_media":514848,"comment_status":"","ping_status":"","sticky":false,"template":"","format":"standard","meta":{"footnotes":""},"categories":[1358],"tags":[1348,1384,1385,63524,1386,58,59,123,1011,27],"class_list":{"0":"post-514847","1":"post","2":"type-post","3":"status-publish","4":"format-standard","5":"has-post-thumbnail","7":"category-arts-et-design","8":"tag-arts","9":"tag-arts-and-design","10":"tag-arts-et-design","11":"tag-couleurs-tendances","12":"tag-design","13":"tag-divertissement","14":"tag-entertainment","15":"tag-espagne","16":"tag-fr","17":"tag-france"},"share_on_mastodon":{"url":"https:\/\/pubeurope.com\/@fr\/115500311730629515","error":""},"_links":{"self":[{"href":"https:\/\/www.europesays.com\/fr\/wp-json\/wp\/v2\/posts\/514847","targetHints":{"allow":["GET"]}}],"collection":[{"href":"https:\/\/www.europesays.com\/fr\/wp-json\/wp\/v2\/posts"}],"about":[{"href":"https:\/\/www.europesays.com\/fr\/wp-json\/wp\/v2\/types\/post"}],"author":[{"embeddable":true,"href":"https:\/\/www.europesays.com\/fr\/wp-json\/wp\/v2\/users\/2"}],"replies":[{"embeddable":true,"href":"https:\/\/www.europesays.com\/fr\/wp-json\/wp\/v2\/comments?post=514847"}],"version-history":[{"count":0,"href":"https:\/\/www.europesays.com\/fr\/wp-json\/wp\/v2\/posts\/514847\/revisions"}],"wp:featuredmedia":[{"embeddable":true,"href":"https:\/\/www.europesays.com\/fr\/wp-json\/wp\/v2\/media\/514848"}],"wp:attachment":[{"href":"https:\/\/www.europesays.com\/fr\/wp-json\/wp\/v2\/media?parent=514847"}],"wp:term":[{"taxonomy":"category","embeddable":true,"href":"https:\/\/www.europesays.com\/fr\/wp-json\/wp\/v2\/categories?post=514847"},{"taxonomy":"post_tag","embeddable":true,"href":"https:\/\/www.europesays.com\/fr\/wp-json\/wp\/v2\/tags?post=514847"}],"curies":[{"name":"wp","href":"https:\/\/api.w.org\/{rel}","templated":true}]}}