{"id":514849,"date":"2025-11-06T02:08:23","date_gmt":"2025-11-06T02:08:23","guid":{"rendered":"https:\/\/www.europesays.com\/fr\/514849\/"},"modified":"2025-11-06T02:08:23","modified_gmt":"2025-11-06T02:08:23","slug":"boris-ne-lache-rien-muriel-mise-en-examen-eve-la-menace-le-resume-de-lepisode-1787-du-jeudi-6-novembre-2025","status":"publish","type":"post","link":"https:\/\/www.europesays.com\/fr\/514849\/","title":{"rendered":"Boris ne l\u00e2che rien, Muriel mise en examen, Eve la menace&#8230; Le r\u00e9sum\u00e9 de l&rsquo;\u00e9pisode 1787 du jeudi 6 novembre 2025"},"content":{"rendered":"<p><b>Jeudi 6 novembre 2025 dans <\/b><b>Un si grand soleil<\/b> &#8211; r\u00e9cemment marqu\u00e9e par<a href=\"https:\/\/www.programme-tv.net\/news\/series-tv\/391061-un-si-grand-soleil-louis-quitte-la-serie-ce-vendredi-31-octobre-2025-son-interprete-sylvain-boccara-devoile-les-vraies-raisons-de-son-depart\/\" data-api-deeplink=\"teleloisirs:\/\/news\/391061\" target=\"_blank\" rel=\"noopener\"> le d\u00e9part de deux acteurs phares<\/a>&#8230; Apr\u00e8s <a href=\"https:\/\/www.programme-tv.net\/news\/series-tv\/391303-un-si-grand-soleil-en-avance-eve-a-la-rage-kira-rencontre-achille-le-resume-de-l-episode-1786-du-mercredi-5-novembre-2025\/\" data-api-deeplink=\"teleloisirs:\/\/news\/391303\" target=\"_blank\" rel=\"noopener\">les aveux de la veille<\/a>, l&rsquo;heure est \u00e0 la confrontation entre Boris et Muriel. En pr\u00e9sence de Florent (<a href=\"https:\/\/www.programme-tv.net\/biographie\/5011-deville-fabrice\/\" data-link-people=\"0786606b-5151-4ee4-8083-f97cad80495e\" target=\"_blank\" rel=\"noopener\">Fabrice Deville<\/a> &#8211; <a href=\"https:\/\/www.programme-tv.net\/news\/series-tv\/380383-je-savais-toujours-que-j-allais-m-en-prendre-plein-la-gueule-fabrice-deville-un-si-grand-soleil-evoque-avec-humour-ses-scenes-avec-marie-gaelle-cals\/\" data-api-deeplink=\"teleloisirs:\/\/news\/380383\" target=\"_blank\" rel=\"noopener\">amus\u00e9 par ses sc\u00e8nes avec Maire-Ga\u00eblle Cals (C\u00e9cile)<\/a>&#8211; et Johanna, Alex leur redemande alors leur version des faits. Tandis que le fils Laumi\u00e8re explique avoir paniqu\u00e9 quand il a vu qu&rsquo;Eliott allait partir avec Toma, l&#8217;employ\u00e9e de L Cosm\u00e9tiques s&rsquo;insurge. Elle lui demande d&rsquo;arr\u00eater de mentir pour la prot\u00e9ger. Mais le fr\u00e8re de Laurine persiste : il a bien tu\u00e9 Eliott. Une situation complexe \u00e9galement pour ma\u00eetre Lemeur et Grasset. Tandis que le second est convaincu de l&rsquo;innocence de son client, la premi\u00e8re pense la m\u00eame chose de la sienne&#8230;<\/p>\n<p>                        Un si grand soleil en avance : Muriel est mise en examen pour complicit\u00e9 de meurtre<\/p>\n<p> De son c\u00f4t\u00e9, Manu ne l\u00e2che pas l&rsquo;affaire. En effet, suite aux nouveaux \u00e9l\u00e9ments apport\u00e9s par Eve, Manu visionne \u00e0 nouveau les vid\u00e9os de surveillance de la zone du garage \u00e0 la recherche de deux individus sur un scooter. Une qu\u00eate qui touche bient\u00f4t \u00e0 son but, quand, par ailleurs, Muriel, elle, subit l&rsquo;intransigeance du juge Laplace. En effet, le magistrat d\u00e9cide de placer la jeune femme en examen pour complicit\u00e9 de meurtre. Une difficile sentence qui n&#8217;emp\u00eache pas la m\u00e8re de Toma de s&rsquo;inqui\u00e9ter pour Boris, effray\u00e9e de voir son fils perdre son beau-p\u00e8re apr\u00e8s son p\u00e8re&#8230;<\/p>\n<p>Un si grand soleil en avance :  Nouveau d\u00e9part pour Lucas, inqui\u00e9tude pour Emma<\/p>\n<p>Alors que tout le monde dort encore, Lucas se l\u00e8ve \u00e0 l&rsquo;aube pour son premier jour de travail. Sur place, il retrouve Dimitri, son nouveau coll\u00e8gue, mais aussi Sybille, sa patronne, sceptique sur les motivations du jeune homme. Mais ce dernier est bien d\u00e9cid\u00e9 \u00e0 r\u00e9aliser ce d\u00e9fi. Aux c\u00f4t\u00e9s de l&rsquo;ex de Sabine, le petit copain d&rsquo;Emma se lance dans un marathon de tractage entre bo\u00eete aux lettres et distribution dans la rue. Le tout dans un esprit de joyeuse camaraderie ! Mais \u00e0 peine a-t-il fini sa journ\u00e9e qu&rsquo;il doit partir \u00e0 son deuxi\u00e8me travail. Un rythme effr\u00e9n\u00e9 qui inqui\u00e8te Emma&#8230; Aux Sauvages, la jeune femme explique \u00e0 Victor que ce dernier bosse plus pour contribuer \u00e0 l&rsquo;achat de sa voiture. Mais, la serveuse n&rsquo;a pas envie que son amoureux fasse tout \u00e7a pour elle, et encore moins de se faire entretenir par lui. Heureusement, elle peut compter sur son patron, mais aussi sur son petit ami pour la rassurer. Aux Sauvages, il finit par ailleurs par apercevoir Alix, qu&rsquo;il fuit. A Ulysse, la galeriste exprime son besoin d&rsquo;\u00eatre l\u00e0 pour lui, tout en esp\u00e9rant \u00eatre un jour pardonn\u00e9. Le soir, alors qu&rsquo;Emma pr\u00e9pare le d\u00eener avec sa m\u00e8re, Lucas s&rsquo;endort, terrass\u00e9 par sa journ\u00e9e&#8230;<\/p>\n<p>            Un si grand soleil en avance : Eve s&rsquo;en prend physiquement \u00e0 Muriel et la menace<\/p>\n<p>Le soir venu, Muriel se rend chez Eve pour r\u00e9cup\u00e9rer Toma, mais la rencontre bascule brutalement, quand la professeure apprend que son ex-belle-fille est accus\u00e9e de complicit\u00e9 de meurtre. Hors d&rsquo;elle, la compagne de Manu lui demande vertement si c&rsquo;est elle qui a tu\u00e9 Eliott. Un \u00e9change vindicatif durant lequel Eve va jusqu&rsquo;\u00e0 menacer Muriel de ne plus la laisser voir Toma. La tension est \u00e0 son comble entre les deux femmes&#8230;<\/p>\n","protected":false},"excerpt":{"rendered":"Jeudi 6 novembre 2025 dans Un si grand soleil &#8211; r\u00e9cemment marqu\u00e9e par le d\u00e9part de deux acteurs&hellip;\n","protected":false},"author":2,"featured_media":514850,"comment_status":"","ping_status":"","sticky":false,"template":"","format":"standard","meta":{"footnotes":""},"categories":[1356],"tags":[244,58,59,1011,27,876,22198,252,1364,9766,26118,26117],"class_list":{"0":"post-514849","1":"post","2":"type-post","3":"status-publish","4":"format-standard","5":"has-post-thumbnail","7":"category-television","8":"tag-commentaire","9":"tag-divertissement","10":"tag-entertainment","11":"tag-fr","12":"tag-france","13":"tag-france-3","14":"tag-france-tv","15":"tag-television","16":"tag-tv","17":"tag-un-si-grand-soleil","18":"tag-un-si-grand-soleil-ru00e9sumu00e9","19":"tag-un-si-grand-soleil-ru00e9sumu00e9-en-avance"},"share_on_mastodon":{"url":"https:\/\/pubeurope.com\/@fr\/115500319015812729","error":""},"_links":{"self":[{"href":"https:\/\/www.europesays.com\/fr\/wp-json\/wp\/v2\/posts\/514849","targetHints":{"allow":["GET"]}}],"collection":[{"href":"https:\/\/www.europesays.com\/fr\/wp-json\/wp\/v2\/posts"}],"about":[{"href":"https:\/\/www.europesays.com\/fr\/wp-json\/wp\/v2\/types\/post"}],"author":[{"embeddable":true,"href":"https:\/\/www.europesays.com\/fr\/wp-json\/wp\/v2\/users\/2"}],"replies":[{"embeddable":true,"href":"https:\/\/www.europesays.com\/fr\/wp-json\/wp\/v2\/comments?post=514849"}],"version-history":[{"count":0,"href":"https:\/\/www.europesays.com\/fr\/wp-json\/wp\/v2\/posts\/514849\/revisions"}],"wp:featuredmedia":[{"embeddable":true,"href":"https:\/\/www.europesays.com\/fr\/wp-json\/wp\/v2\/media\/514850"}],"wp:attachment":[{"href":"https:\/\/www.europesays.com\/fr\/wp-json\/wp\/v2\/media?parent=514849"}],"wp:term":[{"taxonomy":"category","embeddable":true,"href":"https:\/\/www.europesays.com\/fr\/wp-json\/wp\/v2\/categories?post=514849"},{"taxonomy":"post_tag","embeddable":true,"href":"https:\/\/www.europesays.com\/fr\/wp-json\/wp\/v2\/tags?post=514849"}],"curies":[{"name":"wp","href":"https:\/\/api.w.org\/{rel}","templated":true}]}}